{"id":53554,"date":"2023-06-21T15:33:23","date_gmt":"2023-06-21T13:33:23","guid":{"rendered":"https:\/\/www.conselharan.org\/?p=53554"},"modified":"2023-07-11T14:07:39","modified_gmt":"2023-07-11T12:07:39","slug":"maria-verges-escollida-sindica-daran","status":"publish","type":"post","link":"https:\/\/www.conselharan.org\/ca\/maria-verges-escollida-sindica-daran\/","title":{"rendered":"Maria Verg\u00e9s, escollida s\u00edndica d\u2019Aran"},"content":{"rendered":"<p><a href=\"https:\/\/www.conselharan.org\/wp-content\/uploads\/2023\/06\/Whatsapp-presa-possession.jpg\"><img loading=\"lazy\" decoding=\"async\" class=\"aligncenter wp-image-53557 size-large\" src=\"https:\/\/www.conselharan.org\/wp-content\/uploads\/2023\/06\/Whatsapp-presa-possession-1024x682.jpg\" alt=\"\" width=\"1024\" height=\"682\" srcset=\"https:\/\/www.conselharan.org\/wp-content\/uploads\/2023\/06\/Whatsapp-presa-possession-1024x682.jpg 1024w, https:\/\/www.conselharan.org\/wp-content\/uploads\/2023\/06\/Whatsapp-presa-possession-300x200.jpg 300w, https:\/\/www.conselharan.org\/wp-content\/uploads\/2023\/06\/Whatsapp-presa-possession-768x512.jpg 768w, https:\/\/www.conselharan.org\/wp-content\/uploads\/2023\/06\/Whatsapp-presa-possession-1536x1023.jpg 1536w, https:\/\/www.conselharan.org\/wp-content\/uploads\/2023\/06\/Whatsapp-presa-possession.jpg 1600w\" sizes=\"(max-width: 1024px) 100vw, 1024px\" \/><\/a><\/p>\n<ul>\n<li>\n<h3><strong>La Casa deth Senhor d\u2019Arr\u00f2s ha acollit avui la constituci\u00f3 del nou Conselh Generau d\u2019Aran, un Ple on Maria Verg\u00e9s ha estat triada com a s\u00edndica d&#8217;Aran per majoria absoluta<\/strong><\/h3>\n<\/li>\n<li>\n<h3><strong>La s\u00edndica d&#8217;Aran electa ha manifestat durant el seu discurs d&#8217;investidura el seu comprom\u00eds amb el pa\u00eds, amb els aranesos i la instituci\u00f3 i ha assegurat que treballar\u00e0 perqu\u00e8 la ciutadania d&#8217;Aran vegi en el Conselh Generau d\u2019Aran a una instituci\u00f3 forta, moderna i emp\u00e0tica, que \u00e9s indispensable per a millorar la seva qualitat de vida i per a defensar el seu present i futur, i de la qual se sentin orgullosos i orgulloses<\/strong><\/h3>\n<\/li>\n<li>\n<h3><strong>La presa de possessi\u00f3 ha comptat, entre altres autoritats i convidats, amb la pres\u00e8ncia de la presidenta del Parlament de Catalunya<\/strong><\/h3>\n<\/li>\n<\/ul>\n<p>Aquest migdia ha tingut lloc, a la Casa deth Senhor d\u2019Arr\u00f2s (seu institucional del Conselh), el Ple de constituci\u00f3 del nou Conselh Generau d\u2019Aran despr\u00e9s de les eleccions municipals i a la m\u00e0xima instituci\u00f3 aranesa del passat 28 de maig.<\/p>\n<p>En aquest Ple, els tretze conselh\u00e8rs han prom\u00e8s el c\u00e0rrec i, posteriorment, tal com disposa l&#8217;article 41.1 de la Llei de R\u00e8gim Especial d&#8217;Aran, s&#8217;ha triat amb majoria absoluta (amb els vots dels nou conselh\u00e8rs d&#8217;UA) a Maria Verg\u00e9s com a s\u00edndica d&#8217;Aran per als pr\u00f2xims quatre anys.<\/p>\n<p>L&#8217;acte que ha comptat amb la pres\u00e8ncia de la presidenta del Parlament, Anna Erra, el delegat del govern a Catalunya, Carlos Prieto, el secretari general per al Repte Demogr\u00e0fic, Paco Boya, el secretari de Governs Locals i Relacions amb Aran, David Rodr\u00edguez, i el president de la Diputaci\u00f3 de Lleida, entre altres autoritats i convidats.<\/p>\n<p>\u201c<strong>Prenc aquesta responsabilitat amb el major dels respectes al pa\u00eds, a la gent i a la instituci\u00f3,<\/strong> i ho faig juntament amb els magn\u00edfics conselh\u00e8rs del Conselh Generau d\u2019Aran, als quals vull agrair el seu comprom\u00eds i treball per la Val d&#8217;Aran i la seva ciutadania\u201d manifestava la s\u00edndica electa en el seu parlament, on tamb\u00e9 ha volgut destacar que vol \u201c<strong>treballar perqu\u00e8 els aranesos i araneses vegin en el Conselh Generau d\u2019Aran a una instituci\u00f3 forta, moderna i emp\u00e0tica, una instituci\u00f3 que \u00e9s indispensable per a millorar la seva qualitat de vida i per a defensar el seu present i futur, i vull que se sentin orgullosos i orgulloses<\/strong>\u201d.<\/p>\n<p>En aquest sentit, Verg\u00e9s afirmava: \u201c<strong>vull renovar el vincle emocional amb la terra i amb el pa\u00eds, adaptar-lo als nous temps i construir un Aran de tots i per a tots. Perqu\u00e8 no podem parlar d&#8217;Aran com a pa\u00eds si no es governa Aran com un pa\u00eds<\/strong>\u201d, fent \u00e8mfasi en la import\u00e0ncia que t\u00e9 <strong>desenvolupar les m\u00e0ximes quotes d&#8217;autogovern a trav\u00e9s d&#8217;un desplegament efectiu de la Llei de R\u00e8gim Especial d&#8217;Aran<\/strong> per a poder dur a terme una gesti\u00f3 des de la proximitat, que tingui com a objectiu posar a les persones en el centre de les accions i pol\u00edtiques.<\/p>\n<p>Tamb\u00e9 destacava que \u201c<strong>Aran \u00e9s una realitat nacional, dotada de llengua i cultura, d&#8217;autogovern i institucions pr\u00f2pies i \u00e9s la nostra obligaci\u00f3 defensar-les i honorar-les<\/strong>, per\u00f2 nom\u00e9s des del convenciment i consci\u00e8ncia que necessitem empatia i complicitats\u201d, <strong>estenent la m\u00e0 a col\u00b7laborar amb la resta de territoris del Pirineu, amb qui Aran comparteix reptes de futur, aix\u00ed com amb els governs catal\u00e0 i espanyol<\/strong>. \u201cTreballarem per una Val d&#8217;Aran forta, que s&#8217;impulsa cap endavant amb fermesa per\u00f2 tamb\u00e9 amb solidaritat i esperit de col\u00b7laboraci\u00f3 amb la resta de territoris i institucions\u201d.<\/p>\n<p>Segons els resultats electorals, la composici\u00f3 del Conselh Generau d\u2019Aran sorgida de les urnes \u00e9s la seg\u00fcent: <strong>9 conselh\u00e8rs d\u2019Unitat d\u2019Aran i 4 conselh\u00e8rs de Converg\u00e9ncia Aranesa<\/strong>.<\/p>\n<p>El Conselh Generau d\u2019Aran estar\u00e0 format per 13 conselh\u00e8rs distribu\u00efts en els sis \u201cter\u00e7ons\u201d hist\u00f2rics:<\/p>\n<p><strong>Ter\u00e7on de Puj\u00f2lo. 2 membres:<\/strong><\/p>\n<p>-Mgfc. Sr. C\u00e9sar Ruiz- Canela Nieto (CA)<\/p>\n<p>-Mgfc. Sr. Francisco Bruna Capel (UA)<\/p>\n<p><strong>Ter\u00e7on d\u2019Arties e Gar\u00f2s. 2 membres:<\/strong><\/p>\n<p>-Mgfc. Sr. \u00d2scar Canut C\u00f2nsul (CA)<\/p>\n<p>-Mgfc. Sr. Jos\u00e9 Canut Herraiz (UA)<\/p>\n<p><strong>Ter\u00e7on de Casti\u00e8ro. 4 membres:<\/strong><\/p>\n<p>-Mgfca. Sra. Maria Verg\u00e9s P\u00e9rez (UA)<\/p>\n<p>-Mgfc. Sr. Juan Antonio Serrano Iglesias (UA)<\/p>\n<p>&#8211; Mgfc. Sr. Javier Cavero S\u00e1ez (UA)<\/p>\n<p>-Mgfca. Sra. Rosa Maria Salgueiro Puj\u00f2s (CA)<\/p>\n<p><strong>Ter\u00e7on de Marcatosa. 1 membre:<\/strong><\/p>\n<p>&#8211; Mgfca. Sra. Maria Menis Farr\u00e9 (UA)<\/p>\n<p><strong>Ter\u00e7on de Lairissa. 1 membre:<\/strong><\/p>\n<p>-Mgfc. Sr. Oriol Sala S\u00e1nchez (UA)<\/p>\n<p><strong>Ter\u00e7on de Quate L\u00f2cs. 3 membres:<\/strong><\/p>\n<p>-Mgfc. Sr. Amador Marqu\u00e9s At\u00e9s (UA)<\/p>\n<p>-Mgfc. Sr. Andreu Cort\u00e9s Labrid (UA)<\/p>\n<p>-Mgfc. Sr. Francisco Jos\u00e9 Rodr\u00edguez Berart (CA)<\/p>\n ","protected":false},"excerpt":{"rendered":"<p>La Casa deth Senhor d\u2019Arr\u00f2s ha acollit avui la constituci\u00f3 del nou Conselh Generau d\u2019Aran, un Ple on Maria Verg\u00e9s ha estat triada com a s\u00edndica d&#8217;Aran per majoria absoluta La s\u00edndica d&#8217;Aran electa ha manifestat durant el seu discurs d&#8217;investidura el seu comprom\u00eds amb el pa\u00eds, amb els aranesos i la instituci\u00f3 i ha&#8230;<\/p>\n","protected":false},"author":10,"featured_media":53557,"comment_status":"closed","ping_status":"closed","sticky":false,"template":"","format":"standard","meta":{"footnotes":""},"categories":[33],"tags":[],"_links":{"self":[{"href":"https:\/\/www.conselharan.org\/ca\/wp-json\/wp\/v2\/posts\/53554"}],"collection":[{"href":"https:\/\/www.conselharan.org\/ca\/wp-json\/wp\/v2\/posts"}],"about":[{"href":"https:\/\/www.conselharan.org\/ca\/wp-json\/wp\/v2\/types\/post"}],"author":[{"embeddable":true,"href":"https:\/\/www.conselharan.org\/ca\/wp-json\/wp\/v2\/users\/10"}],"replies":[{"embeddable":true,"href":"https:\/\/www.conselharan.org\/ca\/wp-json\/wp\/v2\/comments?post=53554"}],"version-history":[{"count":2,"href":"https:\/\/www.conselharan.org\/ca\/wp-json\/wp\/v2\/posts\/53554\/revisions"}],"predecessor-version":[{"id":53561,"href":"https:\/\/www.conselharan.org\/ca\/wp-json\/wp\/v2\/posts\/53554\/revisions\/53561"}],"wp:featuredmedia":[{"embeddable":true,"href":"https:\/\/www.conselharan.org\/ca\/wp-json\/wp\/v2\/media\/53557"}],"wp:attachment":[{"href":"https:\/\/www.conselharan.org\/ca\/wp-json\/wp\/v2\/media?parent=53554"}],"wp:term":[{"taxonomy":"category","embeddable":true,"href":"https:\/\/www.conselharan.org\/ca\/wp-json\/wp\/v2\/categories?post=53554"},{"taxonomy":"post_tag","embeddable":true,"href":"https:\/\/www.conselharan.org\/ca\/wp-json\/wp\/v2\/tags?post=53554"}],"curies":[{"name":"wp","href":"https:\/\/api.w.org\/{rel}","templated":true}]}}