{"id":53618,"date":"2023-06-30T13:04:00","date_gmt":"2023-06-30T11:04:00","guid":{"rendered":"https:\/\/www.conselharan.org\/talhs-e-afectacions-dera-utmb-ena-val-daran\/"},"modified":"2023-06-30T14:21:33","modified_gmt":"2023-06-30T12:21:33","slug":"talhs-e-afectacions-dera-utmb-ena-val-daran","status":"publish","type":"post","link":"https:\/\/www.conselharan.org\/ca\/talhs-e-afectacions-dera-utmb-ena-val-daran\/","title":{"rendered":"Talls i afectacions de la Val d&#8217;Aran by UTMB"},"content":{"rendered":"<p><a href=\"https:\/\/www.conselharan.org\/wp-content\/uploads\/2023\/06\/WhatsApp-Image-2023-06-30-at-12.56.39.jpeg\"><img loading=\"lazy\" decoding=\"async\" class=\"aligncenter wp-image-53609 size-large\" src=\"https:\/\/www.conselharan.org\/wp-content\/uploads\/2023\/06\/WhatsApp-Image-2023-06-30-at-12.56.39-1024x682.jpeg\" alt=\"\" width=\"1024\" height=\"682\" srcset=\"https:\/\/www.conselharan.org\/wp-content\/uploads\/2023\/06\/WhatsApp-Image-2023-06-30-at-12.56.39-1024x682.jpeg 1024w, https:\/\/www.conselharan.org\/wp-content\/uploads\/2023\/06\/WhatsApp-Image-2023-06-30-at-12.56.39-300x200.jpeg 300w, https:\/\/www.conselharan.org\/wp-content\/uploads\/2023\/06\/WhatsApp-Image-2023-06-30-at-12.56.39-768x512.jpeg 768w, https:\/\/www.conselharan.org\/wp-content\/uploads\/2023\/06\/WhatsApp-Image-2023-06-30-at-12.56.39-1536x1023.jpeg 1536w, https:\/\/www.conselharan.org\/wp-content\/uploads\/2023\/06\/WhatsApp-Image-2023-06-30-at-12.56.39.jpeg 1600w\" sizes=\"(max-width: 1024px) 100vw, 1024px\" \/><\/a><\/p>\n<p>La Val d\u2019Aran acollir\u00e0, durant els dies 5 i 9 de juliol, la tercera edici\u00f3 de la Val d&#8217;Aran by UTMB\u00ae, que provocar\u00e0 una s\u00e8rie de talls i afectacions a la via p\u00fablica.<\/p>\n<p>Consulta-les aqu\u00ed:<\/p>\n<p><a href=\"https:\/\/www.conselharan.org\/wp-content\/uploads\/2023\/06\/FOLLETO-corte-carreteras-2023-BORRADOR.pdf\">Cartell Afectacions<\/a><\/p>\n ","protected":false},"excerpt":{"rendered":"<p>La Val d\u2019Aran acollir\u00e0, durant els dies 5 i 9 de juliol, la tercera edici\u00f3 de la Val d&#8217;Aran by UTMB\u00ae, que provocar\u00e0 una s\u00e8rie de talls i afectacions a la via p\u00fablica. Consulta-les aqu\u00ed: Cartell Afectacions<\/p>\n","protected":false},"author":10,"featured_media":53610,"comment_status":"closed","ping_status":"closed","sticky":false,"template":"","format":"standard","meta":{"footnotes":""},"categories":[33],"tags":[],"_links":{"self":[{"href":"https:\/\/www.conselharan.org\/ca\/wp-json\/wp\/v2\/posts\/53618"}],"collection":[{"href":"https:\/\/www.conselharan.org\/ca\/wp-json\/wp\/v2\/posts"}],"about":[{"href":"https:\/\/www.conselharan.org\/ca\/wp-json\/wp\/v2\/types\/post"}],"author":[{"embeddable":true,"href":"https:\/\/www.conselharan.org\/ca\/wp-json\/wp\/v2\/users\/10"}],"replies":[{"embeddable":true,"href":"https:\/\/www.conselharan.org\/ca\/wp-json\/wp\/v2\/comments?post=53618"}],"version-history":[{"count":2,"href":"https:\/\/www.conselharan.org\/ca\/wp-json\/wp\/v2\/posts\/53618\/revisions"}],"predecessor-version":[{"id":53620,"href":"https:\/\/www.conselharan.org\/ca\/wp-json\/wp\/v2\/posts\/53618\/revisions\/53620"}],"wp:featuredmedia":[{"embeddable":true,"href":"https:\/\/www.conselharan.org\/ca\/wp-json\/wp\/v2\/media\/53610"}],"wp:attachment":[{"href":"https:\/\/www.conselharan.org\/ca\/wp-json\/wp\/v2\/media?parent=53618"}],"wp:term":[{"taxonomy":"category","embeddable":true,"href":"https:\/\/www.conselharan.org\/ca\/wp-json\/wp\/v2\/categories?post=53618"},{"taxonomy":"post_tag","embeddable":true,"href":"https:\/\/www.conselharan.org\/ca\/wp-json\/wp\/v2\/tags?post=53618"}],"curies":[{"name":"wp","href":"https:\/\/api.w.org\/{rel}","templated":true}]}}