{"id":53662,"date":"2023-07-04T14:30:04","date_gmt":"2023-07-04T12:30:04","guid":{"rendered":"https:\/\/www.conselharan.org\/era-val-daran-compdara-damb-era-especialitat-dendocrinologia-en-espitau\/"},"modified":"2023-07-11T14:09:56","modified_gmt":"2023-07-11T12:09:56","slug":"era-val-daran-compdara-damb-era-especialitat-dendocrinologia-en-espitau","status":"publish","type":"post","link":"https:\/\/www.conselharan.org\/ca\/era-val-daran-compdara-damb-era-especialitat-dendocrinologia-en-espitau\/","title":{"rendered":"La Val d&#8217;Aran comptar\u00e0 amb l&#8217;especialitat d&#8217;endocrinologia al seu Hospital"},"content":{"rendered":"<p><a href=\"https:\/\/www.conselharan.org\/wp-content\/uploads\/2023\/01\/IMG_7685-scaled.jpg\"><img loading=\"lazy\" decoding=\"async\" class=\"aligncenter wp-image-51498 size-large\" src=\"https:\/\/www.conselharan.org\/wp-content\/uploads\/2023\/01\/IMG_7685-1024x768.jpg\" alt=\"\" width=\"1024\" height=\"768\" srcset=\"https:\/\/www.conselharan.org\/wp-content\/uploads\/2023\/01\/IMG_7685-1024x768.jpg 1024w, https:\/\/www.conselharan.org\/wp-content\/uploads\/2023\/01\/IMG_7685-300x225.jpg 300w, https:\/\/www.conselharan.org\/wp-content\/uploads\/2023\/01\/IMG_7685-768x576.jpg 768w, https:\/\/www.conselharan.org\/wp-content\/uploads\/2023\/01\/IMG_7685-1536x1152.jpg 1536w, https:\/\/www.conselharan.org\/wp-content\/uploads\/2023\/01\/IMG_7685-2048x1536.jpg 2048w\" sizes=\"(max-width: 1024px) 100vw, 1024px\" \/><\/a><\/p>\n<ul>\n<li>\n<h3><strong>El Conselh Generau d\u2019Aran amplia a partir d&#8217;aquest mes de juliol la cartera de Serveis Assistencials Integrats gr\u00e0cies a la seva alian\u00e7a amb l&#8217;Hospital del Mar, conseguint a l\u2019Espitau Val d&#8217;Aran un nou endocr\u00ed i una educadora de diabetis que visitaran presencialment a la Val d&#8217;Aran cada mes i, setmanalment, realitzaran valoracions telem\u00e0tiques de derivacions, donaran resultats i faran seguiment als pacients<\/strong><\/h3>\n<\/li>\n<\/ul>\n<p>Aquest mes de juliol inicia la col\u00b7laboraci\u00f3 entre els Serveis Assistencials Integrats d&#8217;Aran amb el servei d&#8217;endocr\u00ed de l&#8217;Hospital de la Mar de Barcelona, podent comptar aix\u00ed amb la pres\u00e8ncia a l\u2019Espitau Val d\u2019Aran d&#8217;un endocr\u00ed i una educadora de diabetis cada mes que, a m\u00e9s, realitzaran setmanalment valoracions telem\u00e0tiques de derivacions, brindaran resultats i faran seguiment als pacients.<\/p>\n<p>\u201cGr\u00e0cies a aquesta alian\u00e7a amb l&#8217;Hospital de la Mar, ampliem la cartera de serveis de salut del Conselh Generau d\u2019Aran i continuem treballant per a millorar l&#8217;atenci\u00f3 assistencial als usuaris i usu\u00e0ries del nostre sistema, evitant el m\u00e0xim de despla\u00e7aments possibles fora de la Val d\u2019Aran\u201d, afirmava la s\u00edndica d&#8217;Aran, Maria Verg\u00e9s.<\/p>\n<p>Tamb\u00e9, a trav\u00e9s d&#8217;aquest acord, els professionals d&#8217;Aran comptaran amb el suport dels especialistes de l&#8217;Hospital de la Mar en tot el relatiu a la revisi\u00f3 dels casos, a les sessions cl\u00edniques, formaci\u00f3, etc.<\/p>\n<p>Aquesta nova cartera d&#8217;endocr\u00ed se centrar\u00e0 en: la diabetis gestacional, els trastorns tiroidals durant l&#8217;embar\u00e0s, la diabetis dels adults que no puguin gestionar-se des d&#8217;Atenci\u00f3 Prim\u00e0ria, la patologia tiroidal o paratiroidal, determinats tipus d&#8217;obesitat i qualsevol altre problema endocrinol\u00f2gic que des d&#8217;Atenci\u00f3 Prim\u00e0ria o Medicina Interna es consideri susceptible de derivaci\u00f3 a aquesta especialitat.<\/p>\n<p>La pres\u00e8ncia d&#8217;aquests especialistes endocrins a l\u2019Aran, tant de manera presencial com telem\u00e0tica, permetr\u00e0 a la ciutadania tenir acc\u00e9s a aquesta especialitat en el territori, i tamb\u00e9 facilitar\u00e0 als professionals dels Serveis Assistencials Integrats d&#8217;Aran el suport i la capacitat d&#8217;ampliaci\u00f3 de coneixement en aquesta \u00e0rea i el treball en equip a dist\u00e0ncia.<\/p>\n ","protected":false},"excerpt":{"rendered":"<p>El Conselh Generau d\u2019Aran amplia a partir d&#8217;aquest mes de juliol la cartera de Serveis Assistencials Integrats gr\u00e0cies a la seva alian\u00e7a amb l&#8217;Hospital del Mar, conseguint a l\u2019Espitau Val d&#8217;Aran un nou endocr\u00ed i una educadora de diabetis que visitaran presencialment a la Val d&#8217;Aran cada mes i, setmanalment, realitzaran valoracions telem\u00e0tiques de derivacions,&#8230;<\/p>\n","protected":false},"author":10,"featured_media":51499,"comment_status":"closed","ping_status":"closed","sticky":false,"template":"","format":"standard","meta":{"footnotes":""},"categories":[33,805],"tags":[],"_links":{"self":[{"href":"https:\/\/www.conselharan.org\/ca\/wp-json\/wp\/v2\/posts\/53662"}],"collection":[{"href":"https:\/\/www.conselharan.org\/ca\/wp-json\/wp\/v2\/posts"}],"about":[{"href":"https:\/\/www.conselharan.org\/ca\/wp-json\/wp\/v2\/types\/post"}],"author":[{"embeddable":true,"href":"https:\/\/www.conselharan.org\/ca\/wp-json\/wp\/v2\/users\/10"}],"replies":[{"embeddable":true,"href":"https:\/\/www.conselharan.org\/ca\/wp-json\/wp\/v2\/comments?post=53662"}],"version-history":[{"count":1,"href":"https:\/\/www.conselharan.org\/ca\/wp-json\/wp\/v2\/posts\/53662\/revisions"}],"predecessor-version":[{"id":53663,"href":"https:\/\/www.conselharan.org\/ca\/wp-json\/wp\/v2\/posts\/53662\/revisions\/53663"}],"wp:featuredmedia":[{"embeddable":true,"href":"https:\/\/www.conselharan.org\/ca\/wp-json\/wp\/v2\/media\/51499"}],"wp:attachment":[{"href":"https:\/\/www.conselharan.org\/ca\/wp-json\/wp\/v2\/media?parent=53662"}],"wp:term":[{"taxonomy":"category","embeddable":true,"href":"https:\/\/www.conselharan.org\/ca\/wp-json\/wp\/v2\/categories?post=53662"},{"taxonomy":"post_tag","embeddable":true,"href":"https:\/\/www.conselharan.org\/ca\/wp-json\/wp\/v2\/tags?post=53662"}],"curies":[{"name":"wp","href":"https:\/\/api.w.org\/{rel}","templated":true}]}}