{"id":53763,"date":"2023-07-07T12:16:43","date_gmt":"2023-07-07T10:16:43","guid":{"rendered":"https:\/\/www.conselharan.org\/eth-govern-daran-organize-era-prumera-jornada-dera-energia-renovabla-en-territori\/"},"modified":"2023-07-07T12:23:25","modified_gmt":"2023-07-07T10:23:25","slug":"eth-govern-daran-organize-era-prumera-jornada-dera-energia-renovabla-en-territori","status":"publish","type":"post","link":"https:\/\/www.conselharan.org\/ca\/eth-govern-daran-organize-era-prumera-jornada-dera-energia-renovabla-en-territori\/","title":{"rendered":"El govern d&#8217;Aran organitza la primera Jornada de l&#8217;Energia Renovable al territori"},"content":{"rendered":"<p><a href=\"https:\/\/www.conselharan.org\/wp-content\/uploads\/2023\/07\/WhatsApp-Image-2023-07-07-at-12.15.41.jpeg\"><img loading=\"lazy\" decoding=\"async\" class=\"aligncenter wp-image-53753 size-large\" src=\"https:\/\/www.conselharan.org\/wp-content\/uploads\/2023\/07\/WhatsApp-Image-2023-07-07-at-12.15.41-1024x723.jpeg\" alt=\"\" width=\"1024\" height=\"723\" srcset=\"https:\/\/www.conselharan.org\/wp-content\/uploads\/2023\/07\/WhatsApp-Image-2023-07-07-at-12.15.41-1024x723.jpeg 1024w, https:\/\/www.conselharan.org\/wp-content\/uploads\/2023\/07\/WhatsApp-Image-2023-07-07-at-12.15.41-300x212.jpeg 300w, https:\/\/www.conselharan.org\/wp-content\/uploads\/2023\/07\/WhatsApp-Image-2023-07-07-at-12.15.41-768x542.jpeg 768w, https:\/\/www.conselharan.org\/wp-content\/uploads\/2023\/07\/WhatsApp-Image-2023-07-07-at-12.15.41-1536x1085.jpeg 1536w, https:\/\/www.conselharan.org\/wp-content\/uploads\/2023\/07\/WhatsApp-Image-2023-07-07-at-12.15.41.jpeg 1600w\" sizes=\"(max-width: 1024px) 100vw, 1024px\" \/><\/a><\/p>\n<h3><\/h3>\n<ul>\n<li>\n<h3><strong>El pr\u00f2xim 14 de juliol, el Conselh Generau d\u2019Aran ha organitzat una jornada amb activitats l\u00fadiques i divulgatives centrades en transitar cap a un model energ\u00e8tic m\u00e9s sostenible i respectu\u00f3s amb el medi ambient<\/strong><\/h3>\n<\/li>\n<\/ul>\n<p><strong>El govern del Conselh Generau d\u2019Aran<\/strong> s&#8217;uneix a la campanya promoguda per la Generalitat de Catalunya a trav\u00e9s de l&#8217;Institut Catal\u00e0 d&#8217;Energia (ICAEN) amb motiu de la Setmana Europea de l&#8217;Energia Sostenible i <strong>organitza, per al 14 de juliol, la primera Jornada de l&#8217;Energia Sostenible a l\u2019Aran<\/strong>.<\/p>\n<p>\u201cDes de la m\u00e0xima instituci\u00f3 aranesa fa anys que <strong>apostem per la implementaci\u00f3 de fonts d&#8217;energia renovables al nostre territori<\/strong> i treballem per a poder treure profit de la <strong>biomassa de les nostres muntanyes<\/strong> per a aconseguir <strong>energia neta<\/strong> i, al mateix temps, <strong>cuidar els nostres boscos<\/strong> i evitar la propagaci\u00f3 d&#8217;incendis de sisena generaci\u00f3\u201d, manifestava la s\u00edndica d&#8217;Aran, Maria Verg\u00e9s, afegint que: \u201ctamb\u00e9 tenim un conveni amb l&#8217;Institut Cartogr\u00e0fic i Geol\u00f2gic de Catalunya per a impulsar un <strong>projecte de climatitzaci\u00f3 urbana de fred i calor<\/strong> que pugui donar cobertura a diversos equipaments i edificis de Vielha per mitj\u00e0 d&#8217;una <strong>hibridaci\u00f3 d&#8217;energia geot\u00e8rmica<\/strong>\u201d.<\/p>\n<p>En aquesta Jornada de l&#8217;Energia Renovable es duran a terme <strong>activitats dirigides a la inf\u00e0ncia<\/strong> com el circuit de <strong>motos el\u00e8ctriques<\/strong> patrocinat per Electric Riders per a posar en pr\u00e0ctica la mobilitat sostenible o un <strong>joc sobre el funcionament de les plaques solars<\/strong>, patrocinat per Arantec, entre altres.<\/p>\n<p>Aix\u00ed mateix, hi haur\u00e0 tamb\u00e9 activitats informatives com l&#8217;exposici\u00f3 sobre la <strong>rehabilitaci\u00f3 i la certificaci\u00f3 d&#8217;efici\u00e8ncia energ\u00e8tica<\/strong>, la sessi\u00f3 \u201c<strong>Divulgaci\u00f3 de comunitats energ\u00e8tiques<\/strong>\u201d o la taula rodona sobre el <strong>cam\u00ed cap a la transici\u00f3 energ\u00e8tica<\/strong>. Per a aquestes dues \u00faltimes activitats, ser\u00e0 necessari fer una inscripci\u00f3 pr\u00e8via, confirmant assist\u00e8ncia a l&#8217;email <a href=\"mailto:s.caubet@aran.org\">s.caubet@aran.org<\/a>.<\/p>\n<p>\u201cEl comprom\u00eds d&#8217;aquest govern \u00e9s <strong>transitar cap a un model energ\u00e8tic m\u00e9s net, impulsar les energies renovables<\/strong>, disminuir l&#8217;\u00fas i depend\u00e8ncia de les energies f\u00f2ssils i contribuir aix\u00ed a l&#8217;eliminaci\u00f3 de la petjada de carboni, buscant aconseguir <strong>un futur m\u00e9s sostenible i respectu\u00f3s amb el medi ambient<\/strong>\u201d, assegurava el conseller de Gesti\u00f3 Ambiental i Transici\u00f3 Energ\u00e8tica, Oriol Sala.<\/p>\n ","protected":false},"excerpt":{"rendered":"<p>El pr\u00f2xim 14 de juliol, el Conselh Generau d\u2019Aran ha organitzat una jornada amb activitats l\u00fadiques i divulgatives centrades en transitar cap a un model energ\u00e8tic m\u00e9s sostenible i respectu\u00f3s amb el medi ambient El govern del Conselh Generau d\u2019Aran s&#8217;uneix a la campanya promoguda per la Generalitat de Catalunya a trav\u00e9s de l&#8217;Institut Catal\u00e0&#8230;<\/p>\n","protected":false},"author":10,"featured_media":53754,"comment_status":"closed","ping_status":"closed","sticky":false,"template":"","format":"standard","meta":{"footnotes":""},"categories":[53],"tags":[],"_links":{"self":[{"href":"https:\/\/www.conselharan.org\/ca\/wp-json\/wp\/v2\/posts\/53763"}],"collection":[{"href":"https:\/\/www.conselharan.org\/ca\/wp-json\/wp\/v2\/posts"}],"about":[{"href":"https:\/\/www.conselharan.org\/ca\/wp-json\/wp\/v2\/types\/post"}],"author":[{"embeddable":true,"href":"https:\/\/www.conselharan.org\/ca\/wp-json\/wp\/v2\/users\/10"}],"replies":[{"embeddable":true,"href":"https:\/\/www.conselharan.org\/ca\/wp-json\/wp\/v2\/comments?post=53763"}],"version-history":[{"count":1,"href":"https:\/\/www.conselharan.org\/ca\/wp-json\/wp\/v2\/posts\/53763\/revisions"}],"predecessor-version":[{"id":53764,"href":"https:\/\/www.conselharan.org\/ca\/wp-json\/wp\/v2\/posts\/53763\/revisions\/53764"}],"wp:featuredmedia":[{"embeddable":true,"href":"https:\/\/www.conselharan.org\/ca\/wp-json\/wp\/v2\/media\/53754"}],"wp:attachment":[{"href":"https:\/\/www.conselharan.org\/ca\/wp-json\/wp\/v2\/media?parent=53763"}],"wp:term":[{"taxonomy":"category","embeddable":true,"href":"https:\/\/www.conselharan.org\/ca\/wp-json\/wp\/v2\/categories?post=53763"},{"taxonomy":"post_tag","embeddable":true,"href":"https:\/\/www.conselharan.org\/ca\/wp-json\/wp\/v2\/tags?post=53763"}],"curies":[{"name":"wp","href":"https:\/\/api.w.org\/{rel}","templated":true}]}}