{"id":53792,"date":"2023-07-11T13:12:46","date_gmt":"2023-07-11T11:12:46","guid":{"rendered":"https:\/\/www.conselharan.org\/aue-entre-en-foncionament-eth-tren-toristic-dera-artiga-de-lin\/"},"modified":"2023-10-03T09:26:38","modified_gmt":"2023-10-03T07:26:38","slug":"aue-entre-en-foncionament-eth-tren-toristic-dera-artiga-de-lin","status":"publish","type":"post","link":"https:\/\/www.conselharan.org\/ca\/aue-entre-en-foncionament-eth-tren-toristic-dera-artiga-de-lin\/","title":{"rendered":"Avui entra en funcionament el tren tur\u00edstic de l&#8217;Artiga de Lin"},"content":{"rendered":"<p><a href=\"https:\/\/www.conselharan.org\/wp-content\/uploads\/2023\/07\/PHOTO-2022-07-21-11-12-51.jpg\"><img loading=\"lazy\" decoding=\"async\" class=\"aligncenter wp-image-53784 size-large\" src=\"https:\/\/www.conselharan.org\/wp-content\/uploads\/2023\/07\/PHOTO-2022-07-21-11-12-51-1024x576.jpg\" alt=\"\" width=\"1024\" height=\"576\" srcset=\"https:\/\/www.conselharan.org\/wp-content\/uploads\/2023\/07\/PHOTO-2022-07-21-11-12-51-1024x576.jpg 1024w, https:\/\/www.conselharan.org\/wp-content\/uploads\/2023\/07\/PHOTO-2022-07-21-11-12-51-300x169.jpg 300w, https:\/\/www.conselharan.org\/wp-content\/uploads\/2023\/07\/PHOTO-2022-07-21-11-12-51-768x432.jpg 768w, https:\/\/www.conselharan.org\/wp-content\/uploads\/2023\/07\/PHOTO-2022-07-21-11-12-51.jpg 1416w\" sizes=\"(max-width: 1024px) 100vw, 1024px\" \/><\/a><\/p>\n<ul>\n<li>\n<h3><strong>Aquest servei, que estar\u00e0 actiu fins al 3 de setembre, permet que les persones de totes les edats i condicions puguin gaudir d&#8217;aquest lloc tan emblem\u00e0tic de la Val d&#8217;Aran, al mateix temps que regula l&#8217;acc\u00e9s i redueix la circulaci\u00f3 de vehicles per a accedir.<\/strong><\/h3>\n<\/li>\n<\/ul>\n<p>El Conselh Generau d\u2019Aran ha posat avui en funcionament el tren tur\u00edstic de l&#8217;Artiga de Lin fins al 3 de setembre. Enguany, una vegada m\u00e9s, aquest servei s&#8217;ampliar\u00e0 durant el mes d&#8217;agost amb un tercer vehicle per a evitar aglomeracions a la zona i escur\u00e7ar els temps d&#8217;espera dels usuaris i usu\u00e0ries.<\/p>\n<p>La regulaci\u00f3 de l&#8217;acc\u00e9s motoritzat a la ribera del Jo\u00e8u limita l&#8217;acc\u00e9s de vehicles no autoritzats a la zona. Per aix\u00f2, el servei del tren tur\u00edstic permet que els visitants de totes les edats i condicions puguin gaudir d&#8217;aquest paratge d&#8217;una forma m\u00e9s sostenible i respectuosa amb el medi ambient.<\/p>\n<p>Per al vices\u00edndic i conseller de Governan\u00e7a, Innovaci\u00f3, Economia i Turisme, Amador Marqu\u00e8s: \u201caquesta iniciativa, que compta ja amb una llarga traject\u00f2ria, possibilita a qualsevol persona poder accedir a un lloc tan emblem\u00e0tic de la Val d&#8217;Aran i, tamb\u00e9, ajuda a regular l&#8217;acc\u00e9s a l&#8217;Artiga en una \u00e8poca d&#8217;alta aflu\u00e8ncia\u201d.<\/p>\n<p>El tren tur\u00edstic funcionar\u00e0 en horari de 10.00 a 17.00 hores (l&#8217;\u00faltim trajecte de pujada es realitzar\u00e0 a les 16.30). Els tiquets es podran adquirir al Centre d&#8217;Interpretaci\u00f3 de l&#8217;Artiga de Lin.<\/p>\n<p>El preu del trajecte ser\u00e0 de 2 euros per als adults, 1 euro per als menors d&#8217;11 anys i 1 euro per als gossos. Els menors de 3 anys no necessiten entrada.<\/p>\n ","protected":false},"excerpt":{"rendered":"<p>Aquest servei, que estar\u00e0 actiu fins al 3 de setembre, permet que les persones de totes les edats i condicions puguin gaudir d&#8217;aquest lloc tan emblem\u00e0tic de la Val d&#8217;Aran, al mateix temps que regula l&#8217;acc\u00e9s i redueix la circulaci\u00f3 de vehicles per a accedir. El Conselh Generau d\u2019Aran ha posat avui en funcionament el&#8230;<\/p>\n","protected":false},"author":10,"featured_media":53785,"comment_status":"closed","ping_status":"closed","sticky":false,"template":"","format":"standard","meta":{"footnotes":""},"categories":[33,139],"tags":[],"_links":{"self":[{"href":"https:\/\/www.conselharan.org\/ca\/wp-json\/wp\/v2\/posts\/53792"}],"collection":[{"href":"https:\/\/www.conselharan.org\/ca\/wp-json\/wp\/v2\/posts"}],"about":[{"href":"https:\/\/www.conselharan.org\/ca\/wp-json\/wp\/v2\/types\/post"}],"author":[{"embeddable":true,"href":"https:\/\/www.conselharan.org\/ca\/wp-json\/wp\/v2\/users\/10"}],"replies":[{"embeddable":true,"href":"https:\/\/www.conselharan.org\/ca\/wp-json\/wp\/v2\/comments?post=53792"}],"version-history":[{"count":1,"href":"https:\/\/www.conselharan.org\/ca\/wp-json\/wp\/v2\/posts\/53792\/revisions"}],"predecessor-version":[{"id":53793,"href":"https:\/\/www.conselharan.org\/ca\/wp-json\/wp\/v2\/posts\/53792\/revisions\/53793"}],"wp:featuredmedia":[{"embeddable":true,"href":"https:\/\/www.conselharan.org\/ca\/wp-json\/wp\/v2\/media\/53785"}],"wp:attachment":[{"href":"https:\/\/www.conselharan.org\/ca\/wp-json\/wp\/v2\/media?parent=53792"}],"wp:term":[{"taxonomy":"category","embeddable":true,"href":"https:\/\/www.conselharan.org\/ca\/wp-json\/wp\/v2\/categories?post=53792"},{"taxonomy":"post_tag","embeddable":true,"href":"https:\/\/www.conselharan.org\/ca\/wp-json\/wp\/v2\/tags?post=53792"}],"curies":[{"name":"wp","href":"https:\/\/api.w.org\/{rel}","templated":true}]}}