{"id":53806,"date":"2023-07-12T13:46:10","date_gmt":"2023-07-12T11:46:10","guid":{"rendered":"https:\/\/www.conselharan.org\/exit-deth-coworking-dhepic-en-son-prumer-an-de-foncionament\/"},"modified":"2023-10-03T09:26:33","modified_gmt":"2023-10-03T07:26:33","slug":"exit-deth-coworking-dhepic-en-son-prumer-an-de-foncionament","status":"publish","type":"post","link":"https:\/\/www.conselharan.org\/ca\/exit-deth-coworking-dhepic-en-son-prumer-an-de-foncionament\/","title":{"rendered":"\u00c8xit del coworking de H\u00e8Pic en el seu primer any de funcionament"},"content":{"rendered":"<p><a href=\"https:\/\/www.conselharan.org\/wp-content\/uploads\/2023\/07\/Dise\u00f1o-sin-t\u00edtulo-13.png\"><img loading=\"lazy\" decoding=\"async\" class=\"size-full wp-image-53798 aligncenter\" src=\"https:\/\/www.conselharan.org\/wp-content\/uploads\/2023\/07\/Dise\u00f1o-sin-t\u00edtulo-13.png\" alt=\"\" width=\"1200\" height=\"630\" srcset=\"https:\/\/www.conselharan.org\/wp-content\/uploads\/2023\/07\/Dise\u00f1o-sin-t\u00edtulo-13.png 1200w, https:\/\/www.conselharan.org\/wp-content\/uploads\/2023\/07\/Dise\u00f1o-sin-t\u00edtulo-13-300x158.png 300w, https:\/\/www.conselharan.org\/wp-content\/uploads\/2023\/07\/Dise\u00f1o-sin-t\u00edtulo-13-1024x538.png 1024w, https:\/\/www.conselharan.org\/wp-content\/uploads\/2023\/07\/Dise\u00f1o-sin-t\u00edtulo-13-768x403.png 768w\" sizes=\"(max-width: 1200px) 100vw, 1200px\" \/><\/a><\/p>\n<ul>\n<li>\n<h3><strong>En aquest primer any, el coworking ha rebut 72 sol\u00b7licituds, de les quals 66 han estat persones que han accedit per per\u00edodes inferiors a 15 dies, i 6 persones han tramitat la seva sol\u00b7licitud de llarga estada i treballen all\u00e0 ass\u00edduament. Hi ha hagut tant persones residents a l\u2019Aran com persones recentment establertes en el nostre territori o que visitaven la Val d&#8217;Aran i necessitaven un espai des d&#8217;on teletreballar<\/strong><\/h3>\n<\/li>\n<li>\n<h3><strong>Aquest espai est\u00e0 a la disposici\u00f3 de les persones emprenedores, petites empreses, startups o professionals independents que necessitin un lloc f\u00edsic on desenvolupar els seus projectes, compartint idees i creant una xarxa que fomenta la innovaci\u00f3 en el territori. Les persones interessades, poden contactar a trav\u00e9s de l&#8217;email <a href=\"mailto:infohepic@aran.org\">infohepic@aran.org<\/a><\/strong><\/h3>\n<\/li>\n<\/ul>\n<p>El mes de juny passat va fer un any que el coworking de H\u00e8Pic va obrir les seves portes. Despr\u00e9s de la creaci\u00f3 d&#8217;aquest Centre d&#8217;Innovaci\u00f3 Territorial, es va posar en marxa la configuraci\u00f3 d&#8217;un espai perqu\u00e8, tant les persones que resideixen a la Val d&#8217;Aran, com les persones que ens visiten, poguessin disposar d&#8217;un lloc de treball adaptat a les seves necessitats.<\/p>\n<p>\u201cAquest espai \u00e9s una <strong>mostra de l&#8217;aposta del Conselh Generau d\u2019Aran per la creaci\u00f3, implantaci\u00f3 i expansi\u00f3 de projectes innovadors i sostenibles<\/strong> amb impacte positiu a la Val d&#8217;Aran, i amb la seva implementaci\u00f3 vol\u00edem oferir a les persones emprenedores, petites empreses, startups o professionals independents <strong>un lloc f\u00edsic on treballar, compartir idees i materialitzar el seu projecte amb el suport de l&#8217;administraci\u00f3<\/strong>\u201d, manifestava la s\u00edndica d&#8217;Aran, Maria Verg\u00e9s.<\/p>\n<p>H\u00e8Pic \u00e9s una iniciativa del Conselh Generau d\u2019Aran que gestiona l&#8217;Associaci\u00f3 d&#8217;Innovaci\u00f3 en Territoris de Muntanya, possibilitant una col\u00b7laboraci\u00f3 p\u00fablic privada que dota de dinamisme aquest Centre d&#8217;Innovaci\u00f3 Territorial.<\/p>\n<p>En aquest primer any de treball, <strong>el coworking ha rebut 72 sol\u00b7licituds, de les quals 66 han estat persones que han accedit menys de 15 dies, i 6 persones han tramitat la seva sol\u00b7licitud de llarga estada<\/strong> i treballen all\u00e0 ass\u00edduament.<\/p>\n<p>\u201cAquest espai ofereix un servei que ha perm\u00e8s <strong>generar din\u00e0miques i sinergies entre les persones usu\u00e0ries<\/strong>, connectant persones de diferents \u00e0mbits i sectors, i creiem que \u00e9s un projecte que <strong>permet al nostre territori diversificar la seva economia, progressar i avan\u00e7ar cap a un futur emprenedor i innovador<\/strong>\u201d assegurava el vices\u00edndic i conseller de Governan\u00e7a, Innovaci\u00f3, Economia i Turisme, Amador Marqu\u00e8s.<\/p>\n<p>\u00c9s important destacar que el coworking de H\u00e8Pic <strong>ha estat un espai majorit\u00e0riament freq\u00fcentat per dones treballadores<\/strong>. El 65,28% del total de sol\u00b7licituds han estat dones i el 83,33% de les sol\u00b7licituds de llarga estada tamb\u00e9 han estat per part de dones.<\/p>\n<p>Si vols con\u00e8ixer l&#8217;espai i tramitar la teva sol\u00b7licitud, pots contactar a trav\u00e9s de l&#8217;email <a href=\"mailto:infohepic@aran.org\">infohepic@aran.org<\/a>.<\/p>\n ","protected":false},"excerpt":{"rendered":"<p>En aquest primer any, el coworking ha rebut 72 sol\u00b7licituds, de les quals 66 han estat persones que han accedit per per\u00edodes inferiors a 15 dies, i 6 persones han tramitat la seva sol\u00b7licitud de llarga estada i treballen all\u00e0 ass\u00edduament. Hi ha hagut tant persones residents a l\u2019Aran com persones recentment establertes en el&#8230;<\/p>\n","protected":false},"author":10,"featured_media":53799,"comment_status":"closed","ping_status":"closed","sticky":false,"template":"","format":"standard","meta":{"footnotes":""},"categories":[803,33],"tags":[],"_links":{"self":[{"href":"https:\/\/www.conselharan.org\/ca\/wp-json\/wp\/v2\/posts\/53806"}],"collection":[{"href":"https:\/\/www.conselharan.org\/ca\/wp-json\/wp\/v2\/posts"}],"about":[{"href":"https:\/\/www.conselharan.org\/ca\/wp-json\/wp\/v2\/types\/post"}],"author":[{"embeddable":true,"href":"https:\/\/www.conselharan.org\/ca\/wp-json\/wp\/v2\/users\/10"}],"replies":[{"embeddable":true,"href":"https:\/\/www.conselharan.org\/ca\/wp-json\/wp\/v2\/comments?post=53806"}],"version-history":[{"count":1,"href":"https:\/\/www.conselharan.org\/ca\/wp-json\/wp\/v2\/posts\/53806\/revisions"}],"predecessor-version":[{"id":53807,"href":"https:\/\/www.conselharan.org\/ca\/wp-json\/wp\/v2\/posts\/53806\/revisions\/53807"}],"wp:featuredmedia":[{"embeddable":true,"href":"https:\/\/www.conselharan.org\/ca\/wp-json\/wp\/v2\/media\/53799"}],"wp:attachment":[{"href":"https:\/\/www.conselharan.org\/ca\/wp-json\/wp\/v2\/media?parent=53806"}],"wp:term":[{"taxonomy":"category","embeddable":true,"href":"https:\/\/www.conselharan.org\/ca\/wp-json\/wp\/v2\/categories?post=53806"},{"taxonomy":"post_tag","embeddable":true,"href":"https:\/\/www.conselharan.org\/ca\/wp-json\/wp\/v2\/tags?post=53806"}],"curies":[{"name":"wp","href":"https:\/\/api.w.org\/{rel}","templated":true}]}}