{"id":5381,"date":"2014-11-06T08:00:46","date_gmt":"2014-11-06T07:00:46","guid":{"rendered":"http:\/\/www.conselharan.org\/?p=5381"},"modified":"2014-11-05T20:34:42","modified_gmt":"2014-11-05T19:34:42","slug":"telefonica-y-el-conselh-generau-daran-signen-un-conveni-per-a-millorar-les-infraestructures-de-telecomunicacions","status":"publish","type":"post","link":"https:\/\/www.conselharan.org\/ca\/telefonica-y-el-conselh-generau-daran-signen-un-conveni-per-a-millorar-les-infraestructures-de-telecomunicacions\/","title":{"rendered":"Telef\u00f3nica y el Conselh Generau d\u2019Aran signen un conveni per a millorar les infraestructures de Telecomunicacions"},"content":{"rendered":"<p><strong>La Companyia i el Conselh Generau han signat avui un conveni de col\u2022laboraci\u00f3 per a millorar les infraestructures de comunicaci\u00f3 a la Val d\u2019Aran.<\/strong><\/p>\n<p><strong>Telef\u00f3nica facilitar\u00e0 la cobertura 4G a tota la Val d\u2019Aran.<\/strong><\/p>\n<p><strong>Tamb\u00e9 es milloraran les infraestructures de la xarxa entre Vielha i Les.<\/strong><\/p>\n<p><strong>Millores de connectivitat als refugis de muntanya amb la finalitat de que una bona connexi\u00f3 garanteixi la seguretat dels visitants.<\/strong><\/p>\n<p><a href=\"http:\/\/www.conselharan.org\/wp-content\/uploads\/2014\/11\/telefonica_conveni.jpg\"><img loading=\"lazy\" decoding=\"async\" class=\"aligncenter size-large wp-image-5378\" alt=\"telefonica_conveni\" src=\"http:\/\/www.conselharan.org\/wp-content\/uploads\/2014\/11\/telefonica_conveni-1024x685.jpg\" width=\"1024\" height=\"685\" srcset=\"https:\/\/www.conselharan.org\/wp-content\/uploads\/2014\/11\/telefonica_conveni-1024x685.jpg 1024w, https:\/\/www.conselharan.org\/wp-content\/uploads\/2014\/11\/telefonica_conveni-300x200.jpg 300w\" sizes=\"(max-width: 1024px) 100vw, 1024px\" \/><\/a><\/p>\n<p>El s\u00edndic d\u2019Aran, <strong>Carlos Barrera<\/strong>, el conselh\u00e8r d\u2019Administraci\u00f3 P\u00fablica, Finances i Coneixement d\u2019Aran, <strong>Lu\u00eds Carlos Medina,<\/strong> el conselh\u00e8r de Territori d\u2019Aran, <strong>Eduardo Valdecantos<\/strong>, el director d\u2019Empreses i Administracions p\u00fabliques de Catalunya, <strong>Enrique Santiago<\/strong>, i el conseller de Telef\u00f3nica Catalunya, <strong>Ramon Salabert<\/strong>, han signat avui el conveni de col\u2022laboraci\u00f3 entre el Conselh Generau d\u2019Aran i Telef\u00f3nica per a millorar les infraestructures de telecomunicacions a la zona.<\/p>\n<p>El conveni t\u00e9 com a objectiu aprofitar les sinergies d\u2019ambdues parts per a promoure el desenvolupament sostenible del teixit empresarial, aix\u00ed com afavorir l\u2019emprenedoria i l\u2019economia local, buscant l\u2019equilibri entre les diferents zones de la Val d\u2019Aran.<\/p>\n<p>L\u2019\u00e0mbit del conveni contempla com a aspectes principals la millora de les infraestructures de telecomunicacions, amb la dotaci\u00f3 de cobertura 4G a Baqueira, Beret i Salard\u00fa, i la millora de la xarxa entre Vielha i Les i la col\u2022laboraci\u00f3 amb el Conselh amb l\u2019objectiu de millorar la connexi\u00f3 dels refugis de muntanya aix\u00ed com dels seus sistemes de comunicacions per a prevenir qualsevol incid\u00e8ncia.<\/p>\n<p>En aquesta l\u00ednia d\u2019actuacions, el conveni obre les portes a la col\u2022laboraci\u00f3 entre ambdues parts en l\u2019elaboraci\u00f3 i implementaci\u00f3 d\u2019un pla tecnol\u00f2gic per a promoure el desenvolupament sostenible del teixit empresarial de la Val d\u2019Aran, aprofitant la potencialitat de projectes i sectors estrat\u00e8gics compatibles amb el desenvolupament sostenible de la societat i preservant els recursos ambientals i culturals de la zona.<\/p>\n<p>Tot aix\u00f2, es pret\u00e9n aconseguir a trav\u00e9s de les Tecnologies de la Informaci\u00f3 i la Comunicaci\u00f3 (TIC) i altres sectors que puguin sorgir i desenvolupar-se en el futur, impulsant la competitivitat local i estimulant la cooperaci\u00f3 p\u00fablic-privada mitjan\u00e7ant el foment de la innovaci\u00f3 i les activitats d\u2019R+D+i.<\/p>\n<p><a href=\"http:\/\/www.conselharan.org\/wp-content\/uploads\/2014\/11\/salabert_sindic.jpg\"><img loading=\"lazy\" decoding=\"async\" class=\"aligncenter size-large wp-image-5379\" alt=\"salabert_sindic\" src=\"http:\/\/www.conselharan.org\/wp-content\/uploads\/2014\/11\/salabert_sindic-1024x905.jpg\" width=\"1024\" height=\"905\" srcset=\"https:\/\/www.conselharan.org\/wp-content\/uploads\/2014\/11\/salabert_sindic-1024x905.jpg 1024w, https:\/\/www.conselharan.org\/wp-content\/uploads\/2014\/11\/salabert_sindic-300x265.jpg 300w\" sizes=\"(max-width: 1024px) 100vw, 1024px\" \/><\/a><\/p>\n<p>En paraules del s\u00edndic d\u2019Aran, <strong>Carlos Barrera, \u201cla voluntat del govern del Conselh Generau d\u2019Aran \u00e9s que la signatura d\u2019aquest conveni sigui el comen\u00e7ament d\u2019una col\u2022laboraci\u00f3 amb la companyia Telef\u00f3nica\u201d.<\/strong><\/p>\n<p><strong>Barrera<\/strong> ha afegit que <strong>\u201ces crear\u00e0 una comissi\u00f3 de seguiment per tal de continuar millorant les Telecomunicacions del territori. A partir del proper mes de desembre, totes les estacions de la Val d\u2019Aran comptaran amb la cobertura 4G\u201d.<\/strong><\/p>\n<p><strong>Pel que fa a Telef\u00f3nica a Catalunya<\/strong><\/p>\n<p>Telef\u00f3nica ratifica el seu comprom\u00eds pel benestar econ\u00f2mic i social de Catalunya. Mostra d\u2019aix\u00f2 s\u00f3n els 582 punts de venda, els 243,1 milions d\u2019euros facturats a un total de 290 prove\u00efdors, els cinc centres d\u2019atenci\u00f3 telef\u00f2nica als seus clients a Catalunya, i la contribuci\u00f3 al treball a trav\u00e9s de les 4.210 persones que t\u00e9 en plantilla. A m\u00e9s, Telef\u00f3nica d\u00f3na suport al sector de les TIC, la cultura, l\u2019emprenedoria i l\u2019esport a trav\u00e9s de diferents patrocinis.<\/p>\n<p>El futur de Telef\u00f3nica est\u00e0 lligat al benestar econ\u00f2mic i social de les Comunitats on \u00e9s present. Aquest \u00e9s el nostre objectiu a Catalunya: millorar la vida dels catalans, facilitar el desenvolupament dels negocis i contribuir al progr\u00e9s d\u2019aquesta comunitat aut\u00f2noma. I, per descomptat, el nostre objectiu com a Telco Digital consisteix en apropar el millor de la tecnologia a les persones. Tots formem part d\u2019aquest repte apassionant amb el que hem de poder transformar la nostra realitat econ\u00f2mica i social en una realitat millor per a tots.<\/p>\n ","protected":false},"excerpt":{"rendered":"<p>La Companyia i el Conselh Generau han signat avui un conveni de col\u2022laboraci\u00f3 per a millorar les infraestructures de comunicaci\u00f3 a la Val d\u2019Aran. Telef\u00f3nica facilitar\u00e0 la cobertura 4G a tota la Val d\u2019Aran. Tamb\u00e9 es milloraran les infraestructures de la xarxa entre Vielha i Les. Millores de connectivitat als refugis de muntanya amb la&#8230;<\/p>\n","protected":false},"author":2,"featured_media":5378,"comment_status":"closed","ping_status":"closed","sticky":false,"template":"","format":"standard","meta":{"footnotes":""},"categories":[31,33,36],"tags":[],"_links":{"self":[{"href":"https:\/\/www.conselharan.org\/ca\/wp-json\/wp\/v2\/posts\/5381"}],"collection":[{"href":"https:\/\/www.conselharan.org\/ca\/wp-json\/wp\/v2\/posts"}],"about":[{"href":"https:\/\/www.conselharan.org\/ca\/wp-json\/wp\/v2\/types\/post"}],"author":[{"embeddable":true,"href":"https:\/\/www.conselharan.org\/ca\/wp-json\/wp\/v2\/users\/2"}],"replies":[{"embeddable":true,"href":"https:\/\/www.conselharan.org\/ca\/wp-json\/wp\/v2\/comments?post=5381"}],"version-history":[{"count":1,"href":"https:\/\/www.conselharan.org\/ca\/wp-json\/wp\/v2\/posts\/5381\/revisions"}],"predecessor-version":[{"id":5382,"href":"https:\/\/www.conselharan.org\/ca\/wp-json\/wp\/v2\/posts\/5381\/revisions\/5382"}],"wp:featuredmedia":[{"embeddable":true,"href":"https:\/\/www.conselharan.org\/ca\/wp-json\/wp\/v2\/media\/5378"}],"wp:attachment":[{"href":"https:\/\/www.conselharan.org\/ca\/wp-json\/wp\/v2\/media?parent=5381"}],"wp:term":[{"taxonomy":"category","embeddable":true,"href":"https:\/\/www.conselharan.org\/ca\/wp-json\/wp\/v2\/categories?post=5381"},{"taxonomy":"post_tag","embeddable":true,"href":"https:\/\/www.conselharan.org\/ca\/wp-json\/wp\/v2\/tags?post=5381"}],"curies":[{"name":"wp","href":"https:\/\/api.w.org\/{rel}","templated":true}]}}