{"id":53835,"date":"2023-07-14T13:25:38","date_gmt":"2023-07-14T11:25:38","guid":{"rendered":"https:\/\/www.conselharan.org\/aguesta-dimenjada-comence-era-regulacion-ath-miei-naturau-enes-zones-de-mes-afluencia-dera-val-daran\/"},"modified":"2023-10-03T09:26:23","modified_gmt":"2023-10-03T07:26:23","slug":"aguesta-dimenjada-comence-era-regulacion-ath-miei-naturau-enes-zones-de-mes-afluencia-dera-val-daran","status":"publish","type":"post","link":"https:\/\/www.conselharan.org\/ca\/aguesta-dimenjada-comence-era-regulacion-ath-miei-naturau-enes-zones-de-mes-afluencia-dera-val-daran\/","title":{"rendered":"Aquest cap de setmana comen\u00e7a la regulaci\u00f3 al medi natural en les zones de m\u00e9s aflu\u00e8ncia de la Val d\u2019Aran"},"content":{"rendered":"<p><a href=\"https:\/\/www.conselharan.org\/wp-content\/uploads\/2023\/07\/valdaranphotos__DSC0473-scaled.jpg\"><img loading=\"lazy\" decoding=\"async\" class=\"aligncenter wp-image-53827 size-large\" src=\"https:\/\/www.conselharan.org\/wp-content\/uploads\/2023\/07\/valdaranphotos__DSC0473-1024x683.jpg\" alt=\"\" width=\"1024\" height=\"683\" srcset=\"https:\/\/www.conselharan.org\/wp-content\/uploads\/2023\/07\/valdaranphotos__DSC0473-1024x683.jpg 1024w, https:\/\/www.conselharan.org\/wp-content\/uploads\/2023\/07\/valdaranphotos__DSC0473-300x200.jpg 300w, https:\/\/www.conselharan.org\/wp-content\/uploads\/2023\/07\/valdaranphotos__DSC0473-768x512.jpg 768w, https:\/\/www.conselharan.org\/wp-content\/uploads\/2023\/07\/valdaranphotos__DSC0473-1536x1024.jpg 1536w, https:\/\/www.conselharan.org\/wp-content\/uploads\/2023\/07\/valdaranphotos__DSC0473-2048x1365.jpg 2048w\" sizes=\"(max-width: 1024px) 100vw, 1024px\" \/><\/a><\/p>\n<ul>\n<li>\n<h3><strong>Fins a setembre, el Conselh Generau d\u2019Aran regular\u00e0 l&#8217;acc\u00e9s a Varrad\u00f2s, Artiga de Lin, Aiguam\u00f2g, Valarties, Bassa d\u2019Oles i Bassa d\u2019Arres a trav\u00e9s de diversos controls situats en els accessos a aquests llocs, que limitaran el pas segons l&#8217;ocupaci\u00f3 que hi hagi en els aparcaments per a evitar massificacions<\/strong><\/h3>\n<\/li>\n<\/ul>\n<p>El Conselh Generau d\u2019Aran posa en funcionament a partir de dem\u00e0, 15 de juliol, fins a setembre, les mesures de regulaci\u00f3 al medi natural a les zones on hist\u00f2ricament es detecta m\u00e9s aflu\u00e8ncia durant l&#8217;estiu: Varrad\u00f2s, Artiga de Lin, Aiguam\u00f2g, Valarties, Bassa d\u2019Oles i Bassa d\u2019Arres.<\/p>\n<p>Aquestes mesures s&#8217;implantaran tots els dies en els seg\u00fcents horaris:<\/p>\n<ul>\n<li>Varrad\u00f2s \u2013 De 10.00 a 17.00 hores fins al 3 de setembre.<\/li>\n<li>Artiga de Lin \u2013 De 10.00 a 17.00 hores fins al 3 de setembre.<\/li>\n<li>Aiguam\u00f2g \u2013 De 7.30 a 15.30 hores fins al 10 de setembre.<\/li>\n<li>Valarties \u2013 De 7.30 a 15.30 hores fins al 10 de setembre.<\/li>\n<li>Bassa d\u2019Oles \u2013 De 10.30 a 16.30 hores, a partir del 29 de juliol fins al 3 de setembre.<\/li>\n<li>Bassa d\u2019Arres \u2013 De 10.30 a 16.30 hores, a partir del 29 de juliol fins al 3 de setembre.<\/li>\n<\/ul>\n<p>\u201cUn any m\u00e9s, el Conselh Generau d\u2019Aran torna a implementar diverses mesures per a regular l&#8217;acc\u00e9s a les principals \u00e0rees d&#8217;inter\u00e8s natural a la Val d\u2019Aran per a, d&#8217;una banda, garantir la seguretat dels usuaris i usu\u00e0ries d&#8217;aquestes pistes i millorar la seva experi\u00e8ncia i, per un altra, preservar aquests entorns naturals i evitar la seva massificaci\u00f3\u201d, afirmava el vices\u00edndic i conseller de Governan\u00e7a, Innovaci\u00f3, Economia i Turisme, Amador Marqu\u00e8s, afegint que: \u201camb aquestes mesures volem tamb\u00e9 promocionar entre els nostres visitants altres paratges naturals menys coneguts com a alternativa als punts m\u00e9s emblem\u00e0tics i concorreguts durant aquests mesos\u201d.<\/p>\n<p>Aquesta regulaci\u00f3 es dur\u00e0 a terme, com en anys anteriors, a trav\u00e9s de diversos controls situats en els accessos a aquests llocs, que limitaran el pas segons l&#8217;ocupaci\u00f3 i places lliures que hi hagi en els aparcaments. Un any m\u00e9s, Foment Torisme Val d\u2019Aran brindar\u00e0 informaci\u00f3 a temps real de l&#8217;estat de massificaci\u00f3 d&#8217;aquests punts a trav\u00e9s de la plataforma AparcAran i de l&#8217;app tur\u00edstica GuidAran.<\/p>\n<p>Aix\u00ed mateix, en els pr\u00f2xims dies es posaran pantalles informatives en diversos punts d&#8217;acc\u00e9s a aquestes zones per a brindar tamb\u00e9 informaci\u00f3 sobre l&#8217;estat real d&#8217;ocupaci\u00f3.<\/p>\n<p>Aquesta actuaci\u00f3 es desenvolupa en el marc del Pla de Sostenibilitat Tur\u00edstica de la Val d\u2019Aran, que t\u00e9 com a objectiu millorar els nostres entorns naturals, la mobilitat i la gesti\u00f3 del nostre territori a trav\u00e9s de diverses actuacions centrades en la mobilitat sostenible, la regulaci\u00f3 dels accessos, la diversificaci\u00f3 de l&#8217;oferta tur\u00edstica i la implementaci\u00f3 de les noves tecnologies per a avan\u00e7ar cap a una destinaci\u00f3 intel\u00b7ligent i sostenible.<\/p>\n ","protected":false},"excerpt":{"rendered":"<p>Fins a setembre, el Conselh Generau d\u2019Aran regular\u00e0 l&#8217;acc\u00e9s a Varrad\u00f2s, Artiga de Lin, Aiguam\u00f2g, Valarties, Bassa d\u2019Oles i Bassa d\u2019Arres a trav\u00e9s de diversos controls situats en els accessos a aquests llocs, que limitaran el pas segons l&#8217;ocupaci\u00f3 que hi hagi en els aparcaments per a evitar massificacions El Conselh Generau d\u2019Aran posa en&#8230;<\/p>\n","protected":false},"author":10,"featured_media":53828,"comment_status":"closed","ping_status":"closed","sticky":false,"template":"","format":"standard","meta":{"footnotes":""},"categories":[33,139],"tags":[],"_links":{"self":[{"href":"https:\/\/www.conselharan.org\/ca\/wp-json\/wp\/v2\/posts\/53835"}],"collection":[{"href":"https:\/\/www.conselharan.org\/ca\/wp-json\/wp\/v2\/posts"}],"about":[{"href":"https:\/\/www.conselharan.org\/ca\/wp-json\/wp\/v2\/types\/post"}],"author":[{"embeddable":true,"href":"https:\/\/www.conselharan.org\/ca\/wp-json\/wp\/v2\/users\/10"}],"replies":[{"embeddable":true,"href":"https:\/\/www.conselharan.org\/ca\/wp-json\/wp\/v2\/comments?post=53835"}],"version-history":[{"count":1,"href":"https:\/\/www.conselharan.org\/ca\/wp-json\/wp\/v2\/posts\/53835\/revisions"}],"predecessor-version":[{"id":53836,"href":"https:\/\/www.conselharan.org\/ca\/wp-json\/wp\/v2\/posts\/53835\/revisions\/53836"}],"wp:featuredmedia":[{"embeddable":true,"href":"https:\/\/www.conselharan.org\/ca\/wp-json\/wp\/v2\/media\/53828"}],"wp:attachment":[{"href":"https:\/\/www.conselharan.org\/ca\/wp-json\/wp\/v2\/media?parent=53835"}],"wp:term":[{"taxonomy":"category","embeddable":true,"href":"https:\/\/www.conselharan.org\/ca\/wp-json\/wp\/v2\/categories?post=53835"},{"taxonomy":"post_tag","embeddable":true,"href":"https:\/\/www.conselharan.org\/ca\/wp-json\/wp\/v2\/tags?post=53835"}],"curies":[{"name":"wp","href":"https:\/\/api.w.org\/{rel}","templated":true}]}}