{"id":53866,"date":"2023-07-18T14:19:54","date_gmt":"2023-07-18T12:19:54","guid":{"rendered":"https:\/\/www.conselharan.org\/era-val-daran-supere-es-70-000-seguidors-en-instagram-gracies-as-accions-de-promocion-toristica\/"},"modified":"2023-10-03T09:25:32","modified_gmt":"2023-10-03T07:25:32","slug":"era-val-daran-supere-es-70-000-seguidors-en-instagram-gracies-as-accions-de-promocion-toristica","status":"publish","type":"post","link":"https:\/\/www.conselharan.org\/ca\/era-val-daran-supere-es-70-000-seguidors-en-instagram-gracies-as-accions-de-promocion-toristica\/","title":{"rendered":"La Val d\u2019Aran supera els 70.000 seguidors a Instagram gr\u00e0cies a les accions de promoci\u00f3 tur\u00edstica"},"content":{"rendered":"<p><a href=\"https:\/\/www.conselharan.org\/wp-content\/uploads\/2023\/07\/WhatsApp-Image-2023-07-18-at-14.04.31.jpeg\"><img loading=\"lazy\" decoding=\"async\" class=\"aligncenter wp-image-53858 size-large\" src=\"https:\/\/www.conselharan.org\/wp-content\/uploads\/2023\/07\/WhatsApp-Image-2023-07-18-at-14.04.31-1024x461.jpeg\" alt=\"\" width=\"1024\" height=\"461\" srcset=\"https:\/\/www.conselharan.org\/wp-content\/uploads\/2023\/07\/WhatsApp-Image-2023-07-18-at-14.04.31-1024x461.jpeg 1024w, https:\/\/www.conselharan.org\/wp-content\/uploads\/2023\/07\/WhatsApp-Image-2023-07-18-at-14.04.31-300x135.jpeg 300w, https:\/\/www.conselharan.org\/wp-content\/uploads\/2023\/07\/WhatsApp-Image-2023-07-18-at-14.04.31-768x346.jpeg 768w, https:\/\/www.conselharan.org\/wp-content\/uploads\/2023\/07\/WhatsApp-Image-2023-07-18-at-14.04.31-1536x692.jpeg 1536w, https:\/\/www.conselharan.org\/wp-content\/uploads\/2023\/07\/WhatsApp-Image-2023-07-18-at-14.04.31.jpeg 2016w\" sizes=\"(max-width: 1024px) 100vw, 1024px\" \/><\/a><\/p>\n<ul>\n<li>\n<h3><strong>El departament de Turisme del Conselh Generau d\u2019Aran ha dut a terme durant els \u00faltims mesos una s\u00e8rie d&#8217;accions, a nivell nacional i internacional, a trav\u00e9s de mitjans de comunicaci\u00f3, Tour Operadors i influencers per a promocionar la Val d\u2019Aran que han tingut una molt bona repercussi\u00f3 tant a nivell de xarxes socials com de pres\u00e8ncia en premsa<\/strong><\/h3>\n<\/li>\n<\/ul>\n<p>Foment Torisme Val d\u2019Aran ha dut a terme durant la primavera una s\u00e8rie d&#8217;accions promocionals per a donar a con\u00e8ixer el nostre territori, tant a nivell nacional com internacional.<\/p>\n<p>\u201cEl departament de Turisme duu a terme una gran feina de promoci\u00f3 de la Val d\u2019Aran durant tot l&#8217;any, per\u00f2 \u00e9s necessari destacar les accions dutes a terme aquests mesos d&#8217;abril, maig i juny en els quals hem acollit un elevat nombre de visites de periodistes, Tour Operadors i influencers que han donat a con\u00e8ixer les nombroses activitats de muntanya que es poden realitzar al nostre territori durant la primavera i l&#8217;estiu, els nostres paisatges, cultura i gastronomia\u201d, explicava el vices\u00edndic i conseller de Governan\u00e7a, Innovaci\u00f3, Economia i Turisme, Amador Marqu\u00e8s.<\/p>\n<p>En aquests mesos, s&#8217;han gravat reportatges per a mitjans de comunicaci\u00f3 com TVE sobre la nostra natura, cultura i gastronomia, ens han visitat grups de periodistes alemanys acompanyats per membres de l&#8217;Oficina Espanyola del Turisme (OET) per a promocionar l&#8217;oferta de muntanya i l&#8217;encant dels pobles aranesos al mercat internacional, i es publicar\u00e0 tamb\u00e9 un reportatge en una rellevant revista del Regne Unit sobre l&#8217;oferta de la bicicleta gravel, entre altres.<\/p>\n<p>El mes de juny s&#8217;han acollit dos viatges amb Tour Operadors internacionals, un d&#8217;ells amb agents procedents de pa\u00efsos com l&#8217;\u00cdndia, Fran\u00e7a, Pol\u00f2nia o el Jap\u00f3, que van venir a trav\u00e9s de l&#8217;Ag\u00e8ncia Catalana de Turisme i el Patronat de Turisme de les Terres de Lleida, especialitzats en el tipus de client premium. L&#8217;altre Tour Operador que ens ha visitat, estava especialitzat en el mercat brit\u00e0nic, amb especial inter\u00e8s en els esports outdoor i la nostra oferta gastron\u00f2mica.<\/p>\n<p>Aix\u00ed mateix, durant tota la primavera, hem acollit un elevat n\u00famero de influencers especialitzats en viatges i en la promoci\u00f3 de les destinacions tur\u00edstiques, que han aportat un impacte molt positiu a les xarxes socials amb els seus continguts gravats a la Val d\u2019Aran. Aquest impacte ha repercutit positivament en les xarxes oficials de la Val d\u2019Aran, superant el compte oficial a Instagram de turisme del nostre territori els 70.000 seguidors.<\/p>\n<p>Totes aquestes actuacions s&#8217;emmarquen dins del Pla de Sostenibilitat Tur\u00edstica de la Val d\u2019Aran on es contempla, dins de les seves l\u00ednies estrat\u00e8giques per a la promoci\u00f3 del dest\u00ed, la desestacionalitzaci\u00f3 a trav\u00e9s de campanyes amb influencers i amb mercats internacionals, promovent un model tur\u00edstic relacionat amb la sostenibilitat.<\/p>\n ","protected":false},"excerpt":{"rendered":"<p>El departament de Turisme del Conselh Generau d\u2019Aran ha dut a terme durant els \u00faltims mesos una s\u00e8rie d&#8217;accions, a nivell nacional i internacional, a trav\u00e9s de mitjans de comunicaci\u00f3, Tour Operadors i influencers per a promocionar la Val d\u2019Aran que han tingut una molt bona repercussi\u00f3 tant a nivell de xarxes socials com de&#8230;<\/p>\n","protected":false},"author":10,"featured_media":53859,"comment_status":"closed","ping_status":"closed","sticky":false,"template":"","format":"standard","meta":{"footnotes":""},"categories":[33,139],"tags":[],"_links":{"self":[{"href":"https:\/\/www.conselharan.org\/ca\/wp-json\/wp\/v2\/posts\/53866"}],"collection":[{"href":"https:\/\/www.conselharan.org\/ca\/wp-json\/wp\/v2\/posts"}],"about":[{"href":"https:\/\/www.conselharan.org\/ca\/wp-json\/wp\/v2\/types\/post"}],"author":[{"embeddable":true,"href":"https:\/\/www.conselharan.org\/ca\/wp-json\/wp\/v2\/users\/10"}],"replies":[{"embeddable":true,"href":"https:\/\/www.conselharan.org\/ca\/wp-json\/wp\/v2\/comments?post=53866"}],"version-history":[{"count":1,"href":"https:\/\/www.conselharan.org\/ca\/wp-json\/wp\/v2\/posts\/53866\/revisions"}],"predecessor-version":[{"id":53867,"href":"https:\/\/www.conselharan.org\/ca\/wp-json\/wp\/v2\/posts\/53866\/revisions\/53867"}],"wp:featuredmedia":[{"embeddable":true,"href":"https:\/\/www.conselharan.org\/ca\/wp-json\/wp\/v2\/media\/53859"}],"wp:attachment":[{"href":"https:\/\/www.conselharan.org\/ca\/wp-json\/wp\/v2\/media?parent=53866"}],"wp:term":[{"taxonomy":"category","embeddable":true,"href":"https:\/\/www.conselharan.org\/ca\/wp-json\/wp\/v2\/categories?post=53866"},{"taxonomy":"post_tag","embeddable":true,"href":"https:\/\/www.conselharan.org\/ca\/wp-json\/wp\/v2\/tags?post=53866"}],"curies":[{"name":"wp","href":"https:\/\/api.w.org\/{rel}","templated":true}]}}