{"id":53882,"date":"2023-07-19T13:45:32","date_gmt":"2023-07-19T11:45:32","guid":{"rendered":"https:\/\/www.conselharan.org\/eth-conselh-generau-daran-met-en-marcha-eth-programa-audeth-de-huec-ta-fomentar-eth-benestar-juvenil-e-era-salut-mentau\/"},"modified":"2023-10-03T09:25:15","modified_gmt":"2023-10-03T07:25:15","slug":"eth-conselh-generau-daran-met-en-marcha-eth-programa-audeth-de-huec-ta-fomentar-eth-benestar-juvenil-e-era-salut-mentau","status":"publish","type":"post","link":"https:\/\/www.conselharan.org\/ca\/eth-conselh-generau-daran-met-en-marcha-eth-programa-audeth-de-huec-ta-fomentar-eth-benestar-juvenil-e-era-salut-mentau\/","title":{"rendered":"El Conselh Generau d\u2019Aran posa en marxa el programa \u201cAud\u00e8th de Huec\u201d per a fomentar el benestar juvenil i la salut mental"},"content":{"rendered":"<p><a href=\"https:\/\/www.conselharan.org\/wp-content\/uploads\/2023\/07\/Aud\u00e8th-de-huec_Mesa-de-trabajo-1.png\"><img loading=\"lazy\" decoding=\"async\" class=\"aligncenter wp-image-53873 size-large\" src=\"https:\/\/www.conselharan.org\/wp-content\/uploads\/2023\/07\/Aud\u00e8th-de-huec_Mesa-de-trabajo-1-1024x1024.png\" alt=\"\" width=\"1024\" height=\"1024\" srcset=\"https:\/\/www.conselharan.org\/wp-content\/uploads\/2023\/07\/Aud\u00e8th-de-huec_Mesa-de-trabajo-1-1024x1024.png 1024w, https:\/\/www.conselharan.org\/wp-content\/uploads\/2023\/07\/Aud\u00e8th-de-huec_Mesa-de-trabajo-1-300x300.png 300w, https:\/\/www.conselharan.org\/wp-content\/uploads\/2023\/07\/Aud\u00e8th-de-huec_Mesa-de-trabajo-1-150x150.png 150w, https:\/\/www.conselharan.org\/wp-content\/uploads\/2023\/07\/Aud\u00e8th-de-huec_Mesa-de-trabajo-1-768x768.png 768w, https:\/\/www.conselharan.org\/wp-content\/uploads\/2023\/07\/Aud\u00e8th-de-huec_Mesa-de-trabajo-1-1536x1536.png 1536w, https:\/\/www.conselharan.org\/wp-content\/uploads\/2023\/07\/Aud\u00e8th-de-huec_Mesa-de-trabajo-1-2048x2048.png 2048w, https:\/\/www.conselharan.org\/wp-content\/uploads\/2023\/07\/Aud\u00e8th-de-huec_Mesa-de-trabajo-1-270x270.png 270w, https:\/\/www.conselharan.org\/wp-content\/uploads\/2023\/07\/Aud\u00e8th-de-huec_Mesa-de-trabajo-1-207x207.png 207w, https:\/\/www.conselharan.org\/wp-content\/uploads\/2023\/07\/Aud\u00e8th-de-huec_Mesa-de-trabajo-1-75x75.png 75w\" sizes=\"(max-width: 1024px) 100vw, 1024px\" \/><\/a><\/p>\n<ul>\n<li>\n<h3><strong>Aquest projecte d&#8217;atenci\u00f3 a la joventut est\u00e0 dirigit a les persones d&#8217;entre 16 i 30 anys, especialment aquelles amb problemes de salut mental, que rebran un acompanyament per a aconseguir una autonomia personal i una millora de la seva qualitat de vida, i se&#8217;ls brindaran els recursos necessaris adaptats a les seves inquietuds, motivacions i interessos<\/strong><\/h3>\n<\/li>\n<\/ul>\n<p>El Conselh Generau d\u2019Aran, a trav\u00e9s de Serveis Assistencials Integrats d&#8217;Aran, ha posat en funcionament el programa \u201cAud\u00e8th de Huec\u201d per a fomentar el benestar i la salut mental de la joventut al nostre territori.<\/p>\n<p>\u201cAquest programa, que es desenvolupa juntament amb els territoris de l&#8217;Alt Pirineu, busca donar resposta a les necessitats derivades de l&#8217;atur juvenil i de l&#8217;aband\u00f3 prematur dels estudis, que sovint est\u00e0 relacionat amb una deterioraci\u00f3 en la salut mental i f\u00edsica d&#8217;aquests joves, i que tenen probabilitats m\u00e9s altes de patir atur de llarga durada, de tenir salaris m\u00e9s baixos o condicions de treball prec\u00e0ries, entre altres\u201d, afirmava la consellera de Joventut<\/p>\n<p>\u201cPer al govern del Conselh Generau d\u2019Aran \u00e9s prioritari posar en el centre de les pol\u00edtiques l&#8217;atenci\u00f3 a les persones i, per aix\u00f2, creiem que \u00e9s molt important vetllar pel benestar i la salut f\u00edsica i mental de la nostra joventut\u201d assegurava la s\u00edndica d&#8217;Aran, Maria Verg\u00e9s, afegint que: \u201cesperem, amb aquest programa, poder-los oferir un instrument d&#8217;utilitat per a aconseguir la seva inserci\u00f3 laboral o la recuperaci\u00f3 del seu itinerari formatiu i que puguin trobar un espai on interactuar amb altres joves, informar-se dels recursos i oportunitats del territori, exposar les seves idees i crear una comunitat\u201d.<\/p>\n<p>A la Val d\u2019Aran, la joventut interessada en aquest programa rebr\u00e0 acompanyament individual alhora que tindr\u00e0 espais grupals de trobada que els permetin teixir una xarxa de suport. Aix\u00f2 es far\u00e0 mitjan\u00e7ant activitats diverses i adaptades a les inquietuds, motivacions i interessos de la joventut.<\/p>\n<p>Totes les persones joves de la Val d\u2019Aran que vulguin participar en el programa, poden contactar a trav\u00e9s del correu: <a href=\"mailto:audethdehuec@aransalut.com\">audethdehuec@aransalut.com<\/a>, per mitj\u00e0 de WhatsApp al tel\u00e8fon: 6654030713 o presencialment al punt de trobada \u201cEth Nin donis Joeni\u201d (Carrer Pomar\u00f2la, 12, baixos. Vielha). Les atencions es fan habitualment en l&#8217;espai del Punt de Trobada, per\u00f2 existeix la possibilitat que el personal es desplaci a un altre lloc sota demanda. Tamb\u00e9 poden assabentar-se de totes les activitats i novetats del programa a trav\u00e9s de l&#8217;Instagram: @ocelldefoc_altpirineuiaran.<\/p>\n<p>Aquest \u00e9s un projecte que es desenvolupa junt amb les comarques de l&#8217;Alt Pirineu i Aran. Est\u00e0 format per una entitat guia, Alba Juss\u00e0, que \u00e9s la representant de l&#8217;agrupaci\u00f3 i coordina les altres entitats sentin\u00e8l\u00b7la que formen part del grup, totes elles impulsores del projecte. Aquestes entitats sentin\u00e8l\u00b7la s\u00f3n l\u2019Associaci\u00f3 Reintegra (Pallars Juss\u00e0 i Sobir\u00e0), Fundaci\u00f3 Antisida Lleida (Alta Ribagor\u00e7a), Fundaci\u00f3 Privada ADIS (Cerdanya), Fundaci\u00f3 Privada Integra Pirineus (Alt Urgell) i Aran Salut (Val d&#8217;Aran). Paral\u00b7lelament, tamb\u00e9 formen part del programa les entitats sat\u00e8l\u00b7lit, que tenen la funci\u00f3 de donar suport al projecte i l&#8217;acompanyen per afavorir-ne l&#8217;\u00e8xit i la viabilitat., Igualtat i Inclusi\u00f3 Social, Maria Menis.<\/p>\n ","protected":false},"excerpt":{"rendered":"<p>Aquest projecte d&#8217;atenci\u00f3 a la joventut est\u00e0 dirigit a les persones d&#8217;entre 16 i 30 anys, especialment aquelles amb problemes de salut mental, que rebran un acompanyament per a aconseguir una autonomia personal i una millora de la seva qualitat de vida, i se&#8217;ls brindaran els recursos necessaris adaptats a les seves inquietuds, motivacions i&#8230;<\/p>\n","protected":false},"author":10,"featured_media":53874,"comment_status":"closed","ping_status":"closed","sticky":false,"template":"","format":"standard","meta":{"footnotes":""},"categories":[53,797],"tags":[],"_links":{"self":[{"href":"https:\/\/www.conselharan.org\/ca\/wp-json\/wp\/v2\/posts\/53882"}],"collection":[{"href":"https:\/\/www.conselharan.org\/ca\/wp-json\/wp\/v2\/posts"}],"about":[{"href":"https:\/\/www.conselharan.org\/ca\/wp-json\/wp\/v2\/types\/post"}],"author":[{"embeddable":true,"href":"https:\/\/www.conselharan.org\/ca\/wp-json\/wp\/v2\/users\/10"}],"replies":[{"embeddable":true,"href":"https:\/\/www.conselharan.org\/ca\/wp-json\/wp\/v2\/comments?post=53882"}],"version-history":[{"count":1,"href":"https:\/\/www.conselharan.org\/ca\/wp-json\/wp\/v2\/posts\/53882\/revisions"}],"predecessor-version":[{"id":53883,"href":"https:\/\/www.conselharan.org\/ca\/wp-json\/wp\/v2\/posts\/53882\/revisions\/53883"}],"wp:featuredmedia":[{"embeddable":true,"href":"https:\/\/www.conselharan.org\/ca\/wp-json\/wp\/v2\/media\/53874"}],"wp:attachment":[{"href":"https:\/\/www.conselharan.org\/ca\/wp-json\/wp\/v2\/media?parent=53882"}],"wp:term":[{"taxonomy":"category","embeddable":true,"href":"https:\/\/www.conselharan.org\/ca\/wp-json\/wp\/v2\/categories?post=53882"},{"taxonomy":"post_tag","embeddable":true,"href":"https:\/\/www.conselharan.org\/ca\/wp-json\/wp\/v2\/tags?post=53882"}],"curies":[{"name":"wp","href":"https:\/\/api.w.org\/{rel}","templated":true}]}}