{"id":53897,"date":"2023-07-20T14:23:20","date_gmt":"2023-07-20T12:23:20","guid":{"rendered":"https:\/\/www.conselharan.org\/eth-conselh-generau-daran-implemente-era-campanha-de-sensibilizacion-camins-compartits\/"},"modified":"2023-07-20T14:26:19","modified_gmt":"2023-07-20T12:26:19","slug":"eth-conselh-generau-daran-implemente-era-campanha-de-sensibilizacion-camins-compartits","status":"publish","type":"post","link":"https:\/\/www.conselharan.org\/ca\/eth-conselh-generau-daran-implemente-era-campanha-de-sensibilizacion-camins-compartits\/","title":{"rendered":"El Conselh Generau d\u2019Aran implementa la campanya de sensibilitzaci\u00f3 \u201cCamins Compartits\u201d"},"content":{"rendered":"<p><a href=\"https:\/\/www.conselharan.org\/wp-content\/uploads\/2023\/07\/DSC8816-scaled.jpg\"><img loading=\"lazy\" decoding=\"async\" class=\"aligncenter wp-image-53889 size-large\" src=\"https:\/\/www.conselharan.org\/wp-content\/uploads\/2023\/07\/DSC8816-scaled-e1689855770594-819x1024.jpg\" alt=\"\" width=\"819\" height=\"1024\" srcset=\"https:\/\/www.conselharan.org\/wp-content\/uploads\/2023\/07\/DSC8816-scaled-e1689855770594-819x1024.jpg 819w, https:\/\/www.conselharan.org\/wp-content\/uploads\/2023\/07\/DSC8816-scaled-e1689855770594-240x300.jpg 240w, https:\/\/www.conselharan.org\/wp-content\/uploads\/2023\/07\/DSC8816-scaled-e1689855770594-768x960.jpg 768w, https:\/\/www.conselharan.org\/wp-content\/uploads\/2023\/07\/DSC8816-scaled-e1689855770594-1229x1536.jpg 1229w, https:\/\/www.conselharan.org\/wp-content\/uploads\/2023\/07\/DSC8816-scaled-e1689855770594-1638x2048.jpg 1638w, https:\/\/www.conselharan.org\/wp-content\/uploads\/2023\/07\/DSC8816-scaled-e1689855770594.jpg 2048w\" sizes=\"(max-width: 819px) 100vw, 819px\" \/><\/a><\/p>\n<ul>\n<li>\n<h3><strong>L&#8217;objectiu principal d&#8217;aquesta campanya \u00e9s conscienciar sobre la conviv\u00e8ncia del ciclisme, en totes les seves modalitats, el senderisme i altres activitats amb diferents p\u00fablics a les nostres muntanyes i camins, perqu\u00e8 siguin un espai segur i amable per a tots els p\u00fablics<\/strong><\/h3>\n<\/li>\n<\/ul>\n<p>El departament de Turisme del Conselh Generau d\u2019Aran inicia avui la seva campanya de sensibilitzaci\u00f3 \u201cCamins Compartits\u201d, per a conscienciar sobre la conviv\u00e8ncia del ciclisme, en totes les seves modalitats, el senderisme i altres activitats amb diferents p\u00fablics a les nostres muntanyes i camins.<\/p>\n<p>\u201cDes del govern d&#8217;Aran volem que les nostres muntanyes siguin un espai segur i amable per a tots els p\u00fablics, on les diferents activitats que poden realitzar-se convisquin i hi hagi respecte\u201d assegurava el vices\u00edndic i conseller de Governan\u00e7a, Innovaci\u00f3, Economia i Turisme, Amador Marqu\u00e8s, afegint que: \u201cper aquest motiu, era per a nosaltres primordial que el Pla de Sostenibilitat Tur\u00edstica de la Val d&#8217;Aran contempl\u00e9s aquesta campanya de sensibilitzaci\u00f3, que ens ha d&#8217;ajudar a crear consci\u00e8ncia en els camins compartits\u201d.<\/p>\n<p>La campanya, que s&#8217;inicia avui amb la sortida del primer v\u00eddeo de \u201cCamins Compartits\u201d, on un guia de bicicleta de muntanya comparteix la seva experi\u00e8ncia i insta els usuaris i usu\u00e0ries que practiquen aquesta modalitat a reduir la velocitat i estar atents en aquells camins amb pres\u00e8ncia habitual de senderistes.<\/p>\n<p>Aix\u00ed mateix, m\u00e9s enll\u00e0 dels diferents v\u00eddeos que s&#8217;aniran compartint en xarxes socials, es dur\u00e0 a terme una senyalitzaci\u00f3 dels camins demanant respecte i conviv\u00e8ncia entre les diferents activitats, s&#8217;habilitar\u00e0 a la p\u00e0gina web <a href=\"http:\/\/www.visitvaldaran.com\">www.visitvaldaran.com<\/a> un apartat on brindar tota la informaci\u00f3 sobre aquest afer i es duran a terme, de manera presencial i telem\u00e0tica, enquestes per a con\u00e8ixer els perfils dels usuaris i estudiar quines accions es podrien realitzar.<\/p>\n ","protected":false},"excerpt":{"rendered":"<p>L&#8217;objectiu principal d&#8217;aquesta campanya \u00e9s conscienciar sobre la conviv\u00e8ncia del ciclisme, en totes les seves modalitats, el senderisme i altres activitats amb diferents p\u00fablics a les nostres muntanyes i camins, perqu\u00e8 siguin un espai segur i amable per a tots els p\u00fablics El departament de Turisme del Conselh Generau d\u2019Aran inicia avui la seva campanya&#8230;<\/p>\n","protected":false},"author":10,"featured_media":53890,"comment_status":"closed","ping_status":"closed","sticky":false,"template":"","format":"standard","meta":{"footnotes":""},"categories":[139],"tags":[],"_links":{"self":[{"href":"https:\/\/www.conselharan.org\/ca\/wp-json\/wp\/v2\/posts\/53897"}],"collection":[{"href":"https:\/\/www.conselharan.org\/ca\/wp-json\/wp\/v2\/posts"}],"about":[{"href":"https:\/\/www.conselharan.org\/ca\/wp-json\/wp\/v2\/types\/post"}],"author":[{"embeddable":true,"href":"https:\/\/www.conselharan.org\/ca\/wp-json\/wp\/v2\/users\/10"}],"replies":[{"embeddable":true,"href":"https:\/\/www.conselharan.org\/ca\/wp-json\/wp\/v2\/comments?post=53897"}],"version-history":[{"count":1,"href":"https:\/\/www.conselharan.org\/ca\/wp-json\/wp\/v2\/posts\/53897\/revisions"}],"predecessor-version":[{"id":53898,"href":"https:\/\/www.conselharan.org\/ca\/wp-json\/wp\/v2\/posts\/53897\/revisions\/53898"}],"wp:featuredmedia":[{"embeddable":true,"href":"https:\/\/www.conselharan.org\/ca\/wp-json\/wp\/v2\/media\/53890"}],"wp:attachment":[{"href":"https:\/\/www.conselharan.org\/ca\/wp-json\/wp\/v2\/media?parent=53897"}],"wp:term":[{"taxonomy":"category","embeddable":true,"href":"https:\/\/www.conselharan.org\/ca\/wp-json\/wp\/v2\/categories?post=53897"},{"taxonomy":"post_tag","embeddable":true,"href":"https:\/\/www.conselharan.org\/ca\/wp-json\/wp\/v2\/tags?post=53897"}],"curies":[{"name":"wp","href":"https:\/\/api.w.org\/{rel}","templated":true}]}}