{"id":54209,"date":"2023-09-12T14:39:19","date_gmt":"2023-09-12T12:39:19","guid":{"rendered":"https:\/\/www.conselharan.org\/era-colha-santa-maria-de-mijaran-hestege-es-sons-50-ans\/"},"modified":"2023-10-03T09:23:20","modified_gmt":"2023-10-03T07:23:20","slug":"era-colha-santa-maria-de-mijaran-hestege-es-sons-50-ans","status":"publish","type":"post","link":"https:\/\/www.conselharan.org\/ca\/era-colha-santa-maria-de-mijaran-hestege-es-sons-50-ans\/","title":{"rendered":"La C\u00f2lha Santa Maria de Mijaran festeja els seus 50 anys"},"content":{"rendered":"<p><a href=\"https:\/\/www.conselharan.org\/wp-content\/uploads\/2023\/09\/50-ans-de-c\u00f2lha.jpg\"><img loading=\"lazy\" decoding=\"async\" class=\"aligncenter wp-image-54201 size-large\" src=\"https:\/\/www.conselharan.org\/wp-content\/uploads\/2023\/09\/50-ans-de-c\u00f2lha-724x1024.jpg\" alt=\"\" width=\"724\" height=\"1024\" srcset=\"https:\/\/www.conselharan.org\/wp-content\/uploads\/2023\/09\/50-ans-de-c\u00f2lha-724x1024.jpg 724w, https:\/\/www.conselharan.org\/wp-content\/uploads\/2023\/09\/50-ans-de-c\u00f2lha-212x300.jpg 212w, https:\/\/www.conselharan.org\/wp-content\/uploads\/2023\/09\/50-ans-de-c\u00f2lha-768x1086.jpg 768w, https:\/\/www.conselharan.org\/wp-content\/uploads\/2023\/09\/50-ans-de-c\u00f2lha-1086x1536.jpg 1086w, https:\/\/www.conselharan.org\/wp-content\/uploads\/2023\/09\/50-ans-de-c\u00f2lha-1448x2048.jpg 1448w, https:\/\/www.conselharan.org\/wp-content\/uploads\/2023\/09\/50-ans-de-c\u00f2lha.jpg 1587w\" sizes=\"(max-width: 724px) 100vw, 724px\" \/><\/a><\/p>\n<ul>\n<li>\n<h3><strong>Aquest cap de setmana, els dies 15 i 16 de setembre, la C\u00f2lha Santa Maria de Mijaran celebrar\u00e0 els seus 50 anys amb dos actes commemoratius per a posar en valor l&#8217;aportaci\u00f3 musical i cultural d&#8217;aquesta entitat i de totes les persones que hi han format part al llarg de la seva hist\u00f2ria<\/strong><\/h3>\n<\/li>\n<li>\n<h3><strong>Aquests actes han comptat amb la col\u00b7laboraci\u00f3 i suport del Conselh Generau d\u2019Aran i l&#8217;Ajuntament de Vielha e Mijaran<\/strong><\/h3>\n<\/li>\n<\/ul>\n<p><strong>La C\u00f2lha Santa Maria de Mijaran compleix 50 anys <\/strong>i ho celebrar\u00e0 aquest cap de setmana, els dies <strong>15 i 16 de setembre<\/strong>, amb dos actes que han comptat amb la col\u00b7laboraci\u00f3 del Conselh Generau d\u2019Aran i de l&#8217;Ajuntament de Vielha e Mijaran.<\/p>\n<p>El dia 15 presentar\u00e0 un <strong>v\u00eddeo commemoratiu de la seva hist\u00f2ria<\/strong> que es projectar\u00e0 a les 19.30 a la sala Era Audiovisuau de Vielha. El v\u00eddeo ha estat produ\u00eft per Jaime Varela amb el suport de Baqueira Beret.<\/p>\n<p>El 16 de setembre, a les 19.30 a la Sala Polivalent de Vielha, tindr\u00e0 lloc l&#8217;<strong>espectacle<\/strong> <strong>\u201c50 anys de C\u00f2lha\u201d<\/strong>, un acte obert a tota la ciutadania i molt especial que recorrer\u00e0 la hist\u00f2ria de la C\u00f2lha de Santa Maria de Mijaran i al qual participaran persones que han format part del grup al llarg de tots aquests anys. Durant l&#8217;acte actuaran tamb\u00e9 els grups \u201cEs Fradins de Vielha\u201d, \u201cEs Corbilhu\u00e8rs de Les\u201d i \u201cEs Sautar\u00e8ts de Boss\u00f2st\u201d.<\/p>\n ","protected":false},"excerpt":{"rendered":"<p>Aquest cap de setmana, els dies 15 i 16 de setembre, la C\u00f2lha Santa Maria de Mijaran celebrar\u00e0 els seus 50 anys amb dos actes commemoratius per a posar en valor l&#8217;aportaci\u00f3 musical i cultural d&#8217;aquesta entitat i de totes les persones que hi han format part al llarg de la seva hist\u00f2ria Aquests actes&#8230;<\/p>\n","protected":false},"author":10,"featured_media":54202,"comment_status":"closed","ping_status":"closed","sticky":false,"template":"","format":"standard","meta":{"footnotes":""},"categories":[794,33],"tags":[],"_links":{"self":[{"href":"https:\/\/www.conselharan.org\/ca\/wp-json\/wp\/v2\/posts\/54209"}],"collection":[{"href":"https:\/\/www.conselharan.org\/ca\/wp-json\/wp\/v2\/posts"}],"about":[{"href":"https:\/\/www.conselharan.org\/ca\/wp-json\/wp\/v2\/types\/post"}],"author":[{"embeddable":true,"href":"https:\/\/www.conselharan.org\/ca\/wp-json\/wp\/v2\/users\/10"}],"replies":[{"embeddable":true,"href":"https:\/\/www.conselharan.org\/ca\/wp-json\/wp\/v2\/comments?post=54209"}],"version-history":[{"count":1,"href":"https:\/\/www.conselharan.org\/ca\/wp-json\/wp\/v2\/posts\/54209\/revisions"}],"predecessor-version":[{"id":54210,"href":"https:\/\/www.conselharan.org\/ca\/wp-json\/wp\/v2\/posts\/54209\/revisions\/54210"}],"wp:featuredmedia":[{"embeddable":true,"href":"https:\/\/www.conselharan.org\/ca\/wp-json\/wp\/v2\/media\/54202"}],"wp:attachment":[{"href":"https:\/\/www.conselharan.org\/ca\/wp-json\/wp\/v2\/media?parent=54209"}],"wp:term":[{"taxonomy":"category","embeddable":true,"href":"https:\/\/www.conselharan.org\/ca\/wp-json\/wp\/v2\/categories?post=54209"},{"taxonomy":"post_tag","embeddable":true,"href":"https:\/\/www.conselharan.org\/ca\/wp-json\/wp\/v2\/tags?post=54209"}],"curies":[{"name":"wp","href":"https:\/\/api.w.org\/{rel}","templated":true}]}}