{"id":54246,"date":"2023-09-14T13:04:48","date_gmt":"2023-09-14T11:04:48","guid":{"rendered":"https:\/\/www.conselharan.org\/era-sindica-daran-inste-ath-president-dera-generalitat-a-consolidar-er-autogovern-daran\/"},"modified":"2023-10-03T09:22:57","modified_gmt":"2023-10-03T07:22:57","slug":"era-sindica-daran-inste-ath-president-dera-generalitat-a-consolidar-er-autogovern-daran","status":"publish","type":"post","link":"https:\/\/www.conselharan.org\/ca\/era-sindica-daran-inste-ath-president-dera-generalitat-a-consolidar-er-autogovern-daran\/","title":{"rendered":"La s\u00edndica d&#8217;Aran insta el president de la Generalitat a consolidar l&#8217;autogovern d&#8217;Aran"},"content":{"rendered":"<p><a href=\"https:\/\/www.conselharan.org\/wp-content\/uploads\/2023\/09\/P1045227-scaled.jpg\"><img loading=\"lazy\" decoding=\"async\" class=\"aligncenter wp-image-54238 size-large\" src=\"https:\/\/www.conselharan.org\/wp-content\/uploads\/2023\/09\/P1045227-1024x768.jpg\" alt=\"\" width=\"1024\" height=\"768\" srcset=\"https:\/\/www.conselharan.org\/wp-content\/uploads\/2023\/09\/P1045227-1024x768.jpg 1024w, https:\/\/www.conselharan.org\/wp-content\/uploads\/2023\/09\/P1045227-300x225.jpg 300w, https:\/\/www.conselharan.org\/wp-content\/uploads\/2023\/09\/P1045227-768x576.jpg 768w, https:\/\/www.conselharan.org\/wp-content\/uploads\/2023\/09\/P1045227-1536x1152.jpg 1536w, https:\/\/www.conselharan.org\/wp-content\/uploads\/2023\/09\/P1045227-2048x1536.jpg 2048w\" sizes=\"(max-width: 1024px) 100vw, 1024px\" \/><\/a><\/p>\n<ul>\n<li>\n<h3><strong>La s\u00edndica d&#8217;Aran s&#8217;ha reunit aquest mat\u00ed a Barcelona amb el president de la Generalitat de Catalunya, a qui ha presentat el Pla de Govern d&#8217;Aran per als pr\u00f2xims quatre anys pel que fa al desenvolupament de la Llei d&#8217;Aran i a la necessitat que el Conselh Generau d\u2019Aran compti amb un sistema de finan\u00e7ament propi que brindi l&#8217;estabilitat necess\u00e0ria que permeti que Aran pugui consolidar la seva autonomia pol\u00edtica<\/strong><\/h3>\n<\/li>\n<\/ul>\n<p>La s\u00edndica d&#8217;Aran, Maria Verg\u00e9s, s&#8217;ha reunit aquest migdia amb el president de la Generalitat de Catalunya, Pere Aragon\u00e8s, al Palau de la Generalitat, a Barcelona.<\/p>\n<p>En aquesta reuni\u00f3, la s\u00edndica d&#8217;Aran ha presentat els objectius del Govern d&#8217;Aran en mat\u00e8ria de desenvolupament institucional per a aquesta legislatura. Aquest Pla de Govern \u00e9s \u201cel full de ruta a seguir per la m\u00e0xima instituci\u00f3 aran\u00e8s en els pr\u00f2xims quatre anys per a encarar els reptes de futur que se&#8217;ns presenten i per a poder desenvolupar les m\u00e0ximes quotes d&#8217;autogovern a trav\u00e9s del desplegament efectiu de la Llei de R\u00e8gim Especial d&#8217;Aran\u201d.<\/p>\n<p>Sobre aquesta Llei, la s\u00edndica d&#8217;Aran ha manifestat al president Aragon\u00e8s l&#8217;inter\u00e8s del govern d&#8217;Aran de dur a terme una modificaci\u00f3 per a poder adaptar-la a les necessitats i realitat actuals de la Val d&#8217;Aran. En aquest sentit, Verg\u00e9s afirmava que: \u201cper a nosaltres \u00e9s primordial que la Llei de R\u00e8gim Especial pugui desenvolupar-se en els \u00e0mbits competencials que mandata per a consolidar el nostre autogovern, per a aix\u00ed fer realment efectiva una gesti\u00f3 des de la proximitat que tingui com a objectiu posar a les persones al centre de les accions i de les pol\u00edtiques\u201d.<\/p>\n<p>Aix\u00ed mateix, Verg\u00e9s ha traslladat al president la necessitat de \u201ctranscendir als acords peri\u00f2dics de finan\u00e7ament i crear un model amb un sistema de finan\u00e7ament propi que doni estabilitat i seguretat al govern d&#8217;Aran per al desenvolupament de les seves compet\u00e8ncies i, sobretot, per a consolidar el nostre autogovern\u201d, quelcom que actualment es debat al si de la Pon\u00e8ncia Mixta de Convenis i Traspassos entre ambd\u00f3s governs.<\/p>\n<p>La s\u00edndica ha arregra\u00eft la predisposici\u00f3 del president per tractar tots aquests afers de forma conjunta i bidireccional.<\/p>\n ","protected":false},"excerpt":{"rendered":"<p>La s\u00edndica d&#8217;Aran s&#8217;ha reunit aquest mat\u00ed a Barcelona amb el president de la Generalitat de Catalunya, a qui ha presentat el Pla de Govern d&#8217;Aran per als pr\u00f2xims quatre anys pel que fa al desenvolupament de la Llei d&#8217;Aran i a la necessitat que el Conselh Generau d\u2019Aran compti amb un sistema de finan\u00e7ament&#8230;<\/p>\n","protected":false},"author":10,"featured_media":54239,"comment_status":"closed","ping_status":"closed","sticky":false,"template":"","format":"standard","meta":{"footnotes":""},"categories":[53],"tags":[],"_links":{"self":[{"href":"https:\/\/www.conselharan.org\/ca\/wp-json\/wp\/v2\/posts\/54246"}],"collection":[{"href":"https:\/\/www.conselharan.org\/ca\/wp-json\/wp\/v2\/posts"}],"about":[{"href":"https:\/\/www.conselharan.org\/ca\/wp-json\/wp\/v2\/types\/post"}],"author":[{"embeddable":true,"href":"https:\/\/www.conselharan.org\/ca\/wp-json\/wp\/v2\/users\/10"}],"replies":[{"embeddable":true,"href":"https:\/\/www.conselharan.org\/ca\/wp-json\/wp\/v2\/comments?post=54246"}],"version-history":[{"count":2,"href":"https:\/\/www.conselharan.org\/ca\/wp-json\/wp\/v2\/posts\/54246\/revisions"}],"predecessor-version":[{"id":54251,"href":"https:\/\/www.conselharan.org\/ca\/wp-json\/wp\/v2\/posts\/54246\/revisions\/54251"}],"wp:featuredmedia":[{"embeddable":true,"href":"https:\/\/www.conselharan.org\/ca\/wp-json\/wp\/v2\/media\/54239"}],"wp:attachment":[{"href":"https:\/\/www.conselharan.org\/ca\/wp-json\/wp\/v2\/media?parent=54246"}],"wp:term":[{"taxonomy":"category","embeddable":true,"href":"https:\/\/www.conselharan.org\/ca\/wp-json\/wp\/v2\/categories?post=54246"},{"taxonomy":"post_tag","embeddable":true,"href":"https:\/\/www.conselharan.org\/ca\/wp-json\/wp\/v2\/tags?post=54246"}],"curies":[{"name":"wp","href":"https:\/\/api.w.org\/{rel}","templated":true}]}}