{"id":54857,"date":"2023-11-06T11:42:20","date_gmt":"2023-11-06T10:42:20","guid":{"rendered":"https:\/\/www.conselharan.org\/eth-conselh-generau-daran-organize-era-taula-redona-parlem-desport-en-pireneu-era-val-daran-com-scenari-esportiu\/"},"modified":"2023-11-06T11:56:09","modified_gmt":"2023-11-06T10:56:09","slug":"eth-conselh-generau-daran-organize-era-taula-redona-parlem-desport-en-pireneu-era-val-daran-com-scenari-esportiu","status":"publish","type":"post","link":"https:\/\/www.conselharan.org\/ca\/eth-conselh-generau-daran-organize-era-taula-redona-parlem-desport-en-pireneu-era-val-daran-com-scenari-esportiu\/","title":{"rendered":"El Conselh Generau d\u2019Aran organitza la taula rodona \u201cParlem d&#8217;esport al Pirineu: la Val d\u2019Aran com a escenari esportiu\u201d"},"content":{"rendered":"<p><a href=\"https:\/\/www.conselharan.org\/wp-content\/uploads\/2023\/11\/WhatsApp-Image-2023-11-06-at-11.41.20.jpeg\"><img loading=\"lazy\" decoding=\"async\" class=\"aligncenter wp-image-54848 size-large\" src=\"https:\/\/www.conselharan.org\/wp-content\/uploads\/2023\/11\/WhatsApp-Image-2023-11-06-at-11.41.20-724x1024.jpeg\" alt=\"\" width=\"724\" height=\"1024\" srcset=\"https:\/\/www.conselharan.org\/wp-content\/uploads\/2023\/11\/WhatsApp-Image-2023-11-06-at-11.41.20-724x1024.jpeg 724w, https:\/\/www.conselharan.org\/wp-content\/uploads\/2023\/11\/WhatsApp-Image-2023-11-06-at-11.41.20-212x300.jpeg 212w, https:\/\/www.conselharan.org\/wp-content\/uploads\/2023\/11\/WhatsApp-Image-2023-11-06-at-11.41.20-768x1086.jpeg 768w, https:\/\/www.conselharan.org\/wp-content\/uploads\/2023\/11\/WhatsApp-Image-2023-11-06-at-11.41.20-1086x1536.jpeg 1086w, https:\/\/www.conselharan.org\/wp-content\/uploads\/2023\/11\/WhatsApp-Image-2023-11-06-at-11.41.20.jpeg 1131w\" sizes=\"(max-width: 724px) 100vw, 724px\" \/><\/a><\/p>\n<ul>\n<li>\n<h3><strong>Aquest esdeveniment ser\u00e0 obert al p\u00fablic, tindr\u00e0 lloc el dimecres 8 de novembre a les 18.30 a la Sala d&#8217;Actes del Conselh Generau d\u2019Aran i comptar\u00e0 amb la participaci\u00f3 de diferents persones del territori implicades en diferents sectors relacionats amb l&#8217;esport<\/strong><\/h3>\n<\/li>\n<\/ul>\n<p>El govern del Conselh Generau d\u2019Aran, juntament amb la Fundaci\u00f3 Catalana per a l&#8217;Esport, ha organitzat per a aquest dimecres, 8 de novembre a les 18.30, la taula rodona \u201cParlem d&#8217;esport al Pirineu: la Val d\u2019Aran com a escenari esportiu\u201d, que comptar\u00e0 amb la pres\u00e8ncia i participaci\u00f3 de diverses persones del territori implicades en diferents sectors relacionats amb l&#8217;esport.<\/p>\n<p>\u201cDes de la m\u00e0xima instituci\u00f3 aranesa estem completament implicats en la promoci\u00f3 i l\u2019impuls de l&#8217;esport aran\u00e8s, que considerem un dels eixos vertebradors del nostre territori\u201d, afirmava el conseller d&#8217;Esports, Javier Cavero, afegint que: \u201chem volgut organitzar aquesta taula rodona com a espai d&#8217;escolta i di\u00e0leg amb el sector, tenint en compte que el de l&#8217;esport \u00e9s un \u00e0mbit per al qual treballem en poder aconseguir majors compet\u00e8ncies i recursos\u201d.<\/p>\n<p>L&#8217;acte ser\u00e0 obert al p\u00fablic i tindr\u00e0 lloc a la Sala d&#8217;Actes de la seu del Conselh Generau d\u2019Aran.<\/p>\n ","protected":false},"excerpt":{"rendered":"<p>Aquest esdeveniment ser\u00e0 obert al p\u00fablic, tindr\u00e0 lloc el dimecres 8 de novembre a les 18.30 a la Sala d&#8217;Actes del Conselh Generau d\u2019Aran i comptar\u00e0 amb la participaci\u00f3 de diferents persones del territori implicades en diferents sectors relacionats amb l&#8217;esport El govern del Conselh Generau d\u2019Aran, juntament amb la Fundaci\u00f3 Catalana per a l&#8217;Esport,&#8230;<\/p>\n","protected":false},"author":10,"featured_media":54849,"comment_status":"closed","ping_status":"closed","sticky":false,"template":"","format":"standard","meta":{"footnotes":""},"categories":[],"tags":[],"_links":{"self":[{"href":"https:\/\/www.conselharan.org\/ca\/wp-json\/wp\/v2\/posts\/54857"}],"collection":[{"href":"https:\/\/www.conselharan.org\/ca\/wp-json\/wp\/v2\/posts"}],"about":[{"href":"https:\/\/www.conselharan.org\/ca\/wp-json\/wp\/v2\/types\/post"}],"author":[{"embeddable":true,"href":"https:\/\/www.conselharan.org\/ca\/wp-json\/wp\/v2\/users\/10"}],"replies":[{"embeddable":true,"href":"https:\/\/www.conselharan.org\/ca\/wp-json\/wp\/v2\/comments?post=54857"}],"version-history":[{"count":1,"href":"https:\/\/www.conselharan.org\/ca\/wp-json\/wp\/v2\/posts\/54857\/revisions"}],"predecessor-version":[{"id":54858,"href":"https:\/\/www.conselharan.org\/ca\/wp-json\/wp\/v2\/posts\/54857\/revisions\/54858"}],"wp:featuredmedia":[{"embeddable":true,"href":"https:\/\/www.conselharan.org\/ca\/wp-json\/wp\/v2\/media\/54849"}],"wp:attachment":[{"href":"https:\/\/www.conselharan.org\/ca\/wp-json\/wp\/v2\/media?parent=54857"}],"wp:term":[{"taxonomy":"category","embeddable":true,"href":"https:\/\/www.conselharan.org\/ca\/wp-json\/wp\/v2\/categories?post=54857"},{"taxonomy":"post_tag","embeddable":true,"href":"https:\/\/www.conselharan.org\/ca\/wp-json\/wp\/v2\/tags?post=54857"}],"curies":[{"name":"wp","href":"https:\/\/api.w.org\/{rel}","templated":true}]}}