{"id":54953,"date":"2023-11-14T16:26:04","date_gmt":"2023-11-14T15:26:04","guid":{"rendered":"https:\/\/www.conselharan.org\/?p=54953"},"modified":"2023-11-14T16:26:04","modified_gmt":"2023-11-14T15:26:04","slug":"la-sindica-daran-es-reuneix-amb-lalcalde-de-barcelona","status":"publish","type":"post","link":"https:\/\/www.conselharan.org\/ca\/la-sindica-daran-es-reuneix-amb-lalcalde-de-barcelona\/","title":{"rendered":"La s\u00edndica d&#8217;Aran es reuneix amb l&#8217;alcalde de Barcelona"},"content":{"rendered":"<p><a href=\"https:\/\/www.conselharan.org\/wp-content\/uploads\/2023\/11\/P1045594-scaled.jpg\"><img loading=\"lazy\" decoding=\"async\" class=\"aligncenter wp-image-54944 size-large\" src=\"https:\/\/www.conselharan.org\/wp-content\/uploads\/2023\/11\/P1045594-1024x683.jpg\" alt=\"\" width=\"1024\" height=\"683\" srcset=\"https:\/\/www.conselharan.org\/wp-content\/uploads\/2023\/11\/P1045594-1024x683.jpg 1024w, https:\/\/www.conselharan.org\/wp-content\/uploads\/2023\/11\/P1045594-300x200.jpg 300w, https:\/\/www.conselharan.org\/wp-content\/uploads\/2023\/11\/P1045594-768x512.jpg 768w, https:\/\/www.conselharan.org\/wp-content\/uploads\/2023\/11\/P1045594-1536x1025.jpg 1536w, https:\/\/www.conselharan.org\/wp-content\/uploads\/2023\/11\/P1045594-2048x1367.jpg 2048w\" sizes=\"(max-width: 1024px) 100vw, 1024px\" \/><\/a><\/p>\n<ul>\n<li>\n<h3>Durant aquesta trobada, la s\u00edndica d&#8217;Aran, Maria Verg\u00e9s, ha plantejat a l&#8217;alcalde de Barcelona, Jaume Collboni, la predisposici\u00f3 del govern d&#8217;Aran de crear sinergies en \u00e0mbits com el turisme que serveixin tamb\u00e9 per a obrir un di\u00e0leg entre territoris de muntanya i grans ciutats<\/h3>\n<\/li>\n<li>\n<h3>Tamb\u00e9 s&#8217;han tractat q\u00fcestions relacionades amb l&#8217;alian\u00e7a estrat\u00e8gica que el Conselh Generau d\u2019Aran mant\u00e9 amb l&#8217;Hospital de la Mar perqu\u00e8 l&#8217;Ajuntament de Barcelona forma part, juntament amb la Generalitat de Catalunya, del consorci sanitari Parc Salut Mar, del qual dep\u00e8n aquest centre sanitari<\/h3>\n<\/li>\n<li>\n<h3>Aquesta reuni\u00f3 suposa la primera d&#8217;una ronda de contactes que la s\u00edndica d&#8217;Aran mantindr\u00e0 amb diferents autoritats i representants p\u00fablics<\/h3>\n<\/li>\n<\/ul>\n<p>La s\u00edndica d&#8217;Aran, Maria Verg\u00e9s, s&#8217;ha reunit aquest migdia amb l&#8217;alcalde de Barcelona, Jaume Collboni, i la tinent d\u2019alcalde, Maria Eug\u00e8nia Gay, amb qui ha tractat diversos temes comuns entre Barcelona i l\u2019Aran.<\/p>\n<p>\u201cMalgrat les difer\u00e8ncies i la dist\u00e0ncia que ens separen, la Val d&#8217;Aran i Barcelona comparteixen el seu estatus de territoris singulars dins de Catalunya, amb reconeixement a la nostra Llei de R\u00e8gim Especial i la Carta Municipal de Barcelona\u201d, assegurava la s\u00edndica d&#8217;Aran, afegint que: \u201caix\u00ed mateix, el nostre territori mant\u00e9 una important alian\u00e7a amb el Parc de Salut Mar, que \u00e9s un consorci sanitari p\u00fablic gestionat per l&#8217;Ajuntament de Barcelona juntament amb la Generalitat, i amb qui mantenim una estreta col\u00b7laboraci\u00f3 que ens permet millorar i ampliar la nostra cartera de serveis facilitant l&#8217;atenci\u00f3 a les persones\u201d.<\/p>\n<p>La s\u00edndica d&#8217;Aran ha manifestat en aquesta reuni\u00f3 amb l&#8217;alcalde Collboni \u201cla voluntat del govern d&#8217;Aran de ser proactius a l&#8217;hora de buscar col\u00b7laboracions i aliances en altres \u00e0mbits com el turisme o en q\u00fcestions que suposen una problem\u00e0tica comuna com \u00e9s el tema de l&#8217;habitatge, un afer per al qual el Conselh Generau d\u2019Aran busca solucions urgents per l&#8217;actual situaci\u00f3 de falta d&#8217;habitatge assequible\u201d.<\/p>\n<p>Verg\u00e9s ha volgut agrair \u201cl&#8217;atenci\u00f3 i predisposici\u00f3 mostrada per l&#8217;alcalde Collboni per a obrir di\u00e0leg i din\u00e0miques entre un territori de muntanya com el nostre i una gran ciutat com \u00e9s Barcelona\u201d.<\/p>\n<p>Aquesta \u00e9s la primera d&#8217;una ronda de contactes institucionals que la s\u00edndica d&#8217;Aran mantindr\u00e0 amb diferents autoritats del pa\u00eds.<\/p>\n ","protected":false},"excerpt":{"rendered":"<p>Durant aquesta trobada, la s\u00edndica d&#8217;Aran, Maria Verg\u00e9s, ha plantejat a l&#8217;alcalde de Barcelona, Jaume Collboni, la predisposici\u00f3 del govern d&#8217;Aran de crear sinergies en \u00e0mbits com el turisme que serveixin tamb\u00e9 per a obrir un di\u00e0leg entre territoris de muntanya i grans ciutats Tamb\u00e9 s&#8217;han tractat q\u00fcestions relacionades amb l&#8217;alian\u00e7a estrat\u00e8gica que el Conselh&#8230;<\/p>\n","protected":false},"author":10,"featured_media":54945,"comment_status":"closed","ping_status":"closed","sticky":false,"template":"","format":"standard","meta":{"footnotes":""},"categories":[],"tags":[],"_links":{"self":[{"href":"https:\/\/www.conselharan.org\/ca\/wp-json\/wp\/v2\/posts\/54953"}],"collection":[{"href":"https:\/\/www.conselharan.org\/ca\/wp-json\/wp\/v2\/posts"}],"about":[{"href":"https:\/\/www.conselharan.org\/ca\/wp-json\/wp\/v2\/types\/post"}],"author":[{"embeddable":true,"href":"https:\/\/www.conselharan.org\/ca\/wp-json\/wp\/v2\/users\/10"}],"replies":[{"embeddable":true,"href":"https:\/\/www.conselharan.org\/ca\/wp-json\/wp\/v2\/comments?post=54953"}],"version-history":[{"count":1,"href":"https:\/\/www.conselharan.org\/ca\/wp-json\/wp\/v2\/posts\/54953\/revisions"}],"predecessor-version":[{"id":54954,"href":"https:\/\/www.conselharan.org\/ca\/wp-json\/wp\/v2\/posts\/54953\/revisions\/54954"}],"wp:featuredmedia":[{"embeddable":true,"href":"https:\/\/www.conselharan.org\/ca\/wp-json\/wp\/v2\/media\/54945"}],"wp:attachment":[{"href":"https:\/\/www.conselharan.org\/ca\/wp-json\/wp\/v2\/media?parent=54953"}],"wp:term":[{"taxonomy":"category","embeddable":true,"href":"https:\/\/www.conselharan.org\/ca\/wp-json\/wp\/v2\/categories?post=54953"},{"taxonomy":"post_tag","embeddable":true,"href":"https:\/\/www.conselharan.org\/ca\/wp-json\/wp\/v2\/tags?post=54953"}],"curies":[{"name":"wp","href":"https:\/\/api.w.org\/{rel}","templated":true}]}}