{"id":54985,"date":"2023-11-17T11:58:37","date_gmt":"2023-11-17T10:58:37","guid":{"rendered":"https:\/\/www.conselharan.org\/era-sindica-daran-recep-ara-conselhera-deducacion-dera-generalitat-de-catalunya\/"},"modified":"2023-11-17T12:04:27","modified_gmt":"2023-11-17T11:04:27","slug":"era-sindica-daran-recep-ara-conselhera-deducacion-dera-generalitat-de-catalunya","status":"publish","type":"post","link":"https:\/\/www.conselharan.org\/ca\/era-sindica-daran-recep-ara-conselhera-deducacion-dera-generalitat-de-catalunya\/","title":{"rendered":"La s\u00edndica d&#8217;Aran rep a la consellera d&#8217;Educaci\u00f3 de la Generalitat de Catalunya"},"content":{"rendered":"<p><a href=\"https:\/\/www.conselharan.org\/wp-content\/uploads\/2023\/11\/P1045678-scaled.jpg\"><img loading=\"lazy\" decoding=\"async\" class=\"aligncenter wp-image-54977 size-large\" src=\"https:\/\/www.conselharan.org\/wp-content\/uploads\/2023\/11\/P1045678-1024x768.jpg\" alt=\"\" width=\"1024\" height=\"768\" srcset=\"https:\/\/www.conselharan.org\/wp-content\/uploads\/2023\/11\/P1045678-1024x768.jpg 1024w, https:\/\/www.conselharan.org\/wp-content\/uploads\/2023\/11\/P1045678-300x225.jpg 300w, https:\/\/www.conselharan.org\/wp-content\/uploads\/2023\/11\/P1045678-768x576.jpg 768w, https:\/\/www.conselharan.org\/wp-content\/uploads\/2023\/11\/P1045678-1536x1152.jpg 1536w, https:\/\/www.conselharan.org\/wp-content\/uploads\/2023\/11\/P1045678-2048x1536.jpg 2048w\" sizes=\"(max-width: 1024px) 100vw, 1024px\" \/><\/a><\/p>\n<ul>\n<li>\n<h3><strong>En aquesta trobada, a el qual s&#8217;han tractat diferents afers relacionats amb l&#8217;ensenyament a la Val d\u2019Aran, la s\u00edndica ha sol\u00b7licitat a la consellera Sim\u00f3 la necessitat de coordinar entre el departament d&#8217;Educaci\u00f3 i el Conselh Generau d\u2019Aran totes aquelles q\u00fcestions que tenen a veure amb l&#8217;ensenyament de l&#8217;aran\u00e8s<\/strong><\/h3>\n<\/li>\n<\/ul>\n<p>La s\u00edndica d&#8217;Aran, Maria Verg\u00e9s, ha rebut aquest mat\u00ed a la consellera d&#8217;Educaci\u00f3 de la Generalitat de Catalunya, Anna Sim\u00f3, amb qui han tractat diversos afers relacionats amb l&#8217;ensenyament a la Val d\u2019Aran.<\/p>\n<p>\u201cEn aquesta trobada, he sol\u00b7licitat a la consellera Sim\u00f3 la necessitat de coordinar entre el departament d&#8217;Educaci\u00f3 i el Conselh Generau d\u2019Aran tot all\u00f2 que fa refer\u00e8ncia a les q\u00fcestions relacionades amb l&#8217;ensenyament de l&#8217;aran\u00e8s\u201d, assegurava la s\u00edndica d&#8217;Aran, recordant tamb\u00e9 que: \u201ca pesar que el govern d&#8217;Aran no t\u00e9 compet\u00e8ncies en aquest \u00e0mbit, \u00e9s la nostra voluntat desenvolupar accions que ajudin a l&#8217;Escola Aranesa, que entenem com un dels pilars fonamentals a de la nostra societat, a desenvolupar-se com a element d&#8217;integraci\u00f3 i desenvolupament social\u201d.<\/p>\n<p>En aquest sentit, cal recordar que en el marc de les seves possibilitats, el Conselh Generau d\u2019Aran va impulsar l&#8217;any passat la creaci\u00f3 de la Mesa d&#8217;Ensenyament d&#8217;Aran, per a establir un espai de coordinaci\u00f3 i participaci\u00f3 per a, d&#8217;una banda, establir un debat constructiu sobre l&#8217;ensenyament a l\u2019Aran i, per l&#8217;altra, impulsar accions que ajudin al desenvolupament i la consolidaci\u00f3 de l&#8217;Escola Aranesa com a element vertebrador de la nostra societat i com a motor del proc\u00e9s de normalitzaci\u00f3 ling\u00fc\u00edstica.<\/p>\n ","protected":false},"excerpt":{"rendered":"<p>En aquesta trobada, a el qual s&#8217;han tractat diferents afers relacionats amb l&#8217;ensenyament a la Val d\u2019Aran, la s\u00edndica ha sol\u00b7licitat a la consellera Sim\u00f3 la necessitat de coordinar entre el departament d&#8217;Educaci\u00f3 i el Conselh Generau d\u2019Aran totes aquelles q\u00fcestions que tenen a veure amb l&#8217;ensenyament de l&#8217;aran\u00e8s La s\u00edndica d&#8217;Aran, Maria Verg\u00e9s, ha&#8230;<\/p>\n","protected":false},"author":10,"featured_media":54978,"comment_status":"closed","ping_status":"closed","sticky":false,"template":"","format":"standard","meta":{"footnotes":""},"categories":[],"tags":[],"_links":{"self":[{"href":"https:\/\/www.conselharan.org\/ca\/wp-json\/wp\/v2\/posts\/54985"}],"collection":[{"href":"https:\/\/www.conselharan.org\/ca\/wp-json\/wp\/v2\/posts"}],"about":[{"href":"https:\/\/www.conselharan.org\/ca\/wp-json\/wp\/v2\/types\/post"}],"author":[{"embeddable":true,"href":"https:\/\/www.conselharan.org\/ca\/wp-json\/wp\/v2\/users\/10"}],"replies":[{"embeddable":true,"href":"https:\/\/www.conselharan.org\/ca\/wp-json\/wp\/v2\/comments?post=54985"}],"version-history":[{"count":1,"href":"https:\/\/www.conselharan.org\/ca\/wp-json\/wp\/v2\/posts\/54985\/revisions"}],"predecessor-version":[{"id":54986,"href":"https:\/\/www.conselharan.org\/ca\/wp-json\/wp\/v2\/posts\/54985\/revisions\/54986"}],"wp:featuredmedia":[{"embeddable":true,"href":"https:\/\/www.conselharan.org\/ca\/wp-json\/wp\/v2\/media\/54978"}],"wp:attachment":[{"href":"https:\/\/www.conselharan.org\/ca\/wp-json\/wp\/v2\/media?parent=54985"}],"wp:term":[{"taxonomy":"category","embeddable":true,"href":"https:\/\/www.conselharan.org\/ca\/wp-json\/wp\/v2\/categories?post=54985"},{"taxonomy":"post_tag","embeddable":true,"href":"https:\/\/www.conselharan.org\/ca\/wp-json\/wp\/v2\/tags?post=54985"}],"curies":[{"name":"wp","href":"https:\/\/api.w.org\/{rel}","templated":true}]}}