{"id":54996,"date":"2023-11-18T08:00:47","date_gmt":"2023-11-18T07:00:47","guid":{"rendered":"https:\/\/www.conselharan.org\/?p=54996"},"modified":"2023-11-17T19:47:54","modified_gmt":"2023-11-17T18:47:54","slug":"eth-govern-daran-presente-es-sons-objectius-entara-legislatura-2023-2027","status":"publish","type":"post","link":"https:\/\/www.conselharan.org\/ca\/eth-govern-daran-presente-es-sons-objectius-entara-legislatura-2023-2027\/","title":{"rendered":"El govern d&#8217;Aran presenta els seus objectius per a la legislatura 2023-2027"},"content":{"rendered":"<p><a href=\"https:\/\/www.conselharan.org\/wp-content\/uploads\/2023\/11\/IMG_7010-scaled.jpg\"><img loading=\"lazy\" decoding=\"async\" class=\"aligncenter wp-image-54988 size-large\" src=\"https:\/\/www.conselharan.org\/wp-content\/uploads\/2023\/11\/IMG_7010-1024x768.jpg\" alt=\"\" width=\"1024\" height=\"768\" srcset=\"https:\/\/www.conselharan.org\/wp-content\/uploads\/2023\/11\/IMG_7010-1024x768.jpg 1024w, https:\/\/www.conselharan.org\/wp-content\/uploads\/2023\/11\/IMG_7010-300x225.jpg 300w, https:\/\/www.conselharan.org\/wp-content\/uploads\/2023\/11\/IMG_7010-768x576.jpg 768w, https:\/\/www.conselharan.org\/wp-content\/uploads\/2023\/11\/IMG_7010-1536x1152.jpg 1536w, https:\/\/www.conselharan.org\/wp-content\/uploads\/2023\/11\/IMG_7010-2048x1536.jpg 2048w\" sizes=\"(max-width: 1024px) 100vw, 1024px\" \/><\/a><\/p>\n<ul>\n<li>\n<h3><strong>L&#8217;acte de presentaci\u00f3 del Pla de Govern dut a terme ahir, on es van detallar, per departaments, quines s\u00f3n les actuacions i pol\u00edtiques a implementar en els pr\u00f2xims 4 anys, respon a la voluntat del govern d&#8217;Aran de rendir comptes de les seves actuacions, donar a con\u00e8ixer les seves objectius i acostar la instituci\u00f3 a les persones<\/strong><\/h3>\n<\/li>\n<li>\n<h3><strong>Tots aquells que no poguessin assistir a l&#8217;acte, poden recuperar la presentaci\u00f3 en el canal oficial de YouTube del Conselh Generau d\u2019Aran: <\/strong><a href=\"https:\/\/youtube.com\/live\/nzuGo69Qsos\"><strong>https:\/\/youtube.com\/live\/nzuGo69Qsos<\/strong><\/a><\/h3>\n<\/li>\n<\/ul>\n<p>El govern del Conselh Generau d\u2019Aran va dur ahir a terme la presentaci\u00f3 del seu Pla de Govern per als pr\u00f2xims quatre anys, un acte obert al p\u00fablic, que va ser tamb\u00e9 retransm\u00e8s en directe i que respon a la voluntat del govern d&#8217;Aran de rendir comptes de les seves actuacions, donar a con\u00e8ixer els seus objectius i acostar la instituci\u00f3 a les persones.<\/p>\n<p>\u201cDes del govern d&#8217;Aran impulsem els nostres projectes i pol\u00edtiques al voltant de tres eixos estrat\u00e8gics: l&#8217;atenci\u00f3 a les persones, el desenvolupament territorial i la consolidaci\u00f3 de l&#8217;autogovern aran\u00e8s\u201d, apuntava la s\u00edndica d&#8217;Aran, Maria Verg\u00e9s, en la seva intervenci\u00f3, afegint que: \u201cduem a terme aquesta presentaci\u00f3 com un exercici de transpar\u00e8ncia amb la nostra ciutadania i perqu\u00e8 volem tamb\u00e9 posar en valor la instituci\u00f3\u201d.<\/p>\n<p>En aquest acte, es van detallar, per departaments, quines s\u00f3n les actuacions i pol\u00edtiques per implementar en els pr\u00f2xims 4 anys per a impulsar econ\u00f2mica i socialment la Val d&#8217;Aran.<\/p>\n<p>Totes les que no poguessin assistir a la presentaci\u00f3, poden recuperar-la i consultar tot el que es va tractar en el canal oficial de YouTube del Conselh Generau d\u2019Aran: <a href=\"https:\/\/youtube.com\/live\/nzuGo69Qsos\">https:\/\/youtube.com\/live\/nzuGo69Qsos<\/a><\/p>\n ","protected":false},"excerpt":{"rendered":"<p>L&#8217;acte de presentaci\u00f3 del Pla de Govern dut a terme ahir, on es van detallar, per departaments, quines s\u00f3n les actuacions i pol\u00edtiques a implementar en els pr\u00f2xims 4 anys, respon a la voluntat del govern d&#8217;Aran de rendir comptes de les seves actuacions, donar a con\u00e8ixer les seves objectius i acostar la instituci\u00f3 a&#8230;<\/p>\n","protected":false},"author":10,"featured_media":54989,"comment_status":"closed","ping_status":"closed","sticky":false,"template":"","format":"standard","meta":{"footnotes":""},"categories":[53],"tags":[],"_links":{"self":[{"href":"https:\/\/www.conselharan.org\/ca\/wp-json\/wp\/v2\/posts\/54996"}],"collection":[{"href":"https:\/\/www.conselharan.org\/ca\/wp-json\/wp\/v2\/posts"}],"about":[{"href":"https:\/\/www.conselharan.org\/ca\/wp-json\/wp\/v2\/types\/post"}],"author":[{"embeddable":true,"href":"https:\/\/www.conselharan.org\/ca\/wp-json\/wp\/v2\/users\/10"}],"replies":[{"embeddable":true,"href":"https:\/\/www.conselharan.org\/ca\/wp-json\/wp\/v2\/comments?post=54996"}],"version-history":[{"count":2,"href":"https:\/\/www.conselharan.org\/ca\/wp-json\/wp\/v2\/posts\/54996\/revisions"}],"predecessor-version":[{"id":54998,"href":"https:\/\/www.conselharan.org\/ca\/wp-json\/wp\/v2\/posts\/54996\/revisions\/54998"}],"wp:featuredmedia":[{"embeddable":true,"href":"https:\/\/www.conselharan.org\/ca\/wp-json\/wp\/v2\/media\/54989"}],"wp:attachment":[{"href":"https:\/\/www.conselharan.org\/ca\/wp-json\/wp\/v2\/media?parent=54996"}],"wp:term":[{"taxonomy":"category","embeddable":true,"href":"https:\/\/www.conselharan.org\/ca\/wp-json\/wp\/v2\/categories?post=54996"},{"taxonomy":"post_tag","embeddable":true,"href":"https:\/\/www.conselharan.org\/ca\/wp-json\/wp\/v2\/tags?post=54996"}],"curies":[{"name":"wp","href":"https:\/\/api.w.org\/{rel}","templated":true}]}}