{"id":55041,"date":"2023-11-22T13:57:08","date_gmt":"2023-11-22T12:57:08","guid":{"rendered":"https:\/\/www.conselharan.org\/dubertes-es-inscripcions-entara-44au-marxa-beret\/"},"modified":"2024-01-09T09:42:35","modified_gmt":"2024-01-09T08:42:35","slug":"dubertes-es-inscripcions-entara-44au-marxa-beret","status":"publish","type":"post","link":"https:\/\/www.conselharan.org\/ca\/dubertes-es-inscripcions-entara-44au-marxa-beret\/","title":{"rendered":"Obertes les inscripcions per a la 44a Marxa Beret"},"content":{"rendered":"<p><a href=\"https:\/\/www.conselharan.org\/wp-content\/uploads\/2023\/11\/A4-t\u00e0-hilats.png\"><img loading=\"lazy\" decoding=\"async\" class=\"aligncenter wp-image-55033 size-large\" src=\"https:\/\/www.conselharan.org\/wp-content\/uploads\/2023\/11\/A4-t\u00e0-hilats-819x1024.png\" alt=\"\" width=\"819\" height=\"1024\" srcset=\"https:\/\/www.conselharan.org\/wp-content\/uploads\/2023\/11\/A4-t\u00e0-hilats-819x1024.png 819w, https:\/\/www.conselharan.org\/wp-content\/uploads\/2023\/11\/A4-t\u00e0-hilats-240x300.png 240w, https:\/\/www.conselharan.org\/wp-content\/uploads\/2023\/11\/A4-t\u00e0-hilats-768x960.png 768w, https:\/\/www.conselharan.org\/wp-content\/uploads\/2023\/11\/A4-t\u00e0-hilats.png 1080w\" sizes=\"(max-width: 819px) 100vw, 819px\" \/><\/a><\/p>\n<h3><\/h3>\n<ul>\n<li>\n<h3><strong>La Marxa Beret, que organitzen el Conselh Generau d\u2019Aran i Baqueira Beret, \u00e9s una de les proves d&#8217;esqu\u00ed n\u00f2rdic m\u00e9s consolidades que es realitzen al territori nacional i cada any compta amb prop de 1.000 participants de tota Europa<\/strong><\/h3>\n<\/li>\n<li>\n<h3><strong>Les inscripcions es poden realitzar a la p\u00e0gina web oficial de la cursa fins al 28 de gener i de manera presencial el 3 de febrer<\/strong><\/h3>\n<\/li>\n<\/ul>\n<p>Un any m\u00e9s, s&#8217;acosta la celebraci\u00f3 de la nova edici\u00f3 de la Marxa Beret, organitzada pel Conselh Generau d\u2019Aran i l&#8217;estaci\u00f3 Baqueira Beret, que tindr\u00e0 lloc el cap de setmana del 2 al 4 de febrer de 2024.<\/p>\n<p>Ja estan obertes oficialment les inscripcions a trav\u00e9s de la p\u00e0gina <a href=\"https:\/\/www.marxaberet.com\/ca\/\">web de la Marxa Beret<\/a> i els interessats i interessades podran realitzar-les fins al 28 de gener telem\u00e0ticament. A m\u00e9s, el 3 de febrer es podran realitzar les inscripcions presencials al Centre Polivalent de Vielha.<\/p>\n<p>Cal recordar que el preu de la inscripci\u00f3 augmentar\u00e0 a mesura que s&#8217;acosti la data de l&#8217;esdeveniment.<\/p>\n<p>La Marxa Beret \u00e9s una de les proves d&#8217;esqu\u00ed n\u00f2rdic m\u00e9s consolidades que es realitzen al territori nacional i cada any compta amb prop de 1.000 participants de tota Europa.<\/p>\n<p>Aquesta festa de l&#8217;esqu\u00ed de fons comen\u00e7ar\u00e0 a Beret el dissabte 3 de febrer amb el Campionat d&#8217;Espanya \u201cSprint\u201d en el Pla de Beret.<\/p>\n<p>El 4 de febrer es realitzar\u00e0 la 44a edici\u00f3 de la Marxa Beret en les dist\u00e0ncies de 42,21 i 10 km.<\/p>\n<p>Enguany, com a novetat, la Marxa Beret comptar\u00e0 amb una nova prova, denominada \u201cMini Marxa Beret\u201d, destinada als m\u00e9s petits i petites i a totes aquelles persones que vulguin iniciar-se en la pr\u00e0ctica d&#8217;aquest esport.<\/p>\n<p>Els interessats i interessades poden trobar tota la informaci\u00f3 en la <a href=\"https:\/\/www.marxaberet.com\/ca\/\">p\u00e0gina web oficial<\/a> de la cursa.<\/p>\n ","protected":false},"excerpt":{"rendered":"<p>La Marxa Beret, que organitzen el Conselh Generau d\u2019Aran i Baqueira Beret, \u00e9s una de les proves d&#8217;esqu\u00ed n\u00f2rdic m\u00e9s consolidades que es realitzen al territori nacional i cada any compta amb prop de 1.000 participants de tota Europa Les inscripcions es poden realitzar a la p\u00e0gina web oficial de la cursa fins al 28&#8230;<\/p>\n","protected":false},"author":10,"featured_media":55034,"comment_status":"closed","ping_status":"closed","sticky":false,"template":"","format":"standard","meta":{"footnotes":""},"categories":[136],"tags":[],"_links":{"self":[{"href":"https:\/\/www.conselharan.org\/ca\/wp-json\/wp\/v2\/posts\/55041"}],"collection":[{"href":"https:\/\/www.conselharan.org\/ca\/wp-json\/wp\/v2\/posts"}],"about":[{"href":"https:\/\/www.conselharan.org\/ca\/wp-json\/wp\/v2\/types\/post"}],"author":[{"embeddable":true,"href":"https:\/\/www.conselharan.org\/ca\/wp-json\/wp\/v2\/users\/10"}],"replies":[{"embeddable":true,"href":"https:\/\/www.conselharan.org\/ca\/wp-json\/wp\/v2\/comments?post=55041"}],"version-history":[{"count":1,"href":"https:\/\/www.conselharan.org\/ca\/wp-json\/wp\/v2\/posts\/55041\/revisions"}],"predecessor-version":[{"id":55042,"href":"https:\/\/www.conselharan.org\/ca\/wp-json\/wp\/v2\/posts\/55041\/revisions\/55042"}],"wp:featuredmedia":[{"embeddable":true,"href":"https:\/\/www.conselharan.org\/ca\/wp-json\/wp\/v2\/media\/55034"}],"wp:attachment":[{"href":"https:\/\/www.conselharan.org\/ca\/wp-json\/wp\/v2\/media?parent=55041"}],"wp:term":[{"taxonomy":"category","embeddable":true,"href":"https:\/\/www.conselharan.org\/ca\/wp-json\/wp\/v2\/categories?post=55041"},{"taxonomy":"post_tag","embeddable":true,"href":"https:\/\/www.conselharan.org\/ca\/wp-json\/wp\/v2\/tags?post=55041"}],"curies":[{"name":"wp","href":"https:\/\/api.w.org\/{rel}","templated":true}]}}