{"id":55055,"date":"2023-11-23T14:43:12","date_gmt":"2023-11-23T13:43:12","guid":{"rendered":"https:\/\/www.conselharan.org\/eth-govern-daran-cree-era-taula-entar-abordatge-des-violencies-masclistes-e-lgtbifobiques-dera-val-daran\/"},"modified":"2023-11-23T14:50:13","modified_gmt":"2023-11-23T13:50:13","slug":"eth-govern-daran-cree-era-taula-entar-abordatge-des-violencies-masclistes-e-lgtbifobiques-dera-val-daran","status":"publish","type":"post","link":"https:\/\/www.conselharan.org\/ca\/eth-govern-daran-cree-era-taula-entar-abordatge-des-violencies-masclistes-e-lgtbifobiques-dera-val-daran\/","title":{"rendered":"El govern d&#8217;Aran crea la Mesa per a l&#8217;abordatge de les viol\u00e8ncies masclistes i LGTBIf\u00f2biques de la Val d\u2019Aran"},"content":{"rendered":"<p><a href=\"https:\/\/www.conselharan.org\/wp-content\/uploads\/2023\/11\/IMG_7119-scaled.jpg\"><img loading=\"lazy\" decoding=\"async\" class=\"aligncenter wp-image-55047 size-large\" src=\"https:\/\/www.conselharan.org\/wp-content\/uploads\/2023\/11\/IMG_7119-1024x768.jpg\" alt=\"\" width=\"1024\" height=\"768\" srcset=\"https:\/\/www.conselharan.org\/wp-content\/uploads\/2023\/11\/IMG_7119-1024x768.jpg 1024w, https:\/\/www.conselharan.org\/wp-content\/uploads\/2023\/11\/IMG_7119-300x225.jpg 300w, https:\/\/www.conselharan.org\/wp-content\/uploads\/2023\/11\/IMG_7119-768x576.jpg 768w, https:\/\/www.conselharan.org\/wp-content\/uploads\/2023\/11\/IMG_7119-1536x1152.jpg 1536w, https:\/\/www.conselharan.org\/wp-content\/uploads\/2023\/11\/IMG_7119-2048x1536.jpg 2048w\" sizes=\"(max-width: 1024px) 100vw, 1024px\" \/><\/a><\/p>\n<ul>\n<li>\n<h3><strong>La creaci\u00f3 d&#8217;aquesta Taula de treball respon a la voluntat del govern d&#8217;Aran de consolidar i millorar els circuits i protocols de viol\u00e8ncies al territori i adaptar-los a una nova mirada de les viol\u00e8ncies masclistes i LGTBIf\u00f2biques basada en la garantia dels drets humans amb una perspectiva integral<\/strong><\/h3>\n<\/li>\n<\/ul>\n<p>Aquest mat\u00ed ha tingut lloc a la seu del Conselh Generau d\u2019Aran la reuni\u00f3 de creaci\u00f3 de la Mesa per a l&#8217;abordatge de les viol\u00e8ncies masclistes i LGTBIf\u00f2biques de la Val d\u2019Aran, que ha comptat amb la pres\u00e8ncia de la s\u00edndica d&#8217;Aran, Maria Verg\u00e9s, la consellera de Joventut, Igualtat i Inclusi\u00f3 Social, Maria Menis, els principals responsables de l&#8217;\u00e0mbit social dels Serveis Assistencials Integrats de la Val d\u2019Aran, Oficina de Joenessa del Conselh Generau, agents socials del territori i responsables dels Mossos d&#8217;Esquadra.<\/p>\n<p>\u201cDes del govern d&#8217;Aran hem creat aquesta taula de treball per a l&#8217;abordatge de les viol\u00e8ncies masclistes i LGTBIf\u00f2biques amb la pretensi\u00f3 de consolidar i millorar els circuits de viol\u00e8ncies ael territori aran\u00e8s\u201d assegurava la s\u00edndica d&#8217;Aran, afegint que: \u201cvolem adaptar aquests circuits a una nova mirada de les viol\u00e8ncies masclistes basada en la garantia dels drets humans amb una perspectiva integral\u201d.<\/p>\n<p>La consellera Menis manifestava que aquesta taula: \u201cest\u00e0 pensada per a convertir-se en un \u00f2rgan de treball resolutiu i capa\u00e7 de prendre decisions entorn a la coordinaci\u00f3 i el treball en xarxa del circuit, mantenint una mirada interseccional comptant amb persones expertes en diferents \u00e0mbits de les diferents institucions del territori per a no deixar a cap dona o persona pertanyent al col\u00b7lectiu darrere\u201d.<\/p>\n<p>Aquesta Mesa desenvolupar\u00e0 treballs de diagn\u00f2stic de l&#8217;estructura, funcionament i enfocament dels circuits, de les respostes generades en situacions de viol\u00e8ncies, promour\u00e0 la implicaci\u00f3 del conjunt dels agents del circuit i actualitzar\u00e0 el protocol d&#8217;abordatge de les viol\u00e8ncies masclistes i LGTBIf\u00f2biques en Aran, tant en l&#8217;\u00e0mbit de les urg\u00e8ncies com en prevenci\u00f3, atenci\u00f3 i reparaci\u00f3 individual i comunit\u00e0ria.<\/p>\n ","protected":false},"excerpt":{"rendered":"<p>La creaci\u00f3 d&#8217;aquesta Taula de treball respon a la voluntat del govern d&#8217;Aran de consolidar i millorar els circuits i protocols de viol\u00e8ncies al territori i adaptar-los a una nova mirada de les viol\u00e8ncies masclistes i LGTBIf\u00f2biques basada en la garantia dels drets humans amb una perspectiva integral Aquest mat\u00ed ha tingut lloc a la&#8230;<\/p>\n","protected":false},"author":10,"featured_media":55048,"comment_status":"closed","ping_status":"closed","sticky":false,"template":"","format":"standard","meta":{"footnotes":""},"categories":[],"tags":[],"_links":{"self":[{"href":"https:\/\/www.conselharan.org\/ca\/wp-json\/wp\/v2\/posts\/55055"}],"collection":[{"href":"https:\/\/www.conselharan.org\/ca\/wp-json\/wp\/v2\/posts"}],"about":[{"href":"https:\/\/www.conselharan.org\/ca\/wp-json\/wp\/v2\/types\/post"}],"author":[{"embeddable":true,"href":"https:\/\/www.conselharan.org\/ca\/wp-json\/wp\/v2\/users\/10"}],"replies":[{"embeddable":true,"href":"https:\/\/www.conselharan.org\/ca\/wp-json\/wp\/v2\/comments?post=55055"}],"version-history":[{"count":2,"href":"https:\/\/www.conselharan.org\/ca\/wp-json\/wp\/v2\/posts\/55055\/revisions"}],"predecessor-version":[{"id":55059,"href":"https:\/\/www.conselharan.org\/ca\/wp-json\/wp\/v2\/posts\/55055\/revisions\/55059"}],"wp:featuredmedia":[{"embeddable":true,"href":"https:\/\/www.conselharan.org\/ca\/wp-json\/wp\/v2\/media\/55048"}],"wp:attachment":[{"href":"https:\/\/www.conselharan.org\/ca\/wp-json\/wp\/v2\/media?parent=55055"}],"wp:term":[{"taxonomy":"category","embeddable":true,"href":"https:\/\/www.conselharan.org\/ca\/wp-json\/wp\/v2\/categories?post=55055"},{"taxonomy":"post_tag","embeddable":true,"href":"https:\/\/www.conselharan.org\/ca\/wp-json\/wp\/v2\/tags?post=55055"}],"curies":[{"name":"wp","href":"https:\/\/api.w.org\/{rel}","templated":true}]}}