{"id":55075,"date":"2023-11-24T14:36:00","date_gmt":"2023-11-24T13:36:00","guid":{"rendered":"https:\/\/www.conselharan.org\/eth-govern-daran-inicie-es-sondegi-entara-implementacion-dera-geotermia-en-territori\/"},"modified":"2023-11-24T14:40:46","modified_gmt":"2023-11-24T13:40:46","slug":"eth-govern-daran-inicie-es-sondegi-entara-implementacion-dera-geotermia-en-territori","status":"publish","type":"post","link":"https:\/\/www.conselharan.org\/ca\/eth-govern-daran-inicie-es-sondegi-entara-implementacion-dera-geotermia-en-territori\/","title":{"rendered":"El govern d&#8217;Aran inicia els sondejos per a la implementaci\u00f3 de la geot\u00e8rmia al territori"},"content":{"rendered":"\n\t\t<style type=\"text\/css\">\n\t\t\t#gallery-1 {\n\t\t\t\tmargin: auto;\n\t\t\t}\n\t\t\t#gallery-1 .gallery-item {\n\t\t\t\tfloat: left;\n\t\t\t\tmargin-top: 10px;\n\t\t\t\ttext-align: center;\n\t\t\t\twidth: 50%;\n\t\t\t}\n\t\t\t#gallery-1 img {\n\t\t\t\tborder: 2px solid #cfcfcf;\n\t\t\t}\n\t\t\t#gallery-1 .gallery-caption {\n\t\t\t\tmargin-left: 0;\n\t\t\t}\n\t\t\t\/* see gallery_shortcode() in wp-includes\/media.php *\/\n\t\t<\/style>\n\t\t<div id='gallery-1' class='gallery galleryid-55075 gallery-columns-2 gallery-size-large'><dl class='gallery-item'>\n\t\t\t<dt class='gallery-icon portrait'>\n\t\t\t\t<a href='https:\/\/www.conselharan.org\/ca\/eth-govern-daran-inicie-es-sondegi-entara-implementacion-dera-geotermia-en-territori\/whatsapp-image-2023-11-24-at-13-03-35-2\/'><img loading=\"lazy\" decoding=\"async\" width=\"768\" height=\"1024\" src=\"https:\/\/www.conselharan.org\/wp-content\/uploads\/2023\/11\/WhatsApp-Image-2023-11-24-at-13.03.35-768x1024.jpeg\" class=\"attachment-large size-large\" alt=\"\" srcset=\"https:\/\/www.conselharan.org\/wp-content\/uploads\/2023\/11\/WhatsApp-Image-2023-11-24-at-13.03.35-768x1024.jpeg 768w, https:\/\/www.conselharan.org\/wp-content\/uploads\/2023\/11\/WhatsApp-Image-2023-11-24-at-13.03.35-225x300.jpeg 225w, https:\/\/www.conselharan.org\/wp-content\/uploads\/2023\/11\/WhatsApp-Image-2023-11-24-at-13.03.35-1152x1536.jpeg 1152w, https:\/\/www.conselharan.org\/wp-content\/uploads\/2023\/11\/WhatsApp-Image-2023-11-24-at-13.03.35-1536x2048.jpeg 1536w, https:\/\/www.conselharan.org\/wp-content\/uploads\/2023\/11\/WhatsApp-Image-2023-11-24-at-13.03.35-scaled.jpeg 1920w\" sizes=\"(max-width: 768px) 100vw, 768px\" \/><\/a>\n\t\t\t<\/dt><\/dl><dl class='gallery-item'>\n\t\t\t<dt class='gallery-icon portrait'>\n\t\t\t\t<a href='https:\/\/www.conselharan.org\/ca\/eth-govern-daran-inicie-es-sondegi-entara-implementacion-dera-geotermia-en-territori\/whatsapp-image-2023-11-24-at-13-03-34-2\/'><img loading=\"lazy\" decoding=\"async\" width=\"768\" height=\"1024\" src=\"https:\/\/www.conselharan.org\/wp-content\/uploads\/2023\/11\/WhatsApp-Image-2023-11-24-at-13.03.34-768x1024.jpeg\" class=\"attachment-large size-large\" alt=\"\" srcset=\"https:\/\/www.conselharan.org\/wp-content\/uploads\/2023\/11\/WhatsApp-Image-2023-11-24-at-13.03.34-768x1024.jpeg 768w, https:\/\/www.conselharan.org\/wp-content\/uploads\/2023\/11\/WhatsApp-Image-2023-11-24-at-13.03.34-225x300.jpeg 225w, https:\/\/www.conselharan.org\/wp-content\/uploads\/2023\/11\/WhatsApp-Image-2023-11-24-at-13.03.34-1152x1536.jpeg 1152w, https:\/\/www.conselharan.org\/wp-content\/uploads\/2023\/11\/WhatsApp-Image-2023-11-24-at-13.03.34-1536x2048.jpeg 1536w, https:\/\/www.conselharan.org\/wp-content\/uploads\/2023\/11\/WhatsApp-Image-2023-11-24-at-13.03.34-scaled.jpeg 1920w\" sizes=\"(max-width: 768px) 100vw, 768px\" \/><\/a>\n\t\t\t<\/dt><\/dl><br style=\"clear: both\" \/>\n\t\t<\/div>\n\n<ul>\n<li>\n<h3><strong>Despr\u00e9s dels estudis pertinents, ja s&#8217;ha iniciat la fase d&#8217;exploraci\u00f3 del projecte d&#8217;impuls de la geot\u00e8rmia, amb la realitzaci\u00f3 de dos tipus de sondejos per a dur a terme un monitoratge a trav\u00e9s de la instal\u00b7laci\u00f3 de sensors per a caracteritzar el potencial geot\u00e8rmic, sensors de temperatura per a veure l&#8217;evoluci\u00f3 del terreny i piez\u00f2metres per a estudiar l&#8217;evoluci\u00f3 del nivell de l&#8217;aigua<\/strong><\/h3>\n<\/li>\n<li>\n<h3><strong>El Conselh Generau d\u2019Aran impulsa la implementaci\u00f3 d&#8217;aquesta mena d&#8217;energies renovables juntament amb l\u2019ICGC i l&#8217;Ajuntament de Vielha e Mijaran amb els qui ha establert un acord de col\u00b7laboraci\u00f3<\/strong><\/h3>\n<\/li>\n<li>\n<h3><strong>El principal objectiu del govern d&#8217;Aran \u00e9s avan\u00e7ar cap a un futur m\u00e9s sostenible i eficient energ\u00e8ticament a trav\u00e9s de l&#8217;energia neta de Km 0 que ens brindarien la geot\u00e8rmia, la biomassa i l&#8217;energia solar<\/strong><\/h3>\n<\/li>\n<\/ul>\n<p>El Conselh Generau d\u2019Aran ha comen\u00e7at ja el seu projecte d&#8217;impuls de la geot\u00e8rmia, amb una fase que consisteix en la realitzaci\u00f3 de dos tipus de sondeig: un de bescanviadors geot\u00e8rmics i un altre d&#8217;exploraci\u00f3 amb recuperaci\u00f3 de testimoni.<\/p>\n<p>\u201cMitjan\u00e7ant aquests sondejos podrem con\u00e8ixer quin \u00e9s el tipus de roca i de terreny sobre el qual treballem i, posteriorment, es realitzar\u00e0 un monitoratge a trav\u00e9s de la instal\u00b7laci\u00f3 de sensors per a caracteritzar el potencial geot\u00e8rmic, sensors de temperatura per a veure l&#8217;evoluci\u00f3 del terreny i piez\u00f2metres per a estudiar l&#8217;evoluci\u00f3 del nivell de l&#8217;aigua\u201d, explicava el conseller de Gesti\u00f3 Ambiental i Transici\u00f3 Energ\u00e8tica, Oriol Sala.<\/p>\n<p>La s\u00edndica d&#8217;Aran, Maria Verg\u00e9s, apuntava que: \u201cl&#8217;impuls de les energies renovables \u00e9s vital per al nostre territori i el govern del Conselh Generau d\u2019Aran ja va comen\u00e7ar a treballar en aix\u00f2 a la passada legislatura i esperem poder anar-les implementant al llarg d&#8217;aquests quatre anys\u201d i afegia que: \u201csent conscients del potencial del nostre territori, les energies renovables que plantegem s\u00f3n la geot\u00e8rmia, la biomassa i l&#8217;energia solar, per a poder proveir a Aran d&#8217;una energia neta i de quil\u00f2metre 0 que ens permeti avan\u00e7ar cap a un futur m\u00e9s sostenible i eficient energ\u00e8ticament\u201d.<\/p>\n<p>En aquest sentit, cal recordar que el Conselh Generau d\u2019Aran compta amb un conveni de col\u00b7laboraci\u00f3 amb l&#8217;Institut Cartogr\u00e0fic i Geol\u00f2gic de Catalunya (ICGC) per a l&#8217;impuls de la geot\u00e8rmia a la Val d&#8217;Aran i un altre amb l&#8217;Ajuntament de Vielha e Mijaran per a la valoraci\u00f3 de la viabilitat tecnicoecon\u00f2mica del projecte de la xarxa de climatitzaci\u00f3 urbana 100% renovable a Vielha i per a la promoci\u00f3 de les energies renovables al territori.<\/p>\n<p>\u201cL&#8217;objectiu del govern d&#8217;Aran amb aquests dos convenis \u00e9s intentar fer un estudi previ i elaborar l&#8217;avantprojecte d&#8217;una xarxa de calor amb energies renovables que pugui servir per a proveir al Palai de G\u00e8u, el Palai d&#8217;Esp\u00f2rts, l&#8217;Escola Garona, l&#8217;Institut d&#8217;Aran i un edifici privat, almenys en la fase de projecte\u201d, explicava el conseller Sala, agraint \u201ctant a l\u2019ICGC com a l&#8217;Ajuntament de Vielha e Mijaran la seva col\u00b7laboraci\u00f3 per a dur a terme aquest projecte\u201d.<\/p>\n<p>Una vegada finalitzada la fase d&#8217;exploraci\u00f3, es passaria al seg\u00fcent pas, consistent en un estudi d&#8217;alternatives en el qual, a partir de les necessitats identificades als edificis, es pugui obtenir quina quantitat de demanda es podria cobrir amb cada tipus d&#8217;energia renovable (geot\u00e8rmia, biomassa i energia solar), amb l&#8217;objectiu principal d&#8217;aconseguir substituir les calefaccions actuals basades en combustibles f\u00f2ssils amb una xarxa 100% renovable.<\/p>\n<p>\u00c9s important destacar tamb\u00e9 que la informaci\u00f3 obtinguda d&#8217;aquests sondejos i que ser\u00e0 extrapolable per a gaireb\u00e9 tot el poble de Vielha, ser\u00e0 p\u00fablica i es podr\u00e0 consultar de manera gratu\u00efta una vegada finalitzades les intervencions.<\/p>\n<h3><\/h3>\n<h3><\/h3>\n ","protected":false},"excerpt":{"rendered":"<p>Despr\u00e9s dels estudis pertinents, ja s&#8217;ha iniciat la fase d&#8217;exploraci\u00f3 del projecte d&#8217;impuls de la geot\u00e8rmia, amb la realitzaci\u00f3 de dos tipus de sondejos per a dur a terme un monitoratge a trav\u00e9s de la instal\u00b7laci\u00f3 de sensors per a caracteritzar el potencial geot\u00e8rmic, sensors de temperatura per a veure l&#8217;evoluci\u00f3 del terreny i piez\u00f2metres&#8230;<\/p>\n","protected":false},"author":10,"featured_media":55068,"comment_status":"closed","ping_status":"closed","sticky":false,"template":"","format":"standard","meta":{"footnotes":""},"categories":[],"tags":[],"_links":{"self":[{"href":"https:\/\/www.conselharan.org\/ca\/wp-json\/wp\/v2\/posts\/55075"}],"collection":[{"href":"https:\/\/www.conselharan.org\/ca\/wp-json\/wp\/v2\/posts"}],"about":[{"href":"https:\/\/www.conselharan.org\/ca\/wp-json\/wp\/v2\/types\/post"}],"author":[{"embeddable":true,"href":"https:\/\/www.conselharan.org\/ca\/wp-json\/wp\/v2\/users\/10"}],"replies":[{"embeddable":true,"href":"https:\/\/www.conselharan.org\/ca\/wp-json\/wp\/v2\/comments?post=55075"}],"version-history":[{"count":2,"href":"https:\/\/www.conselharan.org\/ca\/wp-json\/wp\/v2\/posts\/55075\/revisions"}],"predecessor-version":[{"id":55077,"href":"https:\/\/www.conselharan.org\/ca\/wp-json\/wp\/v2\/posts\/55075\/revisions\/55077"}],"wp:featuredmedia":[{"embeddable":true,"href":"https:\/\/www.conselharan.org\/ca\/wp-json\/wp\/v2\/media\/55068"}],"wp:attachment":[{"href":"https:\/\/www.conselharan.org\/ca\/wp-json\/wp\/v2\/media?parent=55075"}],"wp:term":[{"taxonomy":"category","embeddable":true,"href":"https:\/\/www.conselharan.org\/ca\/wp-json\/wp\/v2\/categories?post=55075"},{"taxonomy":"post_tag","embeddable":true,"href":"https:\/\/www.conselharan.org\/ca\/wp-json\/wp\/v2\/tags?post=55075"}],"curies":[{"name":"wp","href":"https:\/\/api.w.org\/{rel}","templated":true}]}}