{"id":55103,"date":"2023-11-27T18:18:04","date_gmt":"2023-11-27T17:18:04","guid":{"rendered":"https:\/\/www.conselharan.org\/auancen-es-trabalhs-deth-govern-aranes-ena-elaboracion-deth-plan-dabitatge-daran\/"},"modified":"2023-11-27T18:21:23","modified_gmt":"2023-11-27T17:21:23","slug":"auancen-es-trabalhs-deth-govern-aranes-ena-elaboracion-deth-plan-dabitatge-daran","status":"publish","type":"post","link":"https:\/\/www.conselharan.org\/ca\/auancen-es-trabalhs-deth-govern-aranes-ena-elaboracion-deth-plan-dabitatge-daran\/","title":{"rendered":"Avancen els treballs del govern aran\u00e8s en l&#8217;elaboraci\u00f3 del Pla d&#8217;Habitatge d&#8217;Aran"},"content":{"rendered":"<p><a href=\"https:\/\/www.conselharan.org\/wp-content\/uploads\/2023\/11\/WhatsApp-Image-2023-11-27-at-18.16.38.jpeg\"><img loading=\"lazy\" decoding=\"async\" class=\"aligncenter wp-image-55095 size-large\" src=\"https:\/\/www.conselharan.org\/wp-content\/uploads\/2023\/11\/WhatsApp-Image-2023-11-27-at-18.16.38-1024x768.jpeg\" alt=\"\" width=\"1024\" height=\"768\" srcset=\"https:\/\/www.conselharan.org\/wp-content\/uploads\/2023\/11\/WhatsApp-Image-2023-11-27-at-18.16.38-1024x768.jpeg 1024w, https:\/\/www.conselharan.org\/wp-content\/uploads\/2023\/11\/WhatsApp-Image-2023-11-27-at-18.16.38-300x225.jpeg 300w, https:\/\/www.conselharan.org\/wp-content\/uploads\/2023\/11\/WhatsApp-Image-2023-11-27-at-18.16.38-768x576.jpeg 768w, https:\/\/www.conselharan.org\/wp-content\/uploads\/2023\/11\/WhatsApp-Image-2023-11-27-at-18.16.38-1536x1152.jpeg 1536w, https:\/\/www.conselharan.org\/wp-content\/uploads\/2023\/11\/WhatsApp-Image-2023-11-27-at-18.16.38.jpeg 1600w\" sizes=\"(max-width: 1024px) 100vw, 1024px\" \/><\/a><\/p>\n<ul>\n<li>\n<h3><strong>Al llarg del dia d&#8217;avui, la s\u00edndica d&#8217;Aran i el conseller d&#8217;Habitatge i Agenda Urbana, han mantingut una reuni\u00f3 amb l&#8217;equip t\u00e8cnic del Conselh Generau d\u2019Aran i una altra amb els Ajuntaments aranesos per a compartir els resultats del proc\u00e9s de participaci\u00f3 ciutadana i les entrevistes amb els Ajuntaments que participen en aquest Pla, exposar les propostes i definir quina ha de ser l&#8217;estructura del Pla d&#8217;Habitatge de la Val d\u2019Aran<\/strong><\/h3>\n<\/li>\n<\/ul>\n<p>Durant el dia d&#8217;avui, la s\u00edndica d&#8217;Aran, Maria Verg\u00e9s, i el conseller d&#8217;Habitatge i Agenda Urbana, Andreu Cort\u00e9s, han mantingut una sessi\u00f3 amb l&#8217;equip t\u00e8cnic del Conselh Generau d\u2019Aran i una reuni\u00f3 de treball amb els Ajuntaments aranesos que formen part del Pla d&#8217;Habitatge de la Val d\u2019Aran, impulsat pel govern d&#8217;Aran.<\/p>\n<p>\u201cDes del govern d&#8217;Aran som conscients que la de l\u2019habitatge \u00e9s una q\u00fcesti\u00f3 que reclama solucions urgents al nostre territori per la falta d&#8217;habitatge assequible que travessem i estem compromesos a fer tot el que sigui a la nostra m\u00e0 per a oferir alternatives que ens permetin millorar la greu situaci\u00f3 actual\u201d assegurava la s\u00edndica d&#8217;Aran, afegint que: \u201cper a aix\u00f2, resulta indispensable que el Conselh Generau d\u2019Aran pugui aconseguir m\u00e9s compet\u00e8ncies, dotades com cal, en aquest \u00e0mbit que ens permetin anar m\u00e9s enll\u00e0 del que ara podem, sense oblidar que, tal com marca l&#8217;article 137 de l&#8217;Estatut d&#8217;Autonomia de Catalunya, la compet\u00e8ncia exclusiva en mat\u00e8ria d&#8217;habitatge correspon a la Generalitat\u201d.<\/p>\n<p>A trav\u00e9s d&#8217;aquest Pla, el govern del Conselh Generau d\u2019Aran duu a terme un triple treball: una an\u00e0lisi de la situaci\u00f3, identificant de manera qualitativa i quantitativa les principals problem\u00e0tiques i potencialitats; un diagn\u00f2stic compartit de la situaci\u00f3 actual en el territori i en cada municipi, tant en relaci\u00f3 amb les problem\u00e0tiques com en relaci\u00f3 a les actuacions que es duen a terme actualment; i una definici\u00f3 de les pol\u00edtiques d&#8217;habitatge que es poden desenvolupar des del Conselh Generau d\u2019Aran.<\/p>\n<p>\u201cDespr\u00e9s del treball realitzat durant els \u00faltims mesos a trav\u00e9s del proc\u00e9s de participaci\u00f3 ciutadana i les entrevistes i enquestes amb els Ajuntaments que participen en aquest Pla, avui hem compartit en aquestes dues reunions els resultats obtinguts en l&#8217;estudi previ, s&#8217;han exposat les propostes i s&#8217;ha definit quina ha de ser l&#8217;estructura del Pla d&#8217;Habitatge d&#8217;Aran\u201d, explicava el conseller Cort\u00e9s, afegint que: \u201cla voluntat del govern aran\u00e8s \u00e9s elaborar un pla on puguem incloure a tots els agents i que sigui el m\u00e9s transversal possible\u201d.<\/p>\n<p>Aquest Pla d&#8217;Habitatge compta amb la participaci\u00f3 de tots els Ajuntaments aranesos excepte del de Naut Aran, que ha declinat participar-hi, i es treballa de manera transversal amb diferents departaments del Conselh Generau d\u2019Aran com els serveis t\u00e8cnics, l&#8217;Oficina Local d&#8217;Habitatge, els Serveis Assistencials Integrats o l&#8217;Oficina de Joventut, entre altres.<\/p>\n ","protected":false},"excerpt":{"rendered":"<p>Al llarg del dia d&#8217;avui, la s\u00edndica d&#8217;Aran i el conseller d&#8217;Habitatge i Agenda Urbana, han mantingut una reuni\u00f3 amb l&#8217;equip t\u00e8cnic del Conselh Generau d\u2019Aran i una altra amb els Ajuntaments aranesos per a compartir els resultats del proc\u00e9s de participaci\u00f3 ciutadana i les entrevistes amb els Ajuntaments que participen en aquest Pla, exposar&#8230;<\/p>\n","protected":false},"author":10,"featured_media":55096,"comment_status":"closed","ping_status":"closed","sticky":false,"template":"","format":"standard","meta":{"footnotes":""},"categories":[],"tags":[],"_links":{"self":[{"href":"https:\/\/www.conselharan.org\/ca\/wp-json\/wp\/v2\/posts\/55103"}],"collection":[{"href":"https:\/\/www.conselharan.org\/ca\/wp-json\/wp\/v2\/posts"}],"about":[{"href":"https:\/\/www.conselharan.org\/ca\/wp-json\/wp\/v2\/types\/post"}],"author":[{"embeddable":true,"href":"https:\/\/www.conselharan.org\/ca\/wp-json\/wp\/v2\/users\/10"}],"replies":[{"embeddable":true,"href":"https:\/\/www.conselharan.org\/ca\/wp-json\/wp\/v2\/comments?post=55103"}],"version-history":[{"count":2,"href":"https:\/\/www.conselharan.org\/ca\/wp-json\/wp\/v2\/posts\/55103\/revisions"}],"predecessor-version":[{"id":55106,"href":"https:\/\/www.conselharan.org\/ca\/wp-json\/wp\/v2\/posts\/55103\/revisions\/55106"}],"wp:featuredmedia":[{"embeddable":true,"href":"https:\/\/www.conselharan.org\/ca\/wp-json\/wp\/v2\/media\/55096"}],"wp:attachment":[{"href":"https:\/\/www.conselharan.org\/ca\/wp-json\/wp\/v2\/media?parent=55103"}],"wp:term":[{"taxonomy":"category","embeddable":true,"href":"https:\/\/www.conselharan.org\/ca\/wp-json\/wp\/v2\/categories?post=55103"},{"taxonomy":"post_tag","embeddable":true,"href":"https:\/\/www.conselharan.org\/ca\/wp-json\/wp\/v2\/tags?post=55103"}],"curies":[{"name":"wp","href":"https:\/\/api.w.org\/{rel}","templated":true}]}}