{"id":55275,"date":"2023-12-13T14:25:33","date_gmt":"2023-12-13T13:25:33","guid":{"rendered":"https:\/\/www.conselharan.org\/?p=55275"},"modified":"2023-12-13T14:25:33","modified_gmt":"2023-12-13T13:25:33","slug":"era-val-daran-vo-representacion-directa-en-parlament-de-catalunya","status":"publish","type":"post","link":"https:\/\/www.conselharan.org\/ca\/era-val-daran-vo-representacion-directa-en-parlament-de-catalunya\/","title":{"rendered":"Era Val d\u2019Aran v\u00f2 representacion dir\u00e8cta en Parlament de Catalunya"},"content":{"rendered":"\n\t\t<style type=\"text\/css\">\n\t\t\t#gallery-1 {\n\t\t\t\tmargin: auto;\n\t\t\t}\n\t\t\t#gallery-1 .gallery-item {\n\t\t\t\tfloat: left;\n\t\t\t\tmargin-top: 10px;\n\t\t\t\ttext-align: center;\n\t\t\t\twidth: 33%;\n\t\t\t}\n\t\t\t#gallery-1 img {\n\t\t\t\tborder: 2px solid #cfcfcf;\n\t\t\t}\n\t\t\t#gallery-1 .gallery-caption {\n\t\t\t\tmargin-left: 0;\n\t\t\t}\n\t\t\t\/* see gallery_shortcode() in wp-includes\/media.php *\/\n\t\t<\/style>\n\t\t<div id='gallery-1' class='gallery galleryid-55275 gallery-columns-3 gallery-size-large'><dl class='gallery-item'>\n\t\t\t<dt class='gallery-icon landscape'>\n\t\t\t\t<a href='https:\/\/www.conselharan.org\/ca\/era-val-daran-vo-representacion-directa-en-parlament-de-catalunya\/whatsapp-image-2023-12-13-at-13-13-05-2-2\/'><img loading=\"lazy\" decoding=\"async\" width=\"1024\" height=\"684\" src=\"https:\/\/www.conselharan.org\/wp-content\/uploads\/2023\/12\/WhatsApp-Image-2023-12-13-at-13.13.05-2-1024x684.jpeg\" class=\"attachment-large size-large\" alt=\"\" srcset=\"https:\/\/www.conselharan.org\/wp-content\/uploads\/2023\/12\/WhatsApp-Image-2023-12-13-at-13.13.05-2-1024x684.jpeg 1024w, https:\/\/www.conselharan.org\/wp-content\/uploads\/2023\/12\/WhatsApp-Image-2023-12-13-at-13.13.05-2-300x200.jpeg 300w, https:\/\/www.conselharan.org\/wp-content\/uploads\/2023\/12\/WhatsApp-Image-2023-12-13-at-13.13.05-2-768x513.jpeg 768w, https:\/\/www.conselharan.org\/wp-content\/uploads\/2023\/12\/WhatsApp-Image-2023-12-13-at-13.13.05-2-1536x1026.jpeg 1536w, https:\/\/www.conselharan.org\/wp-content\/uploads\/2023\/12\/WhatsApp-Image-2023-12-13-at-13.13.05-2.jpeg 1600w\" sizes=\"(max-width: 1024px) 100vw, 1024px\" \/><\/a>\n\t\t\t<\/dt><\/dl><dl class='gallery-item'>\n\t\t\t<dt class='gallery-icon landscape'>\n\t\t\t\t<a href='https:\/\/www.conselharan.org\/ca\/era-val-daran-vo-representacion-directa-en-parlament-de-catalunya\/whatsapp-image-2023-12-13-at-13-13-05-3\/'><img loading=\"lazy\" decoding=\"async\" width=\"1024\" height=\"684\" src=\"https:\/\/www.conselharan.org\/wp-content\/uploads\/2023\/12\/WhatsApp-Image-2023-12-13-at-13.13.05-1024x684.jpeg\" class=\"attachment-large size-large\" alt=\"\" srcset=\"https:\/\/www.conselharan.org\/wp-content\/uploads\/2023\/12\/WhatsApp-Image-2023-12-13-at-13.13.05-1024x684.jpeg 1024w, https:\/\/www.conselharan.org\/wp-content\/uploads\/2023\/12\/WhatsApp-Image-2023-12-13-at-13.13.05-300x200.jpeg 300w, https:\/\/www.conselharan.org\/wp-content\/uploads\/2023\/12\/WhatsApp-Image-2023-12-13-at-13.13.05-768x513.jpeg 768w, https:\/\/www.conselharan.org\/wp-content\/uploads\/2023\/12\/WhatsApp-Image-2023-12-13-at-13.13.05-1536x1026.jpeg 1536w, https:\/\/www.conselharan.org\/wp-content\/uploads\/2023\/12\/WhatsApp-Image-2023-12-13-at-13.13.05.jpeg 1600w\" sizes=\"(max-width: 1024px) 100vw, 1024px\" \/><\/a>\n\t\t\t<\/dt><\/dl><dl class='gallery-item'>\n\t\t\t<dt class='gallery-icon landscape'>\n\t\t\t\t<a href='https:\/\/www.conselharan.org\/ca\/era-val-daran-vo-representacion-directa-en-parlament-de-catalunya\/whatsapp-image-2023-12-13-at-13-13-05-1-2\/'><img loading=\"lazy\" decoding=\"async\" width=\"1024\" height=\"684\" src=\"https:\/\/www.conselharan.org\/wp-content\/uploads\/2023\/12\/WhatsApp-Image-2023-12-13-at-13.13.05-1-1024x684.jpeg\" class=\"attachment-large size-large\" alt=\"\" srcset=\"https:\/\/www.conselharan.org\/wp-content\/uploads\/2023\/12\/WhatsApp-Image-2023-12-13-at-13.13.05-1-1024x684.jpeg 1024w, https:\/\/www.conselharan.org\/wp-content\/uploads\/2023\/12\/WhatsApp-Image-2023-12-13-at-13.13.05-1-300x200.jpeg 300w, https:\/\/www.conselharan.org\/wp-content\/uploads\/2023\/12\/WhatsApp-Image-2023-12-13-at-13.13.05-1-768x513.jpeg 768w, https:\/\/www.conselharan.org\/wp-content\/uploads\/2023\/12\/WhatsApp-Image-2023-12-13-at-13.13.05-1-1536x1026.jpeg 1536w, https:\/\/www.conselharan.org\/wp-content\/uploads\/2023\/12\/WhatsApp-Image-2023-12-13-at-13.13.05-1.jpeg 1600w\" sizes=\"(max-width: 1024px) 100vw, 1024px\" \/><\/a>\n\t\t\t<\/dt><\/dl><br style=\"clear: both\" \/>\n\t\t<\/div>\n\n<h5>Imatge: Parlament de Catalunya (David Aparicio)<\/h5>\n<ul>\n<li>\n<h3><strong>Aquest mat\u00ed ha tingut lloc la compareixen\u00e7a anual de la s\u00edndica d&#8217;Aran al Parlament de Catalunya, que enguany ha estat, per primera vegada i a petici\u00f3 del Conselh Generau d\u2019Aran, al si del Ple del Parlament<\/strong><\/h3>\n<\/li>\n<li>\n<h3><strong>Un dels afers destacats d&#8217;aquesta compareixen\u00e7a ha estat la reclamaci\u00f3 per part de la s\u00edndica d&#8217;Aran perqu\u00e8 la Val d\u2019Aran compti amb un diputat o diputada electe en aquesta cambra, per a representar la singularitat aranesa i com a garantia que l&#8217;aran\u00e8s sigui present al Parlament<\/strong><\/h3>\n<\/li>\n<li>\n<h3><strong>La s\u00edndica d&#8217;Aran tamb\u00e9 ha destacat q\u00fcestions com la necessitat de creaci\u00f3 d&#8217;un model de finan\u00e7ament propi, la reforma de la Llei de R\u00e8gim Especial d&#8217;Aran o la cr\u00edtica situaci\u00f3 de la llengua, entre moltes altres<\/strong><\/h3>\n<\/li>\n<\/ul>\n<p>Aquest migdia ha tingut <strong>lloc la compareixen\u00e7a de la s\u00edndica d&#8217;Aran, Maria Verg\u00e9s, al Parlament de Catalunya<\/strong> per a exposar la realitat de la Val d\u2019Aran, donant compliment al que marca la Llei de R\u00e8gim Especial d&#8217;Aran al seu article 80.2. No obstant aix\u00f2, enguany, <strong>per primera vegada, aquesta compareixen\u00e7a s&#8217;ha dut a terme al Ple del Parlament, a petici\u00f3 del Conselh Generau d\u2019Aran<\/strong>, fent aix\u00ed un pas important en el reconeixement i consolidaci\u00f3 de l&#8217;autogovern aran\u00e8s.<\/p>\n<p><strong>Representaci\u00f3 directa en el Parlament<\/strong><\/p>\n<p>En la seva intervenci\u00f3, la s\u00edndica ha reclamat la representaci\u00f3 directa de la Val d\u2019Aran al Parlament de Catalunya: \u201c <strong>volem que la Val d\u2019Aran compti amb un diputat o diputada electe en aquesta cambra, que no depengui de la voluntat dels partits pol\u00edtics, sin\u00f3 que sigui triat per la ciutadania representant a la nostra terra<\/strong>\u201d, afirmava, afegint: \u201cque Aran tingui representaci\u00f3 directa en aquesta cambra no \u00e9s nom\u00e9s una q\u00fcesti\u00f3 de pres\u00e8ncia de l&#8217;\u00fanic territori dotat de singularitat hist\u00f2rica, institucional, pol\u00edtica, ling\u00fc\u00edstica i cultural de Catalunya, que ja seria una ra\u00f3 de pes, sin\u00f3 que <strong>seria la garantia que la tercera llengua oficial de Catalunya sigui tamb\u00e9 una llengua viva al seu Parlament<\/strong>\u201d.<\/p>\n<p><strong>Llengua pr\u00f2pia d&#8217;Aran i de Catalunya<\/strong><\/p>\n<p>La <strong>situaci\u00f3 cr\u00edtica de la llengua<\/strong> ha estat un dels punts destacats en la seva intervenci\u00f3, <strong>afectada per la falta de recursos econ\u00f2mics i, de vegades, la falta de voluntat <\/strong>de dur a terme pol\u00edtiques d&#8217;impuls de l&#8217;aran\u00e8s.<\/p>\n<p>\u201c<strong>L&#8217;aran\u00e8s ha de ser present en aquesta cambra<\/strong>, no nom\u00e9s com a exercici de normalitat democr\u00e0tica, tamb\u00e9 com una manera d&#8217;exemplificar la diversitat ling\u00fc\u00edstica de Catalunya i de garantir l&#8217;\u00fas de la tercera llengua oficial de Catalunya al Parlament, <strong>perqu\u00e8 \u00e9s tamb\u00e9 llengua de Catalunya, i perqu\u00e8 aquesta cambra representa tamb\u00e9 a tots els aranesos<\/strong>\u201d, manifestava la s\u00edndica.<\/p>\n<p><strong>Un nou model de finan\u00e7ament<\/strong><\/p>\n<p>Verg\u00e9s ha dut a terme un balan\u00e7 de les accions i pol\u00edtiques desenvolupades pel govern d&#8217;Aran en aquest \u00faltim any i ha repassat l&#8217;estat de les compet\u00e8ncies transferides com la gesti\u00f3 de les emerg\u00e8ncies o la sanitat, i aquells \u00e0mbits en els quals \u00e9s necessari treballar per a aconseguir les compet\u00e8ncies i les dotacions necess\u00e0ries com el turisme o l&#8217;esport, entre d\u2019altres.<\/p>\n<p>\u201c<strong>Els instruments amb els que comptem s\u00f3n encara molt escassos<\/strong>\u201d, declarava, afegint que: \u201cm\u00e9s enll\u00e0 dels recursos per al 2024 que la Generalitat contempli per a la Val d\u2019Aran, <strong>el govern d&#8217;Aran vol aconseguir que la m\u00e0xima instituci\u00f3 aranesa tingui un sistema de finan\u00e7ament propi i que els recursos destinats al Conselh Generau d\u2019Aran deixin de dependre de convenis i acords puntals que dinamiten el concepte d&#8217;autogovern i autonomia<\/strong> i, al mateix temps, volem ser corresponsables del nostre finan\u00e7ament i que es desenvolupi el que estableix l&#8217;article 92 de la LREA, sobre la participaci\u00f3 en tributs de la Generalitat i d\u2019altres administracions\u201d.<\/p>\n<p><strong>Reforma de la Llei de R\u00e8gim Especial d&#8217;Aran<\/strong><\/p>\n<p>Parlant del desenvolupament de l&#8217;autogovern d&#8217;Aran, la s\u00edndica ha comunicat als diputats i diputades del Parlament que el govern del Conselh Generau treballa en una modificaci\u00f3 de la Llei de R\u00e8gim Especial d&#8217;Aran per a adaptar-la a la realitat i les necessitats actuals del pa\u00eds.<\/p>\n<p>\u201c<strong>La modificaci\u00f3 de la Llei d&#8217;Aran ha d&#8217;abordar el tracte jur\u00eddic i administratiu d&#8217;una instituci\u00f3 que avui dia \u00e9s considerada en aquests \u00e0mbits, i amb tots els respectes, com un ajuntament gran en lloc de com un govern aut\u00f2nom<\/strong>\u201d, manifestava, afegint que: \u201cvolem dur a terme aquesta modificaci\u00f3 de la m\u00e0 del govern de Catalunya i amb el suport d&#8217;aquesta cambra, en la qual dipositem la nostra confian\u00e7a i que \u00e9s per a Aran la garant que els seus drets seran respectats\u201d.<\/p>\n<p><strong>Llei de Muntanya<\/strong><\/p>\n<p>Aix\u00ed mateix, assegurava que: \u201cno ens volem parar aqu\u00ed, sin\u00f3 que tamb\u00e9 <strong>continuem treballant per a aconseguir el reconeixement de la nostra singularitat per part de l&#8217;Estat<\/strong>\u201d i ha destacat el treball que la m\u00e0xima instituci\u00f3 aranesa duu a terme des de fa uns anys amb les comarques ve\u00efnes per a definir les estrat\u00e8gies de desenvolupament que el Pirineu necessita.<\/p>\n<p>En aquest sentit, la s\u00edndica d&#8217;Aran ha destacat que \u201c<strong>la nova Llei de Muntanya, que aquesta cambra haur\u00e0 de debatre en breu, ha de ser ambiciosa<\/strong> i no ha de quedar a mig fer per a <strong>convertir-se realment en un recurs efectiu que restitueixi el greuge hist\u00f2ric que porta patint aquesta part del pa\u00eds<\/strong>\u201d al que afegia: \u201cresulta imprescindible abordar de manera urgent q\u00fcestions que tenen a veure amb l&#8217;<strong>impuls<\/strong> <strong>de programes espec\u00edfics per a la muntanya adaptats especialment a les circumst\u00e0ncies socials i econ\u00f2miques del Pirineu<\/strong>, i tot aix\u00f2 s&#8217;ha de fer, sense cap mena de dubte, amb el consens del territori. La Llei de Muntanya ser\u00e0 totalment insuficient si no implica una estrat\u00e8gia realista que dui a terme pol\u00edtiques concretes i inversi\u00f3 en els sectors productius per a assegurar la diversificaci\u00f3 econ\u00f2mica i la retenci\u00f3 del talent, entre altres q\u00fcestions\u201d.<\/p>\n<p>La s\u00edndica d&#8217;Aran ha acabat la seva intervenci\u00f3 demanant als diputats i diputades el seu <strong>suport i empatia per a ajudar la Val d&#8217;Aran a desenvolupar la seva autonomia pol\u00edtica<\/strong>, que t\u00e9 com a \u00faltim objectiu el benestar de les persones.<\/p>\n<h1 style=\"margin-top: 0cm;\"><span style=\"font-size: 10.0pt; font-family: 'Lato',sans-serif; font-weight: normal;\">Barcelona, 13 de desembre de 2023<\/span><\/h1>\n ","protected":false},"excerpt":{"rendered":"<p>Imatge: Parlament de Catalunya (David Aparicio) Aquest mat\u00ed ha tingut lloc la compareixen\u00e7a anual de la s\u00edndica d&#8217;Aran al Parlament de Catalunya, que enguany ha estat, per primera vegada i a petici\u00f3 del Conselh Generau d\u2019Aran, al si del Ple del Parlament Un dels afers destacats d&#8217;aquesta compareixen\u00e7a ha estat la reclamaci\u00f3 per part de&#8230;<\/p>\n","protected":false},"author":10,"featured_media":55262,"comment_status":"closed","ping_status":"closed","sticky":false,"template":"","format":"standard","meta":{"footnotes":""},"categories":[53],"tags":[],"_links":{"self":[{"href":"https:\/\/www.conselharan.org\/ca\/wp-json\/wp\/v2\/posts\/55275"}],"collection":[{"href":"https:\/\/www.conselharan.org\/ca\/wp-json\/wp\/v2\/posts"}],"about":[{"href":"https:\/\/www.conselharan.org\/ca\/wp-json\/wp\/v2\/types\/post"}],"author":[{"embeddable":true,"href":"https:\/\/www.conselharan.org\/ca\/wp-json\/wp\/v2\/users\/10"}],"replies":[{"embeddable":true,"href":"https:\/\/www.conselharan.org\/ca\/wp-json\/wp\/v2\/comments?post=55275"}],"version-history":[{"count":1,"href":"https:\/\/www.conselharan.org\/ca\/wp-json\/wp\/v2\/posts\/55275\/revisions"}],"predecessor-version":[{"id":55276,"href":"https:\/\/www.conselharan.org\/ca\/wp-json\/wp\/v2\/posts\/55275\/revisions\/55276"}],"wp:featuredmedia":[{"embeddable":true,"href":"https:\/\/www.conselharan.org\/ca\/wp-json\/wp\/v2\/media\/55262"}],"wp:attachment":[{"href":"https:\/\/www.conselharan.org\/ca\/wp-json\/wp\/v2\/media?parent=55275"}],"wp:term":[{"taxonomy":"category","embeddable":true,"href":"https:\/\/www.conselharan.org\/ca\/wp-json\/wp\/v2\/categories?post=55275"},{"taxonomy":"post_tag","embeddable":true,"href":"https:\/\/www.conselharan.org\/ca\/wp-json\/wp\/v2\/tags?post=55275"}],"curies":[{"name":"wp","href":"https:\/\/api.w.org\/{rel}","templated":true}]}}