{"id":55354,"date":"2023-12-20T13:15:53","date_gmt":"2023-12-20T12:15:53","guid":{"rendered":"https:\/\/www.conselharan.org\/duberta-era-convocatoria-entas-ajuts-leader-3\/"},"modified":"2023-12-20T13:35:25","modified_gmt":"2023-12-20T12:35:25","slug":"duberta-era-convocatoria-entas-ajuts-leader-3","status":"publish","type":"post","link":"https:\/\/www.conselharan.org\/ca\/duberta-era-convocatoria-entas-ajuts-leader-3\/","title":{"rendered":"Oberta la convocat\u00f2ria per a les ajudes \u201cLeader\u201d"},"content":{"rendered":"<p><a href=\"https:\/\/www.conselharan.org\/wp-content\/uploads\/2023\/12\/8eMrCFMJ.jpeg\"><img loading=\"lazy\" decoding=\"async\" class=\"aligncenter wp-image-55350 size-large\" src=\"https:\/\/www.conselharan.org\/wp-content\/uploads\/2023\/12\/8eMrCFMJ-1024x683.jpeg\" alt=\"\" width=\"1024\" height=\"683\" srcset=\"https:\/\/www.conselharan.org\/wp-content\/uploads\/2023\/12\/8eMrCFMJ-1024x683.jpeg 1024w, https:\/\/www.conselharan.org\/wp-content\/uploads\/2023\/12\/8eMrCFMJ-300x200.jpeg 300w, https:\/\/www.conselharan.org\/wp-content\/uploads\/2023\/12\/8eMrCFMJ-768x512.jpeg 768w, https:\/\/www.conselharan.org\/wp-content\/uploads\/2023\/12\/8eMrCFMJ-1536x1024.jpeg 1536w, https:\/\/www.conselharan.org\/wp-content\/uploads\/2023\/12\/8eMrCFMJ.jpeg 2048w\" sizes=\"(max-width: 1024px) 100vw, 1024px\" \/><\/a><\/p>\n<ul>\n<li>\n<h3><strong>El Conselh Generau d\u2019Aran brindar\u00e0 suport per a la petici\u00f3 d&#8217;aquestes ajudes, que es poden demanar fins al 20 de gener i de les quals podran beneficiar-se totes les empreses i ajuntaments de la Val d&#8217;Aran interessats en impulsar un projecte empresarial generador d&#8217;activitat al territori<\/strong><\/h3>\n<\/li>\n<\/ul>\n<p>Ja est\u00e0 oberta la convocat\u00f2ria per a les ajudes europees \u201cLeader\u201d, de les quals podran beneficiar-se totes les empreses i ajuntaments de la Val d&#8217;Aran interessats en impulsar un projecte empresarial generador d&#8217;activitat en el territori.<\/p>\n<p>El Departament d&#8217;Acci\u00f3 Clim\u00e0tica, Alimentaci\u00f3 i Agenda Rural de la Generalitat de Catalunya va seleccionar 11 Grups d&#8217;Acci\u00f3 Local (GAL) Leader, per a aplicar el desenvolupament local participatiu Leader en el marc del Pla Estrat\u00e8gic de la PAC 2023-2027.<\/p>\n<p>Un dels objectius principals dels GAL \u00e9s la dinamitzaci\u00f3 territorial i la divulgaci\u00f3 dels seus projectes m\u00e9s estrat\u00e8gics i bones pr\u00e0ctiques, juntament amb la gesti\u00f3 de les ajudes que convoca anualment el DARP per a fomentar la realitzaci\u00f3 d&#8217;inversions que generen activitat econ\u00f2mica en les zones rurals i fomenten la creaci\u00f3 i\/o manteniment de llocs de treball, principalment de dones i joves, en accions de millora dels processos de transformaci\u00f3 i comercialitzaci\u00f3 dels productes agraris, creaci\u00f3 i desenvolupament de microempreses, foment d&#8217;activitats tur\u00edstiques i conservaci\u00f3 i millora del patrimoni rural i natural.<\/p>\n<p>El termini de presentaci\u00f3 de les ajudes finalitzar\u00e0 el 20 de gener de2024. Les persones interessades a informar-se sobre aquestes subvencions hauran de cridar al Conselh (973\u00a0 64 18 01) i marcar l&#8217;extensi\u00f3 6.<\/p>\n<p>A m\u00e9s, el 10 de gener a les 13.00, tindr\u00e0 lloc una jornada informativa sobre aquestes ajudes a Tremp, que podr\u00e0 seguir-se tamb\u00e9 en l\u00ednia. \u00c9s necessari inscriure&#8217;s pr\u00e8viament en aquest enlla\u00e7:<\/p>\n<p><a href=\"https:\/\/forms.gle\/F35iMSGz433UZg8W6\">https:\/\/forms.gle\/F35iMSGz433UZg8W6<\/a><\/p>\n ","protected":false},"excerpt":{"rendered":"<p>El Conselh Generau d\u2019Aran brindar\u00e0 suport per a la petici\u00f3 d&#8217;aquestes ajudes, que es poden demanar fins al 20 de gener i de les quals podran beneficiar-se totes les empreses i ajuntaments de la Val d&#8217;Aran interessats en impulsar un projecte empresarial generador d&#8217;activitat al territori Ja est\u00e0 oberta la convocat\u00f2ria per a les ajudes&#8230;<\/p>\n","protected":false},"author":10,"featured_media":55351,"comment_status":"closed","ping_status":"closed","sticky":false,"template":"","format":"standard","meta":{"footnotes":""},"categories":[33],"tags":[],"_links":{"self":[{"href":"https:\/\/www.conselharan.org\/ca\/wp-json\/wp\/v2\/posts\/55354"}],"collection":[{"href":"https:\/\/www.conselharan.org\/ca\/wp-json\/wp\/v2\/posts"}],"about":[{"href":"https:\/\/www.conselharan.org\/ca\/wp-json\/wp\/v2\/types\/post"}],"author":[{"embeddable":true,"href":"https:\/\/www.conselharan.org\/ca\/wp-json\/wp\/v2\/users\/10"}],"replies":[{"embeddable":true,"href":"https:\/\/www.conselharan.org\/ca\/wp-json\/wp\/v2\/comments?post=55354"}],"version-history":[{"count":2,"href":"https:\/\/www.conselharan.org\/ca\/wp-json\/wp\/v2\/posts\/55354\/revisions"}],"predecessor-version":[{"id":55359,"href":"https:\/\/www.conselharan.org\/ca\/wp-json\/wp\/v2\/posts\/55354\/revisions\/55359"}],"wp:featuredmedia":[{"embeddable":true,"href":"https:\/\/www.conselharan.org\/ca\/wp-json\/wp\/v2\/media\/55351"}],"wp:attachment":[{"href":"https:\/\/www.conselharan.org\/ca\/wp-json\/wp\/v2\/media?parent=55354"}],"wp:term":[{"taxonomy":"category","embeddable":true,"href":"https:\/\/www.conselharan.org\/ca\/wp-json\/wp\/v2\/categories?post=55354"},{"taxonomy":"post_tag","embeddable":true,"href":"https:\/\/www.conselharan.org\/ca\/wp-json\/wp\/v2\/tags?post=55354"}],"curies":[{"name":"wp","href":"https:\/\/api.w.org\/{rel}","templated":true}]}}