{"id":55438,"date":"2023-12-29T08:00:24","date_gmt":"2023-12-29T07:00:24","guid":{"rendered":"https:\/\/www.conselharan.org\/?p=55438"},"modified":"2023-12-27T14:39:21","modified_gmt":"2023-12-27T13:39:21","slug":"eth-govern-daran-impulse-un-projecte-pilot-de-biodigestors-de-materia-organica","status":"publish","type":"post","link":"https:\/\/www.conselharan.org\/ca\/eth-govern-daran-impulse-un-projecte-pilot-de-biodigestors-de-materia-organica\/","title":{"rendered":"El govern d&#8217;Aran impulsa un projecte pilot de biodigestors de mat\u00e8ria org\u00e0nica"},"content":{"rendered":"\n\t\t<style type=\"text\/css\">\n\t\t\t#gallery-1 {\n\t\t\t\tmargin: auto;\n\t\t\t}\n\t\t\t#gallery-1 .gallery-item {\n\t\t\t\tfloat: left;\n\t\t\t\tmargin-top: 10px;\n\t\t\t\ttext-align: center;\n\t\t\t\twidth: 50%;\n\t\t\t}\n\t\t\t#gallery-1 img {\n\t\t\t\tborder: 2px solid #cfcfcf;\n\t\t\t}\n\t\t\t#gallery-1 .gallery-caption {\n\t\t\t\tmargin-left: 0;\n\t\t\t}\n\t\t\t\/* see gallery_shortcode() in wp-includes\/media.php *\/\n\t\t<\/style>\n\t\t<div id='gallery-1' class='gallery galleryid-55438 gallery-columns-2 gallery-size-large'><dl class='gallery-item'>\n\t\t\t<dt class='gallery-icon landscape'>\n\t\t\t\t<a href='https:\/\/www.conselharan.org\/ca\/eth-govern-daran-impulse-un-projecte-pilot-de-biodigestors-de-materia-organica\/whatsapp-image-2023-12-19-at-22-48-45-2\/'><img loading=\"lazy\" decoding=\"async\" width=\"1024\" height=\"768\" src=\"https:\/\/www.conselharan.org\/wp-content\/uploads\/2023\/12\/WhatsApp-Image-2023-12-19-at-22.48.45-1024x768.jpeg\" class=\"attachment-large size-large\" alt=\"\" srcset=\"https:\/\/www.conselharan.org\/wp-content\/uploads\/2023\/12\/WhatsApp-Image-2023-12-19-at-22.48.45-1024x768.jpeg 1024w, https:\/\/www.conselharan.org\/wp-content\/uploads\/2023\/12\/WhatsApp-Image-2023-12-19-at-22.48.45-300x225.jpeg 300w, https:\/\/www.conselharan.org\/wp-content\/uploads\/2023\/12\/WhatsApp-Image-2023-12-19-at-22.48.45-768x576.jpeg 768w, https:\/\/www.conselharan.org\/wp-content\/uploads\/2023\/12\/WhatsApp-Image-2023-12-19-at-22.48.45-1536x1152.jpeg 1536w, https:\/\/www.conselharan.org\/wp-content\/uploads\/2023\/12\/WhatsApp-Image-2023-12-19-at-22.48.45.jpeg 2048w\" sizes=\"(max-width: 1024px) 100vw, 1024px\" \/><\/a>\n\t\t\t<\/dt><\/dl><dl class='gallery-item'>\n\t\t\t<dt class='gallery-icon landscape'>\n\t\t\t\t<a href='https:\/\/www.conselharan.org\/ca\/eth-govern-daran-impulse-un-projecte-pilot-de-biodigestors-de-materia-organica\/whatsapp-image-2023-12-19-at-22-48-44-2\/'><img loading=\"lazy\" decoding=\"async\" width=\"1024\" height=\"768\" src=\"https:\/\/www.conselharan.org\/wp-content\/uploads\/2023\/12\/WhatsApp-Image-2023-12-19-at-22.48.44-1024x768.jpeg\" class=\"attachment-large size-large\" alt=\"\" srcset=\"https:\/\/www.conselharan.org\/wp-content\/uploads\/2023\/12\/WhatsApp-Image-2023-12-19-at-22.48.44-1024x768.jpeg 1024w, https:\/\/www.conselharan.org\/wp-content\/uploads\/2023\/12\/WhatsApp-Image-2023-12-19-at-22.48.44-300x225.jpeg 300w, https:\/\/www.conselharan.org\/wp-content\/uploads\/2023\/12\/WhatsApp-Image-2023-12-19-at-22.48.44-768x576.jpeg 768w, https:\/\/www.conselharan.org\/wp-content\/uploads\/2023\/12\/WhatsApp-Image-2023-12-19-at-22.48.44-1536x1152.jpeg 1536w, https:\/\/www.conselharan.org\/wp-content\/uploads\/2023\/12\/WhatsApp-Image-2023-12-19-at-22.48.44.jpeg 2048w\" sizes=\"(max-width: 1024px) 100vw, 1024px\" \/><\/a>\n\t\t\t<\/dt><\/dl><br style=\"clear: both\" \/>\n\t\t<\/div>\n\n<ul>\n<li>\n<h3><strong>Amb aquesta prova pilot, el Conselh Generau d\u2019Aran instal\u00b7lar\u00e0 a les escoles de Boss\u00f2st i Vielha compostadores el\u00e8ctriques que permeten compostar les restes org\u00e0niques en vint-i-quatre hores i dur\u00e0 a terme tamb\u00e9 una campanya de formaci\u00f3 i accions de conscienciaci\u00f3 per a fomentar la recollida selectiva i, molt especialment, la correcta separaci\u00f3 dels residus org\u00e0nics<\/strong><\/h3>\n<\/li>\n<\/ul>\n<p>El govern del Conselh Generau d\u2019Aran impulsa una prova pilot d&#8217;implementaci\u00f3 de biodigestors de mat\u00e8ria org\u00e0nica en dos centres educatius de la Val d&#8217;Aran, concretament l&#8217;Escola Sant R\u00f2c de Boss\u00f2st i l&#8217;Escola Garona de Vielha.<\/p>\n<p>\u201cAmb aquest projecte adequarem els espais on han d&#8217;anar instal\u00b7lats aquests biodigestors, que s\u00f3n una esp\u00e8cie de compostadores el\u00e8ctriques que permeten compostar les restes org\u00e0niques en vint-i-quatre hores, i durem a terme tamb\u00e9 \u00a0una campanya de formaci\u00f3 i accions de conscienciaci\u00f3 per a fomentar la recollida selectiva i, molt especialment, la correcta separaci\u00f3 de la mat\u00e8ria org\u00e0nica\u201d, apuntava el conseller de Gesti\u00f3 Ambiental i Transici\u00f3 Energ\u00e8tica, Oriol Sala, afegint que: \u201ca trav\u00e9s d&#8217;accions com aquesta, el govern d&#8217;Aran vol intentar millorar les dades de generaci\u00f3 de residus, per a avan\u00e7ar cap a un futur m\u00e9s verd i sostenible\u201d.<\/p>\n<p>Aquest projecte es duu a terme amb el suport de l&#8217;Ag\u00e8ncia Catalana de Residus, que ha atorgat al govern d&#8217;Aran una ajuda de m\u00e9s de 300.000 \u20ac.<\/p>\n<h3><\/h3>\n ","protected":false},"excerpt":{"rendered":"<p>Amb aquesta prova pilot, el Conselh Generau d\u2019Aran instal\u00b7lar\u00e0 a les escoles de Boss\u00f2st i Vielha compostadores el\u00e8ctriques que permeten compostar les restes org\u00e0niques en vint-i-quatre hores i dur\u00e0 a terme tamb\u00e9 una campanya de formaci\u00f3 i accions de conscienciaci\u00f3 per a fomentar la recollida selectiva i, molt especialment, la correcta separaci\u00f3 dels residus org\u00e0nics&#8230;<\/p>\n","protected":false},"author":10,"featured_media":55429,"comment_status":"closed","ping_status":"closed","sticky":false,"template":"","format":"standard","meta":{"footnotes":""},"categories":[53],"tags":[],"_links":{"self":[{"href":"https:\/\/www.conselharan.org\/ca\/wp-json\/wp\/v2\/posts\/55438"}],"collection":[{"href":"https:\/\/www.conselharan.org\/ca\/wp-json\/wp\/v2\/posts"}],"about":[{"href":"https:\/\/www.conselharan.org\/ca\/wp-json\/wp\/v2\/types\/post"}],"author":[{"embeddable":true,"href":"https:\/\/www.conselharan.org\/ca\/wp-json\/wp\/v2\/users\/10"}],"replies":[{"embeddable":true,"href":"https:\/\/www.conselharan.org\/ca\/wp-json\/wp\/v2\/comments?post=55438"}],"version-history":[{"count":1,"href":"https:\/\/www.conselharan.org\/ca\/wp-json\/wp\/v2\/posts\/55438\/revisions"}],"predecessor-version":[{"id":55439,"href":"https:\/\/www.conselharan.org\/ca\/wp-json\/wp\/v2\/posts\/55438\/revisions\/55439"}],"wp:featuredmedia":[{"embeddable":true,"href":"https:\/\/www.conselharan.org\/ca\/wp-json\/wp\/v2\/media\/55429"}],"wp:attachment":[{"href":"https:\/\/www.conselharan.org\/ca\/wp-json\/wp\/v2\/media?parent=55438"}],"wp:term":[{"taxonomy":"category","embeddable":true,"href":"https:\/\/www.conselharan.org\/ca\/wp-json\/wp\/v2\/categories?post=55438"},{"taxonomy":"post_tag","embeddable":true,"href":"https:\/\/www.conselharan.org\/ca\/wp-json\/wp\/v2\/tags?post=55438"}],"curies":[{"name":"wp","href":"https:\/\/api.w.org\/{rel}","templated":true}]}}