{"id":5551,"date":"2014-11-26T20:50:43","date_gmt":"2014-11-26T19:50:43","guid":{"rendered":"http:\/\/www.conselharan.org\/?p=5551"},"modified":"2014-11-26T20:50:43","modified_gmt":"2014-11-26T19:50:43","slug":"el-departament-dagricultura-i-el-conselh-generau-daran-avalen-la-intervencio-veterinaria-realitzada-a-lossa-auberta","status":"publish","type":"post","link":"https:\/\/www.conselharan.org\/ca\/el-departament-dagricultura-i-el-conselh-generau-daran-avalen-la-intervencio-veterinaria-realitzada-a-lossa-auberta\/","title":{"rendered":"El Departament d&#8217;Agricultura i el Conselh Generau d&#8217;Aran avalen la intervenci\u00f3 veterin\u00e0ria realitzada a l&#8217;ossa Auberta"},"content":{"rendered":"<p><strong>La Facultat de Veterin\u00e0ria de la UAB confirma que l\u2019ossa va morir per un traumatisme accidental<\/strong><\/p>\n<p>El Departament d\u2019Agricultura, Ramaderia, Pesca, Alimentaci\u00f3 i Medi Natural avala la intervenci\u00f3 realitzada en tot moment pels veterinaris de Forestal Catalana, S.A empresa adscrita al Departament davant les acusacions que ha rebut de l\u2019Entitat Ecologista Ipcena.<\/p>\n<p>Forestal Catalana, com a mitj\u00e0 propi, realitza i executa les actuacions que li son encomanades pel Departament d\u2019Agricultura, Ramaderia, Pesca, Alimentaci\u00f3 i Medi Natural.<\/p>\n<p>En el cas de les actuacions veterin\u00e0ries amb l\u2019ossa Auberta, aquestes van ser consensuades i acordades en el Grup de Treball de conservaci\u00f3 de l\u00b4\u00f3s bru als Pirineus, grup constitu\u00eft pels t\u00e8cnics responsables en \u00f3s bru dels Governs espanyol, franc\u00e8s, andorr\u00e0, navarr\u00e8s, aragon\u00e8s, catal\u00e0 i aran\u00e8s. Totes les actuacions amb l\u2019ossa, incloses les veterin\u00e0ries, van ser executades per un equip pluridisciplinari i conjunt de t\u00e8cnics del Conselh Generau d\u2019Aran, de la Generalitat de Catalunya i de l\u2019Office National de la Chasse et de la Faune Sauvage, sota la direcci\u00f3 t\u00e8cnica del Conselh Generau d\u2019Aran.<\/p>\n<p>Sota aquestes directrius, Forestal Catalana va destinar a l\u2019execuci\u00f3 d\u2019aquestes tasques a un dels veterinaris de major experi\u00e8ncia en maneig i cura de fauna salvatge de tota Catalunya, el qual;<\/p>\n<p>\u2022 Compta amb una \u00e0mplia experi\u00e8ncia en l\u2019atenci\u00f3 de 7.000 casos de fauna salvatge durant els darrers cinc anys als Centres de Recuperaci\u00f3 de Fauna Salvatge de la Generalitat de Catalunya, amb m\u00e9s de 500 cirurgies i abastant m\u00e9s de 200 esp\u00e8cies diferents.<\/p>\n<p>\u2022 Durant aquest temps ha estat el veterinari responsable del manteniment dels 2 exemplars d\u2019\u00f3s bru que la Generalitat de Catalunya mantenia en captivitat en un dels dos Centres de Fauna Salvatge mencionats.<\/p>\n<p>\u2022 Enguany, durant la primera setmana de setembre ha participat activament en el maneig i marcatge dels 2 exemplars d\u2019os bru esmentats per al seu posterior trasllat a un santuari d\u2019ossos bruns a Hongria.<\/p>\n<p>\u2022 Tamb\u00e9 ha estat el responsable de la primera anest\u00e8sia i examen cl\u00ednic de la ossa Auberta, el passat 27 de maig.<\/p>\n<p>\u2022 Ha col\u2022laborat i treballat en altres nuclis zool\u00f2gics que acullen de fauna salvatge protegida o fauna cineg\u00e8tica d\u2019Espanya (Parc Zool\u00f2gic de Barcelona, Centres de Fauna Salvatge de Toledo, de Saragossa, Cuenca i Madrid) aix\u00ed com en d\u2019altres de Fran\u00e7a (secci\u00f3 de gesti\u00f3 de fauna del Parc National de la Vanoise), It\u00e0lia (Centre de gesti\u00f3 de fauna salvatge CERIGEFAS, Rore), Estats Units (Raptor Center de la Universitat de Veterin\u00e0ria de Saint Paul, Minnesota) i Canad\u00e0 (Centre de Recuperaci\u00f3 de Fauna Salvatge de Toronto).<\/p>\n<p>\u2022 Ha mantingut una estreta col\u2022laboraci\u00f3 amb el Servei d\u2019Ecopatologia de Fauna Salvatge de la Facultat de Veterin\u00e0ria de la UAB (Departament que ha fet la necr\u00f2psia de la ossa), durant tota la seva formaci\u00f3 professional (captura de diverses esp\u00e8cies d\u2019ungulats salvatges, necr\u00f2psies, il\u2022lustraci\u00f3 de manuals educatius per al mateix departament, entre d\u2019altres).<\/p>\n<p>\u2022 Que precisament aquest veterinari va ser proposat pel Grup de treball de conservaci\u00f3 de l\u00b4\u00f3s bru als Pirineus, per formar part de l\u2019equip pluridisciplinar i conjunt d\u2019actuaci\u00f3 amb l\u2019ossa Auberta.<\/p>\n<p>L\u2019actuaci\u00f3 d\u2019implantaci\u00f3 de l\u2019emissor intraperitoneal (dins l\u2019abdomen de l\u2019animal) realitzat en el cas de l\u2019ossa Auberta, va respondre a una decisi\u00f3 dels t\u00e8cnics experts del Grup de Treball de conservaci\u00f3 de l\u00b4\u00f3s bru als Pirineus, i malauradament, segons s\u2019estableix en l\u2019informe de la necr\u00f2psia del Servei d\u2019Ecopatologia de la Fauna Salvatge de la Facultat de Veterin\u00e0ria de la UAB, la causa de la mort va ser un traumatisme accidental en la zona ventral del animal que tenia una hernia incisional, que li va ocasionar un quadre agut hemorr\u00e0gic i necrosi de l\u2019intest\u00ed prim.<\/p>\n ","protected":false},"excerpt":{"rendered":"<p>La Facultat de Veterin\u00e0ria de la UAB confirma que l\u2019ossa va morir per un traumatisme accidental El Departament d\u2019Agricultura, Ramaderia, Pesca, Alimentaci\u00f3 i Medi Natural avala la intervenci\u00f3 realitzada en tot moment pels veterinaris de Forestal Catalana, S.A empresa adscrita al Departament davant les acusacions que ha rebut de l\u2019Entitat Ecologista Ipcena. Forestal Catalana, com&#8230;<\/p>\n","protected":false},"author":2,"featured_media":0,"comment_status":"closed","ping_status":"closed","sticky":false,"template":"","format":"standard","meta":{"footnotes":""},"categories":[128,127,33],"tags":[],"_links":{"self":[{"href":"https:\/\/www.conselharan.org\/ca\/wp-json\/wp\/v2\/posts\/5551"}],"collection":[{"href":"https:\/\/www.conselharan.org\/ca\/wp-json\/wp\/v2\/posts"}],"about":[{"href":"https:\/\/www.conselharan.org\/ca\/wp-json\/wp\/v2\/types\/post"}],"author":[{"embeddable":true,"href":"https:\/\/www.conselharan.org\/ca\/wp-json\/wp\/v2\/users\/2"}],"replies":[{"embeddable":true,"href":"https:\/\/www.conselharan.org\/ca\/wp-json\/wp\/v2\/comments?post=5551"}],"version-history":[{"count":1,"href":"https:\/\/www.conselharan.org\/ca\/wp-json\/wp\/v2\/posts\/5551\/revisions"}],"predecessor-version":[{"id":5552,"href":"https:\/\/www.conselharan.org\/ca\/wp-json\/wp\/v2\/posts\/5551\/revisions\/5552"}],"wp:attachment":[{"href":"https:\/\/www.conselharan.org\/ca\/wp-json\/wp\/v2\/media?parent=5551"}],"wp:term":[{"taxonomy":"category","embeddable":true,"href":"https:\/\/www.conselharan.org\/ca\/wp-json\/wp\/v2\/categories?post=5551"},{"taxonomy":"post_tag","embeddable":true,"href":"https:\/\/www.conselharan.org\/ca\/wp-json\/wp\/v2\/tags?post=5551"}],"curies":[{"name":"wp","href":"https:\/\/api.w.org\/{rel}","templated":true}]}}