{"id":55525,"date":"2024-01-09T11:30:48","date_gmt":"2024-01-09T10:30:48","guid":{"rendered":"https:\/\/www.conselharan.org\/eth-govern-daran-impulse-un-programa-dactivitat-fisica-e-terapeutica-adrecada-as-majors-de-65-ans\/"},"modified":"2024-02-09T11:40:11","modified_gmt":"2024-02-09T10:40:11","slug":"eth-govern-daran-impulse-un-programa-dactivitat-fisica-e-terapeutica-adrecada-as-majors-de-65-ans","status":"publish","type":"post","link":"https:\/\/www.conselharan.org\/ca\/eth-govern-daran-impulse-un-programa-dactivitat-fisica-e-terapeutica-adrecada-as-majors-de-65-ans\/","title":{"rendered":"El govern d&#8217;Aran impulsa un programa d&#8217;activitat f\u00edsica i terap\u00e8utica dirigida als majors de 65 anys"},"content":{"rendered":"<p><a href=\"https:\/\/www.conselharan.org\/wp-content\/uploads\/2024\/01\/2.png\"><img loading=\"lazy\" decoding=\"async\" class=\"aligncenter wp-image-55551 size-large\" src=\"https:\/\/www.conselharan.org\/wp-content\/uploads\/2024\/01\/2-1024x1024.png\" alt=\"\" width=\"1024\" height=\"1024\" srcset=\"https:\/\/www.conselharan.org\/wp-content\/uploads\/2024\/01\/2-1024x1024.png 1024w, https:\/\/www.conselharan.org\/wp-content\/uploads\/2024\/01\/2-300x300.png 300w, https:\/\/www.conselharan.org\/wp-content\/uploads\/2024\/01\/2-150x150.png 150w, https:\/\/www.conselharan.org\/wp-content\/uploads\/2024\/01\/2-768x768.png 768w, https:\/\/www.conselharan.org\/wp-content\/uploads\/2024\/01\/2-270x270.png 270w, https:\/\/www.conselharan.org\/wp-content\/uploads\/2024\/01\/2-207x207.png 207w, https:\/\/www.conselharan.org\/wp-content\/uploads\/2024\/01\/2-75x75.png 75w, https:\/\/www.conselharan.org\/wp-content\/uploads\/2024\/01\/2.png 1080w\" sizes=\"(max-width: 1024px) 100vw, 1024px\" \/><\/a><\/p>\n<ul>\n<li>\n<h3><strong>El programa \u201cMou-te amb cap\u201d, dirigit per professionals de la salut, combina activitat f\u00edsica i debat general i es dur\u00e0 a terme cada dimecres a partir de dem\u00e0, 10 de gener, a l&#8217;auditori de la Resid\u00e8ncia Sant Ant\u00f2ni de Vielha durant el mes de gener i a l&#8217;antiga Escola Bressol de Les al febrer<\/strong><\/h3>\n<\/li>\n<\/ul>\n<p>El govern del Conselh Generau d\u2019Aran, a trav\u00e9s dels seus Serveis Assistencials Integrats, dur\u00e0 a terme cada dimecres, de 12.00 a 13:30, \u201cMou-te amb cap\u201d, un programa d&#8217;activitat f\u00edsica i debat general dirigit per professionals de la salut i pensat per a persones majors de 65 anys.<\/p>\n<p>\u201cEl principal objectiu del govern del Conselh Generau d\u2019Aran \u00e9s desenvolupar accions i pol\u00edtiques que situ\u00efn a les persones al centre i ajudin a millorar la seva qualitat de vida, i amb aquest objectiu neix aquest programa\u201d, assegurava la s\u00edndica d&#8217;Aran, Maria Verg\u00e9s, afegint que: \u201crespon a la voluntat de vetllar per la salut i autonomia de la nostra gent gran, brindant-los un servei que pensem que els podr\u00e0 servir per a realitzar activitat f\u00edsica i terap\u00e8utica de manera regular i convertir-se en un lloc de trobada on se sentin acompanyats\u201d.<\/p>\n<p>Durant el mes de gener, aquestes sessions es duran a terme a l&#8217;Auditori de la Resid\u00e8ncia Sant Ant\u00f2ni de Vielha i al febrer a l&#8217;antiga Escola Bressol de Les.<\/p>\n<p>Les inscripcions es poden realitzar telefonant al 973 64 31 41.<\/p>\n ","protected":false},"excerpt":{"rendered":"<p>El programa \u201cMou-te amb cap\u201d, dirigit per professionals de la salut, combina activitat f\u00edsica i debat general i es dur\u00e0 a terme cada dimecres a partir de dem\u00e0, 10 de gener, a l&#8217;auditori de la Resid\u00e8ncia Sant Ant\u00f2ni de Vielha durant el mes de gener i a l&#8217;antiga Escola Bressol de Les al febrer El&#8230;<\/p>\n","protected":false},"author":10,"featured_media":55520,"comment_status":"closed","ping_status":"closed","sticky":false,"template":"","format":"standard","meta":{"footnotes":""},"categories":[53,805],"tags":[],"_links":{"self":[{"href":"https:\/\/www.conselharan.org\/ca\/wp-json\/wp\/v2\/posts\/55525"}],"collection":[{"href":"https:\/\/www.conselharan.org\/ca\/wp-json\/wp\/v2\/posts"}],"about":[{"href":"https:\/\/www.conselharan.org\/ca\/wp-json\/wp\/v2\/types\/post"}],"author":[{"embeddable":true,"href":"https:\/\/www.conselharan.org\/ca\/wp-json\/wp\/v2\/users\/10"}],"replies":[{"embeddable":true,"href":"https:\/\/www.conselharan.org\/ca\/wp-json\/wp\/v2\/comments?post=55525"}],"version-history":[{"count":2,"href":"https:\/\/www.conselharan.org\/ca\/wp-json\/wp\/v2\/posts\/55525\/revisions"}],"predecessor-version":[{"id":55555,"href":"https:\/\/www.conselharan.org\/ca\/wp-json\/wp\/v2\/posts\/55525\/revisions\/55555"}],"wp:featuredmedia":[{"embeddable":true,"href":"https:\/\/www.conselharan.org\/ca\/wp-json\/wp\/v2\/media\/55520"}],"wp:attachment":[{"href":"https:\/\/www.conselharan.org\/ca\/wp-json\/wp\/v2\/media?parent=55525"}],"wp:term":[{"taxonomy":"category","embeddable":true,"href":"https:\/\/www.conselharan.org\/ca\/wp-json\/wp\/v2\/categories?post=55525"},{"taxonomy":"post_tag","embeddable":true,"href":"https:\/\/www.conselharan.org\/ca\/wp-json\/wp\/v2\/tags?post=55525"}],"curies":[{"name":"wp","href":"https:\/\/api.w.org\/{rel}","templated":true}]}}