{"id":55574,"date":"2024-01-13T16:46:38","date_gmt":"2024-01-13T15:46:38","guid":{"rendered":"https:\/\/www.conselharan.org\/?p=55574"},"modified":"2024-01-16T14:01:47","modified_gmt":"2024-01-16T13:01:47","slug":"eth-govern-aran-impulse-en-familha-un-nau-espaci-comunitari-datencion-e-aprenedissatge-collectiu","status":"publish","type":"post","link":"https:\/\/www.conselharan.org\/ca\/eth-govern-aran-impulse-en-familha-un-nau-espaci-comunitari-datencion-e-aprenedissatge-collectiu\/","title":{"rendered":"Eth gov\u00e8rn Aran impulse \u201cEn Familha\u201d, un nau espaci comunitari d\u2019atencion e aprenedissatge collectiu"},"content":{"rendered":"<p><a href=\"https:\/\/www.conselharan.org\/wp-content\/uploads\/2024\/01\/Salut-comunitaria-INSTAGRAM-3.jpg\"><img loading=\"lazy\" decoding=\"async\" class=\"aligncenter wp-image-55575 size-large\" src=\"https:\/\/www.conselharan.org\/wp-content\/uploads\/2024\/01\/Salut-comunitaria-INSTAGRAM-3-1024x1024.jpg\" alt=\"\" width=\"1024\" height=\"1024\" srcset=\"https:\/\/www.conselharan.org\/wp-content\/uploads\/2024\/01\/Salut-comunitaria-INSTAGRAM-3-1024x1024.jpg 1024w, https:\/\/www.conselharan.org\/wp-content\/uploads\/2024\/01\/Salut-comunitaria-INSTAGRAM-3-300x300.jpg 300w, https:\/\/www.conselharan.org\/wp-content\/uploads\/2024\/01\/Salut-comunitaria-INSTAGRAM-3-150x150.jpg 150w, https:\/\/www.conselharan.org\/wp-content\/uploads\/2024\/01\/Salut-comunitaria-INSTAGRAM-3-768x768.jpg 768w, https:\/\/www.conselharan.org\/wp-content\/uploads\/2024\/01\/Salut-comunitaria-INSTAGRAM-3-270x270.jpg 270w, https:\/\/www.conselharan.org\/wp-content\/uploads\/2024\/01\/Salut-comunitaria-INSTAGRAM-3-207x207.jpg 207w, https:\/\/www.conselharan.org\/wp-content\/uploads\/2024\/01\/Salut-comunitaria-INSTAGRAM-3-75x75.jpg 75w, https:\/\/www.conselharan.org\/wp-content\/uploads\/2024\/01\/Salut-comunitaria-INSTAGRAM-3.jpg 1080w\" sizes=\"(max-width: 1024px) 100vw, 1024px\" \/><\/a><\/p>\n<ul>\n<li>\n<h3><strong>Aguest recors, que se desvol\u00f2pe a trau\u00e8s des professionaus especializadi des Servicis Assistenciaus Integrats d\u2019Aran de forma anonima e confidenciau, ei un esturment especializat e preventiu que balhe assessorament e informacion as familhes sus t\u00e8mes f\u00f2r\u00e7a diu\u00e8rsi que poguen \u00e8ster deth s\u00f2n inter\u00e8s coma salut mentau, educacion sexuau, nutricion e igi\u00e8na bucau o educacion des hilhs e hilhes enes diferentes estapes, entre d\u2019auti<\/strong><\/h3>\n<\/li>\n<li>\n<h3><strong>Aguest nau servici comence eth pr\u00f2pl\u00e8u dimars, 16 de g\u00e8r ent\u00e0s 16h, damb eth servici \u201cKonsulta\u2019m\u201d sus suenh e gestion emocionau e dim\u00e8rcles, 17 de g\u00e8r ent\u00e0s 17:30h, damb eth talh\u00e8r \u201cXXX -Pirience sus era incomoditat de parlar de p\u00f2rno\u201d, que s\u2019amiar\u00e0n a t\u00e8rme en carr\u00e8r Pomarola 12 de Vielha<\/strong><\/h3>\n<\/li>\n<\/ul>\n<p>Eth gov\u00e8rn d\u2019Aran, a trau\u00e8s des s\u00f2ns Servicis Assistenciaus Integrats, a impulsat un nau espaci comunitari d\u2019atencion especializada e aprenedissatge collectiu. Un recors interdisciplinari, especializat e preventiu qu\u2019aufr\u00eds orientacion, atencion, informacion e assessorament as familhes sus diferents asp\u00e8ctes que poguen \u00e8ster d\u2019inter\u00e8s enes diu\u00e8rses etapes des sues vides.<\/p>\n<p>\u201cDeth Conselh Generau d\u2019Aran en\u00e7\u00e0 \u00e8m plan satisf\u00e8ts de poder amiar endeuant aguesta iniciativa que servir\u00e0 ent\u00e0 qu\u2019es familhes dera Val d\u2019Aran compartisquen es s\u00f2ns dubtes damb es n\u00f2sti professionaus especializadi des Servicis Assistenciaus Integrats, que les poir\u00e0n balhar responses e informacion en airaus coma era educacion sexuau, era nutricion, er emplec de pantalhes, era igualtat, es adiccions o era salut mentau, entre f\u00f2r\u00e7a d\u2019auti\u201d, explicaue era sindica d\u2019Aran, Maria Verg\u00e9s.<\/p>\n<p>Eth servici, qu\u2019ei anonim e confidenciau, s\u2019estructure en diu\u00e8rsi espacis:<\/p>\n<ul>\n<li>\u201cKonsulta\u2019m\u201d: espaci d\u2019atencion individuau damb consultes planificades cada trim\u00e8stre sus diu\u00e8rsi t\u00e8mes coma salut mentau e emocionau, educacion e foncions parentaus, nutricion e igi\u00e8na bucau, educacion sexuau e afectiva, fisioter\u00e0pia e exercici fisic, educacion des hilhs e hilhes enes diferentes estapes. Es consultes poir\u00e0n variar d\u2019un trim\u00e8stre entar aute en foncion des demanes des familhes.<\/li>\n<li>Espaci de talh\u00e8rs e charrades, a on se planifiquen dinamiques participatives dub\u00e8rtes relacionades damb es t\u00e8mes tractadi en Konsulta\u2019m.<\/li>\n<li>Damb un hilat de Comunitat Cuedadora se collab\u00f2re damb er hilat sociau, en tot fomentar era participacion des familhes en activitats comunit\u00e0ries.<\/li>\n<\/ul>\n<p>Aguest nau servici s\u2019amiar\u00e0 a t\u00e8rme toti dimars e dim\u00e8rcles en carr\u00e8r Pomarola 12, de Vielha. Er orari de consulta dub\u00e8rta ser\u00e0 de 16h a 19h e er orari des talh\u00e8rs de 17:30h a 19h.<\/p>\n<p>Er espaci \u201cEn Familha\u201d comen\u00e7ar\u00e0 eth pr\u00f2pl\u00e8u dimars, 16 de g\u00e8r, damb eth servici \u201cKonsulta\u2019m\u201d sus suenh e gestion emocionau, dera man dera psicol\u00f2ga de benestar emocionau, e dim\u00e8rcles, 17 de g\u00e8r damb eth talh\u00e8r \u201cXXX -Pirience sus era incomoditat de parlar de p\u00f2rno\u201d damb era tecnica d\u2019igualtat e era psicol\u00f2ga de mauestars de genre.<\/p>\n ","protected":false},"excerpt":{"rendered":"<p>Aguest recors, que se desvol\u00f2pe a trau\u00e8s des professionaus especializadi des Servicis Assistenciaus Integrats d\u2019Aran de forma anonima e confidenciau, ei un esturment especializat e preventiu que balhe assessorament e informacion as familhes sus t\u00e8mes f\u00f2r\u00e7a diu\u00e8rsi que poguen \u00e8ster deth s\u00f2n inter\u00e8s coma salut mentau, educacion sexuau, nutricion e igi\u00e8na bucau o educacion des&#8230;<\/p>\n","protected":false},"author":10,"featured_media":55575,"comment_status":"closed","ping_status":"closed","sticky":false,"template":"","format":"standard","meta":{"footnotes":""},"categories":[51,787],"tags":[],"_links":{"self":[{"href":"https:\/\/www.conselharan.org\/ca\/wp-json\/wp\/v2\/posts\/55574"}],"collection":[{"href":"https:\/\/www.conselharan.org\/ca\/wp-json\/wp\/v2\/posts"}],"about":[{"href":"https:\/\/www.conselharan.org\/ca\/wp-json\/wp\/v2\/types\/post"}],"author":[{"embeddable":true,"href":"https:\/\/www.conselharan.org\/ca\/wp-json\/wp\/v2\/users\/10"}],"replies":[{"embeddable":true,"href":"https:\/\/www.conselharan.org\/ca\/wp-json\/wp\/v2\/comments?post=55574"}],"version-history":[{"count":1,"href":"https:\/\/www.conselharan.org\/ca\/wp-json\/wp\/v2\/posts\/55574\/revisions"}],"predecessor-version":[{"id":55579,"href":"https:\/\/www.conselharan.org\/ca\/wp-json\/wp\/v2\/posts\/55574\/revisions\/55579"}],"wp:featuredmedia":[{"embeddable":true,"href":"https:\/\/www.conselharan.org\/ca\/wp-json\/wp\/v2\/media\/55575"}],"wp:attachment":[{"href":"https:\/\/www.conselharan.org\/ca\/wp-json\/wp\/v2\/media?parent=55574"}],"wp:term":[{"taxonomy":"category","embeddable":true,"href":"https:\/\/www.conselharan.org\/ca\/wp-json\/wp\/v2\/categories?post=55574"},{"taxonomy":"post_tag","embeddable":true,"href":"https:\/\/www.conselharan.org\/ca\/wp-json\/wp\/v2\/tags?post=55574"}],"curies":[{"name":"wp","href":"https:\/\/api.w.org\/{rel}","templated":true}]}}