{"id":55624,"date":"2024-01-17T13:38:46","date_gmt":"2024-01-17T12:38:46","guid":{"rendered":"https:\/\/www.conselharan.org\/eth-conselh-generau-daran-presidira-eth-consorci-leader-pireneu-occidentau\/"},"modified":"2024-01-17T13:42:35","modified_gmt":"2024-01-17T12:42:35","slug":"eth-conselh-generau-daran-presidira-eth-consorci-leader-pireneu-occidentau","status":"publish","type":"post","link":"https:\/\/www.conselharan.org\/ca\/eth-conselh-generau-daran-presidira-eth-consorci-leader-pireneu-occidentau\/","title":{"rendered":"El Conselh Generau d\u2019Aran presidir\u00e0 el Consorci Leader Pirineu Occidental"},"content":{"rendered":"<p><a href=\"https:\/\/www.conselharan.org\/wp-content\/uploads\/2024\/01\/WhatsApp-Image-2024-01-16-at-16.48.19-scaled.jpeg\"><img loading=\"lazy\" decoding=\"async\" class=\"aligncenter wp-image-55614 size-large\" src=\"https:\/\/www.conselharan.org\/wp-content\/uploads\/2024\/01\/WhatsApp-Image-2024-01-16-at-16.48.19-1024x768.jpeg\" alt=\"\" width=\"1024\" height=\"768\" srcset=\"https:\/\/www.conselharan.org\/wp-content\/uploads\/2024\/01\/WhatsApp-Image-2024-01-16-at-16.48.19-1024x768.jpeg 1024w, https:\/\/www.conselharan.org\/wp-content\/uploads\/2024\/01\/WhatsApp-Image-2024-01-16-at-16.48.19-300x225.jpeg 300w, https:\/\/www.conselharan.org\/wp-content\/uploads\/2024\/01\/WhatsApp-Image-2024-01-16-at-16.48.19-768x576.jpeg 768w, https:\/\/www.conselharan.org\/wp-content\/uploads\/2024\/01\/WhatsApp-Image-2024-01-16-at-16.48.19-1536x1152.jpeg 1536w, https:\/\/www.conselharan.org\/wp-content\/uploads\/2024\/01\/WhatsApp-Image-2024-01-16-at-16.48.19-2048x1536.jpeg 2048w\" sizes=\"(max-width: 1024px) 100vw, 1024px\" \/><\/a><\/p>\n<ul>\n<li>\n<h3><strong>Durant el Ple del Consorci celebrat ahir a Tremp, la s\u00edndica d&#8217;Aran, en representaci\u00f3 del Conselh Generau d\u2019Aran, va ser triada nova presidenta d&#8217;aquest \u00f2rgan gestor de les ajudes Leader a l&#8217;Alta Ribagor\u00e7a, que ostentar\u00e0 la vicepresid\u00e8ncia, Pallars Juss\u00e0, Pallars Sobir\u00e0 i Val d\u2019Aran, i t\u00e9 com a finalitat promoure accions per a fomentar els sectors productius del territori i el desenvolupament rural<\/strong><\/h3>\n<\/li>\n<\/ul>\n<p>Durant la tarda d&#8217;ahir va tenir lloc a Tremp el Ple del Consorci Leader Pirineu Occidental, on es va triar per unanimitat a la s\u00edndica d&#8217;Aran, Maria Verg\u00e9s, com a presidenta d&#8217;aquest \u00f2rgan en nom i representaci\u00f3 del Conselh Generau d\u2019Aran. La vicepresid\u00e8ncia recaur\u00e0 a l&#8217;Alta Ribagor\u00e7a.<\/p>\n<p>\u201cLa Val d\u2019Aran mai havia assumit la presid\u00e8ncia d&#8217;aquest \u00f2rgan, que t\u00e9 una gran import\u00e0ncia per a l&#8217;impuls de projectes p\u00fablics i privats que ajuden a desenvolupar el Pirineu, i des del govern d&#8217;Aran esperem, en aquesta nova etapa, poder treballar i millorar el suport al sector empresarial dels nostres territoris i impulsar projectes transversals que ens ajudin a diversificar la nostra economia, retenir el talent dels nostres joves i oferir una millor qualitat de vida a la gent dels Pallars, Alta Ribagor\u00e7a i Aran\u201d, assegurava la s\u00edndica d&#8217;Aran, afegint que: \u201cdes del govern d&#8217;Aran estem compromesos i estenem la m\u00e0 per a treballar de manera conjunta amb els altres territoris del Pirineu davant els reptes econ\u00f2mics i socials que travessem\u201d.<\/p>\n<p>El Consorci Leader Pirineu Occidental \u00e9s l&#8217;\u00f2rgan gestor de les ajudes Leader a l&#8217;Alta Ribagor\u00e7a, Pallars Juss\u00e0, Pallars Sobir\u00e0 i Val d\u2019Aran. Els Leader s\u00f3n un m\u00e8tode de desenvolupament local amb m\u00e9s de vint anys de traject\u00f2ria per a fer part\u00edcips als agents locals en el disseny i posada en funcionament d&#8217;estrat\u00e8gies, la presa de decisions i l&#8217;assignaci\u00f3 de recursos a trav\u00e9s de fons europeus per al desenvolupament de les zones rurals.<\/p>\n ","protected":false},"excerpt":{"rendered":"<p>Durant el Ple del Consorci celebrat ahir a Tremp, la s\u00edndica d&#8217;Aran, en representaci\u00f3 del Conselh Generau d\u2019Aran, va ser triada nova presidenta d&#8217;aquest \u00f2rgan gestor de les ajudes Leader a l&#8217;Alta Ribagor\u00e7a, que ostentar\u00e0 la vicepresid\u00e8ncia, Pallars Juss\u00e0, Pallars Sobir\u00e0 i Val d\u2019Aran, i t\u00e9 com a finalitat promoure accions per a fomentar els&#8230;<\/p>\n","protected":false},"author":10,"featured_media":55615,"comment_status":"closed","ping_status":"closed","sticky":false,"template":"","format":"standard","meta":{"footnotes":""},"categories":[],"tags":[],"_links":{"self":[{"href":"https:\/\/www.conselharan.org\/ca\/wp-json\/wp\/v2\/posts\/55624"}],"collection":[{"href":"https:\/\/www.conselharan.org\/ca\/wp-json\/wp\/v2\/posts"}],"about":[{"href":"https:\/\/www.conselharan.org\/ca\/wp-json\/wp\/v2\/types\/post"}],"author":[{"embeddable":true,"href":"https:\/\/www.conselharan.org\/ca\/wp-json\/wp\/v2\/users\/10"}],"replies":[{"embeddable":true,"href":"https:\/\/www.conselharan.org\/ca\/wp-json\/wp\/v2\/comments?post=55624"}],"version-history":[{"count":1,"href":"https:\/\/www.conselharan.org\/ca\/wp-json\/wp\/v2\/posts\/55624\/revisions"}],"predecessor-version":[{"id":55625,"href":"https:\/\/www.conselharan.org\/ca\/wp-json\/wp\/v2\/posts\/55624\/revisions\/55625"}],"wp:featuredmedia":[{"embeddable":true,"href":"https:\/\/www.conselharan.org\/ca\/wp-json\/wp\/v2\/media\/55615"}],"wp:attachment":[{"href":"https:\/\/www.conselharan.org\/ca\/wp-json\/wp\/v2\/media?parent=55624"}],"wp:term":[{"taxonomy":"category","embeddable":true,"href":"https:\/\/www.conselharan.org\/ca\/wp-json\/wp\/v2\/categories?post=55624"},{"taxonomy":"post_tag","embeddable":true,"href":"https:\/\/www.conselharan.org\/ca\/wp-json\/wp\/v2\/tags?post=55624"}],"curies":[{"name":"wp","href":"https:\/\/api.w.org\/{rel}","templated":true}]}}