{"id":55645,"date":"2024-01-18T14:30:16","date_gmt":"2024-01-18T13:30:16","guid":{"rendered":"https:\/\/www.conselharan.org\/amassada-deth-conselh-generau-daran-damb-er-ajuntament-de-bossost\/"},"modified":"2024-01-18T14:40:53","modified_gmt":"2024-01-18T13:40:53","slug":"amassada-deth-conselh-generau-daran-damb-er-ajuntament-de-bossost","status":"publish","type":"post","link":"https:\/\/www.conselharan.org\/ca\/amassada-deth-conselh-generau-daran-damb-er-ajuntament-de-bossost\/","title":{"rendered":"Reuni\u00f3 del Conselh Generau d\u2019Aran amb l&#8217;Ajuntament de Boss\u00f2st"},"content":{"rendered":"<p><a href=\"https:\/\/www.conselharan.org\/wp-content\/uploads\/2024\/01\/IMG_8186-scaled.jpg\"><img loading=\"lazy\" decoding=\"async\" class=\"aligncenter wp-image-55635 size-large\" src=\"https:\/\/www.conselharan.org\/wp-content\/uploads\/2024\/01\/IMG_8186-1024x768.jpg\" alt=\"\" width=\"1024\" height=\"768\" srcset=\"https:\/\/www.conselharan.org\/wp-content\/uploads\/2024\/01\/IMG_8186-1024x768.jpg 1024w, https:\/\/www.conselharan.org\/wp-content\/uploads\/2024\/01\/IMG_8186-300x225.jpg 300w, https:\/\/www.conselharan.org\/wp-content\/uploads\/2024\/01\/IMG_8186-768x576.jpg 768w, https:\/\/www.conselharan.org\/wp-content\/uploads\/2024\/01\/IMG_8186-1536x1152.jpg 1536w, https:\/\/www.conselharan.org\/wp-content\/uploads\/2024\/01\/IMG_8186-2048x1536.jpg 2048w\" sizes=\"(max-width: 1024px) 100vw, 1024px\" \/><\/a><\/p>\n<ul>\n<li>\n<h3><strong>La s\u00edndica d&#8217;Aran i el vices\u00edndic segon s&#8217;han reunit aquest mat\u00ed amb l&#8217;alcaldessa i el tinent d&#8217;alcalde de Boss\u00f2st per a tractar sobre la col\u00b7laboraci\u00f3 del Conselh Generau d\u2019Aran en la rehabilitaci\u00f3 de l&#8217;edifici de l&#8217;antic cinema del municipi<\/strong><\/h3>\n<\/li>\n<\/ul>\n<p>Aquest mat\u00ed, la s\u00edndica d&#8217;Aran, Maria Verg\u00e9s, i el vices\u00edndic segon, Franc\u00e9s Bruna, han mantingut una reuni\u00f3 amb l&#8217;alcaldessa de Boss\u00f2st, Montserrat de Burgos, i el tinent d&#8217;alcalde, Francisco Rodr\u00edguez, per a tractar sobre la col\u00b7laboraci\u00f3 del Conselh Generau d\u2019Aran en la rehabilitaci\u00f3 de l&#8217;edifici de l&#8217;antic cinema del municipi.<\/p>\n<p>Durant la reuni\u00f3, el govern d&#8217;Aran ha traslladat a l&#8217;Ajuntament la voluntat d&#8217;aconseguir un acord per a col\u00b7laborar econ\u00f2micament amb la rehabilitaci\u00f3 d&#8217;aquest edifici, que \u00e9s propietat del consistori.<\/p>\n<p>S&#8217;ha convingut que l&#8217;Ajuntament de Boss\u00f2st pugui presentar al Conselh Generau el projecte de millora i \u00fas de l&#8217;equipament per a con\u00e8ixer quina \u00e9s la voluntat del consistori amb aquest edifici i que es pugui ajustar als objectius de govern de la m\u00e0xima instituci\u00f3 aranesa.<\/p>\n<p>En aquest sentit, en la passada legislatura, els anteriors governs d\u2019ambdues institucions havien acordat aquesta col\u00b7laboraci\u00f3 per a destinar l&#8217;antic cinema com a centre cultural i com a viver d&#8217;empreses i espai coworking, per a brindar suport als joves emprenedors.<\/p>\n<p>Despr\u00e9s de la reuni\u00f3 mantinguda avui, ambdues institucions s&#8217;han empla\u00e7at a continuar tractant aquest tema durant les pr\u00f2ximes setmanes, una vegada l&#8217;Ajuntament hagi fet arribar una proposta m\u00e9s detallada sobre l&#8217;\u00fas i millora de l&#8217;equipament.<\/p>\n ","protected":false},"excerpt":{"rendered":"<p>La s\u00edndica d&#8217;Aran i el vices\u00edndic segon s&#8217;han reunit aquest mat\u00ed amb l&#8217;alcaldessa i el tinent d&#8217;alcalde de Boss\u00f2st per a tractar sobre la col\u00b7laboraci\u00f3 del Conselh Generau d\u2019Aran en la rehabilitaci\u00f3 de l&#8217;edifici de l&#8217;antic cinema del municipi Aquest mat\u00ed, la s\u00edndica d&#8217;Aran, Maria Verg\u00e9s, i el vices\u00edndic segon, Franc\u00e9s Bruna, han mantingut una&#8230;<\/p>\n","protected":false},"author":10,"featured_media":55636,"comment_status":"closed","ping_status":"closed","sticky":false,"template":"","format":"standard","meta":{"footnotes":""},"categories":[],"tags":[],"_links":{"self":[{"href":"https:\/\/www.conselharan.org\/ca\/wp-json\/wp\/v2\/posts\/55645"}],"collection":[{"href":"https:\/\/www.conselharan.org\/ca\/wp-json\/wp\/v2\/posts"}],"about":[{"href":"https:\/\/www.conselharan.org\/ca\/wp-json\/wp\/v2\/types\/post"}],"author":[{"embeddable":true,"href":"https:\/\/www.conselharan.org\/ca\/wp-json\/wp\/v2\/users\/10"}],"replies":[{"embeddable":true,"href":"https:\/\/www.conselharan.org\/ca\/wp-json\/wp\/v2\/comments?post=55645"}],"version-history":[{"count":1,"href":"https:\/\/www.conselharan.org\/ca\/wp-json\/wp\/v2\/posts\/55645\/revisions"}],"predecessor-version":[{"id":55646,"href":"https:\/\/www.conselharan.org\/ca\/wp-json\/wp\/v2\/posts\/55645\/revisions\/55646"}],"wp:featuredmedia":[{"embeddable":true,"href":"https:\/\/www.conselharan.org\/ca\/wp-json\/wp\/v2\/media\/55636"}],"wp:attachment":[{"href":"https:\/\/www.conselharan.org\/ca\/wp-json\/wp\/v2\/media?parent=55645"}],"wp:term":[{"taxonomy":"category","embeddable":true,"href":"https:\/\/www.conselharan.org\/ca\/wp-json\/wp\/v2\/categories?post=55645"},{"taxonomy":"post_tag","embeddable":true,"href":"https:\/\/www.conselharan.org\/ca\/wp-json\/wp\/v2\/tags?post=55645"}],"curies":[{"name":"wp","href":"https:\/\/api.w.org\/{rel}","templated":true}]}}