{"id":5572,"date":"2014-11-28T12:26:14","date_gmt":"2014-11-28T11:26:14","guid":{"rendered":"http:\/\/www.conselharan.org\/?p=5572"},"modified":"2014-11-28T12:26:14","modified_gmt":"2014-11-28T11:26:14","slug":"primer-campionat-internacional-de-la-temporada-del-patinador-aranes-ton-consul-vivar","status":"publish","type":"post","link":"https:\/\/www.conselharan.org\/ca\/primer-campionat-internacional-de-la-temporada-del-patinador-aranes-ton-consul-vivar\/","title":{"rendered":"Primer campionat internacional de la temporada del patinador aran\u00e8s, T\u00f2n C\u00f3nsul Vivar"},"content":{"rendered":"<p><a href=\"http:\/\/www.conselharan.org\/wp-content\/uploads\/2014\/11\/ton_canillo.jpg\"><img loading=\"lazy\" decoding=\"async\" class=\"aligncenter size-full wp-image-5567\" alt=\"ton_canillo\" src=\"http:\/\/www.conselharan.org\/wp-content\/uploads\/2014\/11\/ton_canillo.jpg\" width=\"640\" height=\"640\" srcset=\"https:\/\/www.conselharan.org\/wp-content\/uploads\/2014\/11\/ton_canillo.jpg 640w, https:\/\/www.conselharan.org\/wp-content\/uploads\/2014\/11\/ton_canillo-150x150.jpg 150w, https:\/\/www.conselharan.org\/wp-content\/uploads\/2014\/11\/ton_canillo-300x300.jpg 300w, https:\/\/www.conselharan.org\/wp-content\/uploads\/2014\/11\/ton_canillo-270x270.jpg 270w, https:\/\/www.conselharan.org\/wp-content\/uploads\/2014\/11\/ton_canillo-207x207.jpg 207w, https:\/\/www.conselharan.org\/wp-content\/uploads\/2014\/11\/ton_canillo-75x75.jpg 75w\" sizes=\"(max-width: 640px) 100vw, 640px\" \/><\/a><\/p>\n<p>El patinador aran\u00e8s, <strong>T\u00f2n C\u00f3nsul<\/strong>, va participar el cap de setmana passat en la prova Internacional celebrada en Canillo- Andorra. Aquest any, aquesta prova de car\u00e0cter internacional, est\u00e0 dins del calendari de proves reconegudes per la Federaci\u00f3 Internacional (OPEN ISU), i per aix\u00f2, van participar els millors patinadors espanyols que competeixen en categories internacionals. Va haver-hi tamb\u00e9 destacada representaci\u00f3 internacional.<\/p>\n<p><a href=\"http:\/\/www.conselharan.org\/wp-content\/uploads\/2014\/11\/ton_podium_canillo.jpg\"><img loading=\"lazy\" decoding=\"async\" class=\"aligncenter size-full wp-image-5568\" alt=\"ton_podium_canillo\" src=\"http:\/\/www.conselharan.org\/wp-content\/uploads\/2014\/11\/ton_podium_canillo.jpg\" width=\"960\" height=\"720\" srcset=\"https:\/\/www.conselharan.org\/wp-content\/uploads\/2014\/11\/ton_podium_canillo.jpg 960w, https:\/\/www.conselharan.org\/wp-content\/uploads\/2014\/11\/ton_podium_canillo-300x225.jpg 300w\" sizes=\"(max-width: 960px) 100vw, 960px\" \/><\/a><\/p>\n<p>Despr\u00e9s dels dos dies de competici\u00f3, el podi va estar format en l&#8217;Itali\u00e0 Adrien Bannister. que va aconseguir l&#8217;or, Aleix Gabara, del FCB en segona posici\u00f3 i en la tercera, <strong>T\u00f2n C\u00f3nsul,<\/strong> tamb\u00e9 del FCB.<\/p>\n<p>Despr\u00e9s de la primera jornada en qu\u00e8 es realitzava el programa curt, el patinador aran\u00e8s estava situat en la primera posici\u00f3. En el segon dia de la competici\u00f3, despr\u00e9s del programa lliure que estrena aquesta temporada, el patinador va perdre dues posicions en la classificaci\u00f3 final. El nou programa lliure de <strong>C\u00f3nsul<\/strong> recrea la figura de Sherlock Holmes, acompanyat per la banda sonora de l&#8217;\u00faltima versi\u00f3 estrenada en cinema. Aquest programa cont\u00e9 cinc triples de molta dificultat, destacant tamb\u00e9 el nivell de les seves piruetes.<\/p>\n<p><strong>T\u00f2n<\/strong> ens va comentar que<strong> segueix entrenant dur i el seu proper objectiu \u00e9s el campionat d&#8217;Espanya que se celebrar\u00e0 al desembre a la ciutat de Granada.<\/strong><\/p>\n ","protected":false},"excerpt":{"rendered":"<p>El patinador aran\u00e8s, T\u00f2n C\u00f3nsul, va participar el cap de setmana passat en la prova Internacional celebrada en Canillo- Andorra. Aquest any, aquesta prova de car\u00e0cter internacional, est\u00e0 dins del calendari de proves reconegudes per la Federaci\u00f3 Internacional (OPEN ISU), i per aix\u00f2, van participar els millors patinadors espanyols que competeixen en categories internacionals. Va&#8230;<\/p>\n","protected":false},"author":2,"featured_media":5567,"comment_status":"closed","ping_status":"closed","sticky":false,"template":"","format":"standard","meta":{"footnotes":""},"categories":[33,36],"tags":[],"_links":{"self":[{"href":"https:\/\/www.conselharan.org\/ca\/wp-json\/wp\/v2\/posts\/5572"}],"collection":[{"href":"https:\/\/www.conselharan.org\/ca\/wp-json\/wp\/v2\/posts"}],"about":[{"href":"https:\/\/www.conselharan.org\/ca\/wp-json\/wp\/v2\/types\/post"}],"author":[{"embeddable":true,"href":"https:\/\/www.conselharan.org\/ca\/wp-json\/wp\/v2\/users\/2"}],"replies":[{"embeddable":true,"href":"https:\/\/www.conselharan.org\/ca\/wp-json\/wp\/v2\/comments?post=5572"}],"version-history":[{"count":1,"href":"https:\/\/www.conselharan.org\/ca\/wp-json\/wp\/v2\/posts\/5572\/revisions"}],"predecessor-version":[{"id":5573,"href":"https:\/\/www.conselharan.org\/ca\/wp-json\/wp\/v2\/posts\/5572\/revisions\/5573"}],"wp:featuredmedia":[{"embeddable":true,"href":"https:\/\/www.conselharan.org\/ca\/wp-json\/wp\/v2\/media\/5567"}],"wp:attachment":[{"href":"https:\/\/www.conselharan.org\/ca\/wp-json\/wp\/v2\/media?parent=5572"}],"wp:term":[{"taxonomy":"category","embeddable":true,"href":"https:\/\/www.conselharan.org\/ca\/wp-json\/wp\/v2\/categories?post=5572"},{"taxonomy":"post_tag","embeddable":true,"href":"https:\/\/www.conselharan.org\/ca\/wp-json\/wp\/v2\/tags?post=5572"}],"curies":[{"name":"wp","href":"https:\/\/api.w.org\/{rel}","templated":true}]}}