{"id":55744,"date":"2024-01-24T17:18:44","date_gmt":"2024-01-24T16:18:44","guid":{"rendered":"https:\/\/www.conselharan.org\/era-val-daran-presente-era-sua-auferta-toristica-en-fitur\/"},"modified":"2024-01-25T09:54:46","modified_gmt":"2024-01-25T08:54:46","slug":"era-val-daran-presente-era-sua-auferta-toristica-en-fitur","status":"publish","type":"post","link":"https:\/\/www.conselharan.org\/ca\/era-val-daran-presente-era-sua-auferta-toristica-en-fitur\/","title":{"rendered":"La Val d\u2019Aran presenta la seva oferta tur\u00edstica en FITUR"},"content":{"rendered":"<p><a href=\"https:\/\/www.conselharan.org\/wp-content\/uploads\/2024\/01\/Image-2024-01-24-at-13.16.36-scaled.jpeg\"><img loading=\"lazy\" decoding=\"async\" class=\"aligncenter wp-image-55734 size-large\" src=\"https:\/\/www.conselharan.org\/wp-content\/uploads\/2024\/01\/Image-2024-01-24-at-13.16.36-1024x768.jpeg\" alt=\"\" width=\"1024\" height=\"768\" srcset=\"https:\/\/www.conselharan.org\/wp-content\/uploads\/2024\/01\/Image-2024-01-24-at-13.16.36-1024x768.jpeg 1024w, https:\/\/www.conselharan.org\/wp-content\/uploads\/2024\/01\/Image-2024-01-24-at-13.16.36-300x225.jpeg 300w, https:\/\/www.conselharan.org\/wp-content\/uploads\/2024\/01\/Image-2024-01-24-at-13.16.36-768x576.jpeg 768w, https:\/\/www.conselharan.org\/wp-content\/uploads\/2024\/01\/Image-2024-01-24-at-13.16.36-1536x1152.jpeg 1536w, https:\/\/www.conselharan.org\/wp-content\/uploads\/2024\/01\/Image-2024-01-24-at-13.16.36-2048x1536.jpeg 2048w\" sizes=\"(max-width: 1024px) 100vw, 1024px\" \/><\/a><\/p>\n<ul>\n<li>\n<h3><strong>La s\u00edndica d&#8217;Aran, Maria Verg\u00e9s, juntament amb els consellers Amador Marqu\u00e9s i Josep Canut, i representants del departament de Turisme del Conselh Generau d\u2019Aran, s\u00f3n presents aquests dies en la Fira Internacional de Turisme de Madrid, promocionant Aran com a destinaci\u00f3 que aposta i treballa en la sostenibilitat i en la cura a les nostres muntanyes i a la nostra singularitat i cultura<\/strong><\/h3>\n<\/li>\n<\/ul>\n<p>La Fira Internacional de Turisme de Madrid (FITUR) se celebra aquest anys entre els dies 24 i 28 de gener, i la s\u00edndica d&#8217;Aran, Maria Verg\u00e9s, els consellers de Governan\u00e7a, Innovaci\u00f3, Economia i Turisme, Amador Marqu\u00e9s, i Promoci\u00f3 Econ\u00f2mica, Comer\u00e7 i Mobilitat, Josep Canut, i diversos t\u00e8cnics i t\u00e8cniques del departament de Turisme del Conselh Generau d\u2019Aran s\u00f3n presents en aquest esdeveniment de refer\u00e8ncia en el sector internacional del turisme.<\/p>\n<p>\u201cLa Val d\u2019Aran ha estat present en FITUR en totes les seves edicions i per a nosaltres suposa una oportunitat molt important de poder promocionar el nostre territori de cara a nous mercats internacionals i de posar-nos en contacte amb ells per a buscar recursos i ser presents en m\u00e9s pa\u00efsos\u201d, afirmava el vices\u00edndico i conseller Marqu\u00e8s.<\/p>\n<p>Per part seva, la s\u00edndica d&#8217;Aran destacava que: \u201cel comprom\u00eds del govern d&#8217;Aran \u00e9s avan\u00e7ar cap a un turisme sostenible i respectu\u00f3s amb el nostre territori\u201d i afegia que: \u201ca trav\u00e9s del nostre Pla de Sostenibilitat Tur\u00edstica, treballem en assumptes tan importants com la mobilitat sostenible, el control d&#8217;accessos, la desestacionalitzaci\u00f3 i diversificaci\u00f3 de l&#8217;oferta tur\u00edstica o la implementaci\u00f3 de les noves tecnologies\u201d.<\/p>\n<p>\u201cEn aquest esdeveniment, volem donar a con\u00e8ixer la nostra destinaci\u00f3, per\u00f2 tamb\u00e9 el nostre comer\u00e7, gastronomia i els serveis que situen a la Val d\u2019Aran com un territori de refer\u00e8ncia\u201d, afegia el conseller Canut.<\/p>\n ","protected":false},"excerpt":{"rendered":"<p>La s\u00edndica d&#8217;Aran, Maria Verg\u00e9s, juntament amb els consellers Amador Marqu\u00e9s i Josep Canut, i representants del departament de Turisme del Conselh Generau d\u2019Aran, s\u00f3n presents aquests dies en la Fira Internacional de Turisme de Madrid, promocionant Aran com a destinaci\u00f3 que aposta i treballa en la sostenibilitat i en la cura a les nostres&#8230;<\/p>\n","protected":false},"author":10,"featured_media":55735,"comment_status":"closed","ping_status":"closed","sticky":false,"template":"","format":"standard","meta":{"footnotes":""},"categories":[33,139],"tags":[],"_links":{"self":[{"href":"https:\/\/www.conselharan.org\/ca\/wp-json\/wp\/v2\/posts\/55744"}],"collection":[{"href":"https:\/\/www.conselharan.org\/ca\/wp-json\/wp\/v2\/posts"}],"about":[{"href":"https:\/\/www.conselharan.org\/ca\/wp-json\/wp\/v2\/types\/post"}],"author":[{"embeddable":true,"href":"https:\/\/www.conselharan.org\/ca\/wp-json\/wp\/v2\/users\/10"}],"replies":[{"embeddable":true,"href":"https:\/\/www.conselharan.org\/ca\/wp-json\/wp\/v2\/comments?post=55744"}],"version-history":[{"count":2,"href":"https:\/\/www.conselharan.org\/ca\/wp-json\/wp\/v2\/posts\/55744\/revisions"}],"predecessor-version":[{"id":55746,"href":"https:\/\/www.conselharan.org\/ca\/wp-json\/wp\/v2\/posts\/55744\/revisions\/55746"}],"wp:featuredmedia":[{"embeddable":true,"href":"https:\/\/www.conselharan.org\/ca\/wp-json\/wp\/v2\/media\/55735"}],"wp:attachment":[{"href":"https:\/\/www.conselharan.org\/ca\/wp-json\/wp\/v2\/media?parent=55744"}],"wp:term":[{"taxonomy":"category","embeddable":true,"href":"https:\/\/www.conselharan.org\/ca\/wp-json\/wp\/v2\/categories?post=55744"},{"taxonomy":"post_tag","embeddable":true,"href":"https:\/\/www.conselharan.org\/ca\/wp-json\/wp\/v2\/tags?post=55744"}],"curies":[{"name":"wp","href":"https:\/\/api.w.org\/{rel}","templated":true}]}}