{"id":55758,"date":"2024-01-25T11:45:03","date_gmt":"2024-01-25T10:45:03","guid":{"rendered":"https:\/\/www.conselharan.org\/eth-govern-daran-impulse-es-jornades-gastronomiques-dera-val-daran-en-barcelona\/"},"modified":"2024-01-25T11:47:37","modified_gmt":"2024-01-25T10:47:37","slug":"eth-govern-daran-impulse-es-jornades-gastronomiques-dera-val-daran-en-barcelona","status":"publish","type":"post","link":"https:\/\/www.conselharan.org\/ca\/eth-govern-daran-impulse-es-jornades-gastronomiques-dera-val-daran-en-barcelona\/","title":{"rendered":"El govern d&#8217;Aran impulsa les Jornades Gastron\u00f2miques de la Val d\u2019Aran a Barcelona"},"content":{"rendered":"<p><a href=\"https:\/\/www.conselharan.org\/wp-content\/uploads\/2024\/01\/Panneu-Jornades-Gastronomiques.jpg\"><img loading=\"lazy\" decoding=\"async\" class=\"aligncenter wp-image-55752 size-large\" src=\"https:\/\/www.conselharan.org\/wp-content\/uploads\/2024\/01\/Panneu-Jornades-Gastronomiques-740x1024.jpg\" alt=\"\" width=\"740\" height=\"1024\" srcset=\"https:\/\/www.conselharan.org\/wp-content\/uploads\/2024\/01\/Panneu-Jornades-Gastronomiques-740x1024.jpg 740w, https:\/\/www.conselharan.org\/wp-content\/uploads\/2024\/01\/Panneu-Jornades-Gastronomiques-217x300.jpg 217w, https:\/\/www.conselharan.org\/wp-content\/uploads\/2024\/01\/Panneu-Jornades-Gastronomiques-768x1062.jpg 768w, https:\/\/www.conselharan.org\/wp-content\/uploads\/2024\/01\/Panneu-Jornades-Gastronomiques.jpg 900w\" sizes=\"(max-width: 740px) 100vw, 740px\" \/><\/a><\/p>\n<ul>\n<li>\n<h3><strong>Durant el 5 i el 18 de febrer, quatre restaurants de Barcelona oferiran vuit plats creats pels xefs aranesos d&#8217;alta cuina Josep Gregorio (El Portalet), Albert Jubany (Eth Bistr\u00f3), C\u00e9sar Mory (\u00c9s Arra\u00eftzes) i Marc Nus (Era Coqu\u00e8la), en una acci\u00f3 que pret\u00e9n donar a con\u00e8ixer la nostra gastronomia fora d&#8217;Aran<\/strong><\/h3>\n<\/li>\n<\/ul>\n<p>El govern del Conselh Generau d\u2019Aran, a trav\u00e9s del seu Pla de Sostenibilitat Tur\u00edstica, ha impulsat les Jornades Gastron\u00f2miques de la Val d\u2019Aran a Barcelona, brindant l&#8217;oportunitat de descobrir la nostra gastronomia de la m\u00e0 de quatre xefs d&#8217;alta cuina aranesa a la ciutat comtal durant el 5 i el 18 de febrer.<\/p>\n<p>\u201cAmb aquestes Jornades Gastron\u00f2miques volem obrir una finestra a l&#8217;excepcional cuina d&#8217;autor amb la que compta la Val d\u2019Aran\u201d, manifestava el vices\u00edndic i conseller de Governan\u00e7a, Innovaci\u00f3, Economia i Turisme, Amador Marqu\u00e8s, afegint que: \u201cdes del departament de Turisme del Conselh Generau d\u2019Aran treballem per a donar a con\u00e8ixer no nom\u00e9s el nostre territori, tamb\u00e9 la nostra singularitat i cultura, de la qual la gastronomia forma una part important\u201d.<\/p>\n<p>Els xefs aranesos Josep Gregorio (El Portalet), Albert Jubany (Eth Bistr\u00f3), C\u00e9sar Mory (\u00c9s Arra\u00eftzes) i Marc Nus (Era Coqu\u00e8la) compten amb una \u00e0mplia traject\u00f2ria en l&#8217;alta cuina, reconeguda per les principals guies i premis internacionals.<\/p>\n<p>A Barcelona, gr\u00e0cies a aquest projecte, vuit plats d&#8217;aquests quatre xefs de la nostra terra es podran gaudir en els restaurants Batea, La Sosenga, Maleducat i Taverna Kamikaze, en format fora de carta o incl\u00f2s en els men\u00fas degustaci\u00f3.<\/p>\n ","protected":false},"excerpt":{"rendered":"<p>Durant el 5 i el 18 de febrer, quatre restaurants de Barcelona oferiran vuit plats creats pels xefs aranesos d&#8217;alta cuina Josep Gregorio (El Portalet), Albert Jubany (Eth Bistr\u00f3), C\u00e9sar Mory (\u00c9s Arra\u00eftzes) i Marc Nus (Era Coqu\u00e8la), en una acci\u00f3 que pret\u00e9n donar a con\u00e8ixer la nostra gastronomia fora d&#8217;Aran El govern del Conselh&#8230;<\/p>\n","protected":false},"author":10,"featured_media":55753,"comment_status":"closed","ping_status":"closed","sticky":false,"template":"","format":"standard","meta":{"footnotes":""},"categories":[33,139],"tags":[],"_links":{"self":[{"href":"https:\/\/www.conselharan.org\/ca\/wp-json\/wp\/v2\/posts\/55758"}],"collection":[{"href":"https:\/\/www.conselharan.org\/ca\/wp-json\/wp\/v2\/posts"}],"about":[{"href":"https:\/\/www.conselharan.org\/ca\/wp-json\/wp\/v2\/types\/post"}],"author":[{"embeddable":true,"href":"https:\/\/www.conselharan.org\/ca\/wp-json\/wp\/v2\/users\/10"}],"replies":[{"embeddable":true,"href":"https:\/\/www.conselharan.org\/ca\/wp-json\/wp\/v2\/comments?post=55758"}],"version-history":[{"count":1,"href":"https:\/\/www.conselharan.org\/ca\/wp-json\/wp\/v2\/posts\/55758\/revisions"}],"predecessor-version":[{"id":55759,"href":"https:\/\/www.conselharan.org\/ca\/wp-json\/wp\/v2\/posts\/55758\/revisions\/55759"}],"wp:featuredmedia":[{"embeddable":true,"href":"https:\/\/www.conselharan.org\/ca\/wp-json\/wp\/v2\/media\/55753"}],"wp:attachment":[{"href":"https:\/\/www.conselharan.org\/ca\/wp-json\/wp\/v2\/media?parent=55758"}],"wp:term":[{"taxonomy":"category","embeddable":true,"href":"https:\/\/www.conselharan.org\/ca\/wp-json\/wp\/v2\/categories?post=55758"},{"taxonomy":"post_tag","embeddable":true,"href":"https:\/\/www.conselharan.org\/ca\/wp-json\/wp\/v2\/tags?post=55758"}],"curies":[{"name":"wp","href":"https:\/\/api.w.org\/{rel}","templated":true}]}}