{"id":55903,"date":"2024-02-04T16:05:01","date_gmt":"2024-02-04T15:05:01","guid":{"rendered":"https:\/\/www.conselharan.org\/irati-cuadrado-e-imanol-rojo-guanhadors-dera-44au-edicion-dera-marxa-beret\/"},"modified":"2024-02-04T16:09:26","modified_gmt":"2024-02-04T15:09:26","slug":"irati-cuadrado-e-imanol-rojo-guanhadors-dera-44au-edicion-dera-marxa-beret","status":"publish","type":"post","link":"https:\/\/www.conselharan.org\/ca\/irati-cuadrado-e-imanol-rojo-guanhadors-dera-44au-edicion-dera-marxa-beret\/","title":{"rendered":"Irati Cuadrado i Imanol Rojo, guanyadors de la 44a edici\u00f3 de la Marxa Beret"},"content":{"rendered":"<p>&nbsp;<\/p>\n\n\t\t<style type=\"text\/css\">\n\t\t\t#gallery-1 {\n\t\t\t\tmargin: auto;\n\t\t\t}\n\t\t\t#gallery-1 .gallery-item {\n\t\t\t\tfloat: left;\n\t\t\t\tmargin-top: 10px;\n\t\t\t\ttext-align: center;\n\t\t\t\twidth: 50%;\n\t\t\t}\n\t\t\t#gallery-1 img {\n\t\t\t\tborder: 2px solid #cfcfcf;\n\t\t\t}\n\t\t\t#gallery-1 .gallery-caption {\n\t\t\t\tmargin-left: 0;\n\t\t\t}\n\t\t\t\/* see gallery_shortcode() in wp-includes\/media.php *\/\n\t\t<\/style>\n\t\t<div id='gallery-1' class='gallery galleryid-55903 gallery-columns-2 gallery-size-large'><dl class='gallery-item'>\n\t\t\t<dt class='gallery-icon landscape'>\n\t\t\t\t<a href='https:\/\/www.conselharan.org\/ca\/irati-cuadrado-e-imanol-rojo-guanhadors-dera-44au-edicion-dera-marxa-beret\/marxaberet2024_49_fototur-2\/'><img loading=\"lazy\" decoding=\"async\" width=\"1024\" height=\"683\" src=\"https:\/\/www.conselharan.org\/wp-content\/uploads\/2024\/02\/MarxaBeret2024_49_fototur-1024x683.jpg\" class=\"attachment-large size-large\" alt=\"\" srcset=\"https:\/\/www.conselharan.org\/wp-content\/uploads\/2024\/02\/MarxaBeret2024_49_fototur-1024x683.jpg 1024w, https:\/\/www.conselharan.org\/wp-content\/uploads\/2024\/02\/MarxaBeret2024_49_fototur-300x200.jpg 300w, https:\/\/www.conselharan.org\/wp-content\/uploads\/2024\/02\/MarxaBeret2024_49_fototur-768x512.jpg 768w, https:\/\/www.conselharan.org\/wp-content\/uploads\/2024\/02\/MarxaBeret2024_49_fototur-1536x1024.jpg 1536w, https:\/\/www.conselharan.org\/wp-content\/uploads\/2024\/02\/MarxaBeret2024_49_fototur-2048x1365.jpg 2048w\" sizes=\"(max-width: 1024px) 100vw, 1024px\" \/><\/a>\n\t\t\t<\/dt><\/dl><dl class='gallery-item'>\n\t\t\t<dt class='gallery-icon landscape'>\n\t\t\t\t<a href='https:\/\/www.conselharan.org\/ca\/irati-cuadrado-e-imanol-rojo-guanhadors-dera-44au-edicion-dera-marxa-beret\/marxaberet2024_50_fototur-2\/'><img loading=\"lazy\" decoding=\"async\" width=\"1024\" height=\"683\" src=\"https:\/\/www.conselharan.org\/wp-content\/uploads\/2024\/02\/MarxaBeret2024_50_fototur-1024x683.jpg\" class=\"attachment-large size-large\" alt=\"\" srcset=\"https:\/\/www.conselharan.org\/wp-content\/uploads\/2024\/02\/MarxaBeret2024_50_fototur-1024x683.jpg 1024w, https:\/\/www.conselharan.org\/wp-content\/uploads\/2024\/02\/MarxaBeret2024_50_fototur-300x200.jpg 300w, https:\/\/www.conselharan.org\/wp-content\/uploads\/2024\/02\/MarxaBeret2024_50_fototur-768x512.jpg 768w, https:\/\/www.conselharan.org\/wp-content\/uploads\/2024\/02\/MarxaBeret2024_50_fototur-1536x1024.jpg 1536w, https:\/\/www.conselharan.org\/wp-content\/uploads\/2024\/02\/MarxaBeret2024_50_fototur-2048x1365.jpg 2048w\" sizes=\"(max-width: 1024px) 100vw, 1024px\" \/><\/a>\n\t\t\t<\/dt><\/dl><br style=\"clear: both\" \/>\n\t\t<\/div>\n\n<ul>\n<li>\n<h3><strong>A nivell competitiu, el dissabte es van disputar els Campionats d&#8217;Espanya \u201cSprint\u201d i avui diumenge ha estat el dia de l&#8217;esperada Marxa Beret, puntuable per al Campionat d&#8217;Espanya d&#8217;esqu\u00ed de fons i que forma part del calendari FIS de llarga dist\u00e0ncia. En total, han participat al voltant de 700 corredors en tot el cap de setmana<\/strong><\/h3>\n<\/li>\n<li>\n<h3><strong>Enguany, a causa de les condicions actuals, la 44a edici\u00f3 de la competici\u00f3 popular d&#8217;esqu\u00ed de fons m\u00e9s multitudin\u00e0ria d&#8217;Espanya ha hagut d&#8217;adaptar les seves dist\u00e0ncies a 10, 18,5 i 32 km<\/strong><\/h3>\n<\/li>\n<\/ul>\n<p>La 44a edici\u00f3 de la Marxa Beret s&#8217;ha celebrat aquest mat\u00ed amb unes condicions meteorol\u00f2giques molt bones en el Pla de Beret. L&#8217;esdeveniment s&#8217;ha desenvolupat aquest any sol en les zones de Beret i \u00d2rrri, adaptant les dist\u00e0ncies a causa de les altes temperatures i les condicions actuals.<\/p>\n<p>Els guanyadors i guanyadores d&#8217;aquesta 44 edici\u00f3 han estat:<\/p>\n<p><strong>32 km Dones:<\/strong><\/p>\n<ol>\n<li>Irati Cuadrado (IRRTZ) 1h26:22<\/li>\n<li>Marta Cester (CAEI) 1h27:09<\/li>\n<li>Berta Perez (CMGC) 1h44:41<\/li>\n<\/ol>\n<p><strong>32 km Homes: <\/strong><\/p>\n<ol>\n<li>Imanol Rojo (UZTUR) 1h08:32<\/li>\n<li>Betriu Sadurni (CENA 1h14:33<\/li>\n<li>Lander Mart\u00edn (CMGC) 1h14:33<\/li>\n<\/ol>\n<p><strong>18,5 km Dones:<\/strong><\/p>\n<ol>\n<li>Martina Miquel (CENA) 50:32<\/li>\n<li>Nuria Ruiz (CENA) 52:03<\/li>\n<li>Berta Guitart (CENA) 52:46<\/li>\n<\/ol>\n<p><strong>18,5 km Homes:<\/strong><\/p>\n<ol>\n<li>Peio Anarbe (MGSTZ) 42:43<\/li>\n<li>Pablo Moreno (CAEI) 43:43<\/li>\n<li>Pau Molins (CENA) 44:28<\/li>\n<\/ol>\n<p><strong>10 km Dones: <\/strong><\/p>\n<ol>\n<li>Joana Puig (CEFCEN) 28:22<\/li>\n<li>Romane Cordonnier (Montagnard Argeliesiens PVG) 29:26<\/li>\n<li>June Aranburu (Alpino Utzurre eski taldea) 30:22<\/li>\n<\/ol>\n<p><strong>10 km Homes:<\/strong><\/p>\n<ol>\n<li>Adrian Lanau 25:08<\/li>\n<li>Jofre Puig (CEFCEN) 25:47<\/li>\n<li>Biel Gonzalez (CAEI) 25:54<\/li>\n<\/ol>\n<p><strong>Mini Marxa Beret (5 km) Dones: <\/strong><\/p>\n<ol>\n<li>Lea Sauthier (Montagnard Argeliesiens PVG) 19:13<\/li>\n<li>Eva Longuy (Montagnard Argeliesiens PVG) 19:38<\/li>\n<li>Lisa Guyetand (Montagnard Argeliesiens PVG) 19:48<\/li>\n<\/ol>\n<p><strong>Mini Marxa Beret (5 km) Homes:<\/strong><\/p>\n<ol>\n<li>Bernat Melsio (NEC-NATURLAND) 15:55<\/li>\n<li>Pey Abbadie (Montagnard Argeliesiens PVG) 16:16<\/li>\n<li>Alvaro Gimeno (Aspe)17:34<\/li>\n<\/ol>\n<p>La Marxa Beret \u00e9s molt m\u00e9s que una competici\u00f3, \u00e9s una de les proves d\u2019esqu\u00ed n\u00f2rdic m\u00e9s consolidades que es realitzen a la pen\u00ednsula. M\u00e9s enll\u00e0 dels esportistes d\u2019elit, la majoria dels participants \u00e9s un p\u00fablic familiar i grups d\u2019amics que s\u2019ho prenen com una festa de l\u2019esqu\u00ed de fons.<\/p>\n<p>Aquest esdeveniment est\u00e0 organitzat pel Conselh Generau d\u2019Aran, de la m\u00e0 de Baqueira Beret i el Conselh Esportiu dera Val d\u2019Aran. Compta amb la col\u00b7laboraci\u00f3 de l\u2019Associaci\u00f3 Volentaris Val d\u2019Aran, l\u2019Ajuntament de Vielha e Mijaran, Diputaci\u00f3 de Lleida, Pompi\u00e8rs d\u2019Aran, Aran Salut, Mossos d\u2019Esquadra, INS d\u2019Aran, a m\u00e9s de la Real Federaci\u00f3n Espa\u00f1ola de Deportes de Invierno (RFEDI), la Federaci\u00f3 Catalana d\u2019Esports d\u2019Hivern (FCEH) i els diferents patrocinadors.<\/p>\n ","protected":false},"excerpt":{"rendered":"<p>&nbsp; A nivell competitiu, el dissabte es van disputar els Campionats d&#8217;Espanya \u201cSprint\u201d i avui diumenge ha estat el dia de l&#8217;esperada Marxa Beret, puntuable per al Campionat d&#8217;Espanya d&#8217;esqu\u00ed de fons i que forma part del calendari FIS de llarga dist\u00e0ncia. En total, han participat al voltant de 700 corredors en tot el cap&#8230;<\/p>\n","protected":false},"author":10,"featured_media":55890,"comment_status":"closed","ping_status":"closed","sticky":false,"template":"","format":"standard","meta":{"footnotes":""},"categories":[136],"tags":[],"_links":{"self":[{"href":"https:\/\/www.conselharan.org\/ca\/wp-json\/wp\/v2\/posts\/55903"}],"collection":[{"href":"https:\/\/www.conselharan.org\/ca\/wp-json\/wp\/v2\/posts"}],"about":[{"href":"https:\/\/www.conselharan.org\/ca\/wp-json\/wp\/v2\/types\/post"}],"author":[{"embeddable":true,"href":"https:\/\/www.conselharan.org\/ca\/wp-json\/wp\/v2\/users\/10"}],"replies":[{"embeddable":true,"href":"https:\/\/www.conselharan.org\/ca\/wp-json\/wp\/v2\/comments?post=55903"}],"version-history":[{"count":2,"href":"https:\/\/www.conselharan.org\/ca\/wp-json\/wp\/v2\/posts\/55903\/revisions"}],"predecessor-version":[{"id":55905,"href":"https:\/\/www.conselharan.org\/ca\/wp-json\/wp\/v2\/posts\/55903\/revisions\/55905"}],"wp:featuredmedia":[{"embeddable":true,"href":"https:\/\/www.conselharan.org\/ca\/wp-json\/wp\/v2\/media\/55890"}],"wp:attachment":[{"href":"https:\/\/www.conselharan.org\/ca\/wp-json\/wp\/v2\/media?parent=55903"}],"wp:term":[{"taxonomy":"category","embeddable":true,"href":"https:\/\/www.conselharan.org\/ca\/wp-json\/wp\/v2\/categories?post=55903"},{"taxonomy":"post_tag","embeddable":true,"href":"https:\/\/www.conselharan.org\/ca\/wp-json\/wp\/v2\/tags?post=55903"}],"curies":[{"name":"wp","href":"https:\/\/api.w.org\/{rel}","templated":true}]}}