{"id":56238,"date":"2024-03-04T15:11:26","date_gmt":"2024-03-04T14:11:26","guid":{"rendered":"https:\/\/www.conselharan.org\/?p=56238"},"modified":"2024-03-04T15:11:26","modified_gmt":"2024-03-04T14:11:26","slug":"els-agents-de-medi-ambient-del-conselh-generau-daran-fan-el-seguiment-dun-atac-dos-a-un-senglar-al-baix-aran","status":"publish","type":"post","link":"https:\/\/www.conselharan.org\/ca\/els-agents-de-medi-ambient-del-conselh-generau-daran-fan-el-seguiment-dun-atac-dos-a-un-senglar-al-baix-aran\/","title":{"rendered":"Els Agents de Medi Ambient del Conselh Generau d\u2019Aran fan el seguiment d\u2019un atac d\u2019os a un senglar al Baix Aran"},"content":{"rendered":"<p><a href=\"https:\/\/www.conselharan.org\/ca\/els-agents-de-medi-ambient-del-conselh-generau-daran-fan-el-seguiment-dun-atac-dos-a-un-senglar-al-baix-aran\/os-roi-1024x500-2\/\" rel=\"attachment wp-att-56234\"><img loading=\"lazy\" decoding=\"async\" class=\"aligncenter size-full wp-image-56234\" src=\"https:\/\/www.conselharan.org\/wp-content\/uploads\/2024\/03\/Os-roi-1024x500-1.png\" alt=\"\" width=\"1024\" height=\"500\" srcset=\"https:\/\/www.conselharan.org\/wp-content\/uploads\/2024\/03\/Os-roi-1024x500-1.png 1024w, https:\/\/www.conselharan.org\/wp-content\/uploads\/2024\/03\/Os-roi-1024x500-1-300x146.png 300w, https:\/\/www.conselharan.org\/wp-content\/uploads\/2024\/03\/Os-roi-1024x500-1-768x375.png 768w\" sizes=\"(max-width: 1024px) 100vw, 1024px\" \/><\/a><\/p>\n<p><em>\u00a0 \u00a0 \u00a0 Imatge d&#8217;arxiu<\/em><\/p>\n<p>&nbsp;<\/p>\n<p>\u2022<strong> Els agents de Medi Ambient del Conselh Generau d\u2019Aran s\u2019han despla\u00e7at fins la zona on han trobat el senglar a mig consumir. Han recollit mostres biol\u00f2giques de l\u2019os aix\u00ed com del senglar.<\/strong><\/p>\n<p><strong>\u2022 Amb les mostres recollides de l\u2019os es realitzar\u00e0 la identificaci\u00f3 gen\u00e8tica d\u2019aquest, per tal d\u2019esbrinar de quin individu es tracta.<\/strong><\/p>\n<p>El passat cap de setmana, uns ve\u00efns de la Val d\u2019Aran mentre circulaven de nit per una carretera secund\u00e0ria del Baish Aran van poder veure i gravar com un os jove atacava un senglar a la mateixa carretera fins a donar-li mort i consumir-lo al mateix marge de la via.<\/p>\n<p>Els agents de Medi Ambient del Conselh Generau d\u2019Aran s\u2019han despla\u00e7at fins la zona i han trobat el senglar a mig consumir. Han recollit mostres biol\u00f2giques de l\u2019os aix\u00ed com del senglar per al seu an\u00e0lisis cient\u00edfic.<\/p>\n<p>Amb les mostres recollides de l\u2019os es realitzar\u00e0 la identificaci\u00f3 gen\u00e8tica d\u2019aquest, per tal d\u2019esbrinar de quin individu es tracta.<\/p>\n<p>&nbsp;<\/p>\n<p>&nbsp;<\/p>\n<p>&nbsp;<\/p>\n<p><em>Vielha, 4 de mar\u00e7 de 2024<\/em><\/p>\n ","protected":false},"excerpt":{"rendered":"<p>\u00a0 \u00a0 \u00a0 Imatge d&#8217;arxiu &nbsp; \u2022 Els agents de Medi Ambient del Conselh Generau d\u2019Aran s\u2019han despla\u00e7at fins la zona on han trobat el senglar a mig consumir. Han recollit mostres biol\u00f2giques de l\u2019os aix\u00ed com del senglar. \u2022 Amb les mostres recollides de l\u2019os es realitzar\u00e0 la identificaci\u00f3 gen\u00e8tica d\u2019aquest, per tal d\u2019esbrinar&#8230;<\/p>\n","protected":false},"author":2,"featured_media":56234,"comment_status":"closed","ping_status":"closed","sticky":false,"template":"","format":"standard","meta":{"footnotes":""},"categories":[31,127,33],"tags":[],"_links":{"self":[{"href":"https:\/\/www.conselharan.org\/ca\/wp-json\/wp\/v2\/posts\/56238"}],"collection":[{"href":"https:\/\/www.conselharan.org\/ca\/wp-json\/wp\/v2\/posts"}],"about":[{"href":"https:\/\/www.conselharan.org\/ca\/wp-json\/wp\/v2\/types\/post"}],"author":[{"embeddable":true,"href":"https:\/\/www.conselharan.org\/ca\/wp-json\/wp\/v2\/users\/2"}],"replies":[{"embeddable":true,"href":"https:\/\/www.conselharan.org\/ca\/wp-json\/wp\/v2\/comments?post=56238"}],"version-history":[{"count":2,"href":"https:\/\/www.conselharan.org\/ca\/wp-json\/wp\/v2\/posts\/56238\/revisions"}],"predecessor-version":[{"id":56240,"href":"https:\/\/www.conselharan.org\/ca\/wp-json\/wp\/v2\/posts\/56238\/revisions\/56240"}],"wp:featuredmedia":[{"embeddable":true,"href":"https:\/\/www.conselharan.org\/ca\/wp-json\/wp\/v2\/media\/56234"}],"wp:attachment":[{"href":"https:\/\/www.conselharan.org\/ca\/wp-json\/wp\/v2\/media?parent=56238"}],"wp:term":[{"taxonomy":"category","embeddable":true,"href":"https:\/\/www.conselharan.org\/ca\/wp-json\/wp\/v2\/categories?post=56238"},{"taxonomy":"post_tag","embeddable":true,"href":"https:\/\/www.conselharan.org\/ca\/wp-json\/wp\/v2\/tags?post=56238"}],"curies":[{"name":"wp","href":"https:\/\/api.w.org\/{rel}","templated":true}]}}