{"id":56294,"date":"2024-03-12T13:10:07","date_gmt":"2024-03-12T12:10:07","guid":{"rendered":"https:\/\/www.conselharan.org\/aguesta-dimenjada-se-celebre-era-corsa-aran-pes-hemnes-damb-un-nau-format-de-relheus-collaboratius\/"},"modified":"2024-04-16T14:36:35","modified_gmt":"2024-04-16T12:36:35","slug":"aguesta-dimenjada-se-celebre-era-corsa-aran-pes-hemnes-damb-un-nau-format-de-relheus-collaboratius","status":"publish","type":"post","link":"https:\/\/www.conselharan.org\/ca\/aguesta-dimenjada-se-celebre-era-corsa-aran-pes-hemnes-damb-un-nau-format-de-relheus-collaboratius\/","title":{"rendered":"Aquest cap de setmana se celebra la Cursa Aran per les Dones amb un nou format de relleus col\u00b7laboratius"},"content":{"rendered":"<p><a href=\"https:\/\/www.conselharan.org\/wp-content\/uploads\/2024\/03\/A4-ta-hilats.png\"><img loading=\"lazy\" decoding=\"async\" class=\"aligncenter wp-image-56285 size-large\" src=\"https:\/\/www.conselharan.org\/wp-content\/uploads\/2024\/03\/A4-ta-hilats-819x1024.png\" alt=\"\" width=\"819\" height=\"1024\" srcset=\"https:\/\/www.conselharan.org\/wp-content\/uploads\/2024\/03\/A4-ta-hilats-819x1024.png 819w, https:\/\/www.conselharan.org\/wp-content\/uploads\/2024\/03\/A4-ta-hilats-240x300.png 240w, https:\/\/www.conselharan.org\/wp-content\/uploads\/2024\/03\/A4-ta-hilats-768x960.png 768w, https:\/\/www.conselharan.org\/wp-content\/uploads\/2024\/03\/A4-ta-hilats.png 1080w\" sizes=\"(max-width: 819px) 100vw, 819px\" \/><\/a><\/p>\n<ul>\n<li>\n<h3><strong>El diumenge 17 a les 11 hores tindr\u00e0 lloc la X Cursa Aran per les Dones, que enguany el Conselh Generau d\u2019Aran ha plantejat amb un nou model que defensa una perspectiva no competitiva, fomenta la sororitat entre dones i vol eludir la competici\u00f3 entre elles<\/strong><\/h3>\n<\/li>\n<\/ul>\n<p>El Conselh Generau d\u2019Aran, a trav\u00e9s dels seus Serveis Assistencials Integrats i Oficina de Joventut, en col\u00b7laboraci\u00f3 amb l&#8217;Institut d&#8217;Aran, els Voluntaris Val d&#8217;Aran i Adda, ha organitzat la X Cursa Aran per les Dones, que enguany presenta un nou model de cursa col\u00b7laborativa per relleus.<\/p>\n<p>Aquesta cursa, que tindr\u00e0 lloc el 17 de mar\u00e7, es presenta com un esdeveniment cultural, social i simb\u00f2lic que dona suport a la visibilitat i resist\u00e8ncia de les dones al nostre territori.<\/p>\n<p>Aquest model nou defensa una perspectiva no competitiva, fomenta la sororitat entre dones i vol eludir la competici\u00f3 entre elles. \u00c9s una cursa on es participa en grup i l&#8217;objectiu dels relleus \u00e9s passar un testimoni de m\u00e0 en m\u00e0 per a llegir-lo en acabar.<\/p>\n<p>El recorregut compta amb quatre punts clau, el primer i l&#8217;\u00faltim dels quals \u00e9s la Pla\u00e7a d&#8217;Aran, enfront del Conselh Generau d\u2019Aran. En cada punt clau hi haur\u00e0 un grup de gent, amb les persones que s&#8217;ocupen de portar el relleu amb banderes que animen a les persones que participen en la cursa i que esperen que arribi el grup anterior. Quan el grup arribi, es far\u00e0 el canvi de relleu perqu\u00e8 altres dones obrin la cursa i portin el testimoni, i els dos grups junts continuaran corrent darrere seu.<\/p>\n<p>Els grups seran acumulatius i aquesta din\u00e0mica ser\u00e0 successiva fins al tercer punt, on es far\u00e0 l&#8217;\u00faltim canvi de relleu i aqu\u00ed, tothom alhora, podr\u00e0 entrar en la \u201carribada en grup\u201d darrere de les persones que portin el relleu.<\/p>\n<p>El 17 de mar\u00e7 a les 11.00 comen\u00e7ar\u00e0 la cursa, per\u00f2 a partir de les 10.00 hi haur\u00e0 membres de l&#8217;organitzaci\u00f3 en tots els punts clau per a lliurar a tots els participants el dorsal i un regal per la seva participaci\u00f3.<\/p>\n<p>En la inscripci\u00f3 es demanar\u00e0 a les persones que s&#8217;inscriuen en quin punt volen afegir-se, i es faran grups en cada lloc. \u00c9s important que les persones inscrites vagin al punt exacte on s&#8217;han apuntat per a organitzar el material i estar preparats per a quan comenci la cursa. Les inscripcions es poden realitzar en el seg\u00fcent enlla\u00e7: <a href=\"https:\/\/www.inscripcions.cat\/corsaaranpeshemnes2024\/\">https:\/\/www.inscripcions.cat\/corsaaranpeshemnes2024\/<\/a><\/p>\n ","protected":false},"excerpt":{"rendered":"<p>El diumenge 17 a les 11 hores tindr\u00e0 lloc la X Cursa Aran per les Dones, que enguany el Conselh Generau d\u2019Aran ha plantejat amb un nou model que defensa una perspectiva no competitiva, fomenta la sororitat entre dones i vol eludir la competici\u00f3 entre elles El Conselh Generau d\u2019Aran, a trav\u00e9s dels seus Serveis&#8230;<\/p>\n","protected":false},"author":10,"featured_media":56286,"comment_status":"closed","ping_status":"closed","sticky":false,"template":"","format":"standard","meta":{"footnotes":""},"categories":[136],"tags":[],"_links":{"self":[{"href":"https:\/\/www.conselharan.org\/ca\/wp-json\/wp\/v2\/posts\/56294"}],"collection":[{"href":"https:\/\/www.conselharan.org\/ca\/wp-json\/wp\/v2\/posts"}],"about":[{"href":"https:\/\/www.conselharan.org\/ca\/wp-json\/wp\/v2\/types\/post"}],"author":[{"embeddable":true,"href":"https:\/\/www.conselharan.org\/ca\/wp-json\/wp\/v2\/users\/10"}],"replies":[{"embeddable":true,"href":"https:\/\/www.conselharan.org\/ca\/wp-json\/wp\/v2\/comments?post=56294"}],"version-history":[{"count":1,"href":"https:\/\/www.conselharan.org\/ca\/wp-json\/wp\/v2\/posts\/56294\/revisions"}],"predecessor-version":[{"id":56295,"href":"https:\/\/www.conselharan.org\/ca\/wp-json\/wp\/v2\/posts\/56294\/revisions\/56295"}],"wp:featuredmedia":[{"embeddable":true,"href":"https:\/\/www.conselharan.org\/ca\/wp-json\/wp\/v2\/media\/56286"}],"wp:attachment":[{"href":"https:\/\/www.conselharan.org\/ca\/wp-json\/wp\/v2\/media?parent=56294"}],"wp:term":[{"taxonomy":"category","embeddable":true,"href":"https:\/\/www.conselharan.org\/ca\/wp-json\/wp\/v2\/categories?post=56294"},{"taxonomy":"post_tag","embeddable":true,"href":"https:\/\/www.conselharan.org\/ca\/wp-json\/wp\/v2\/tags?post=56294"}],"curies":[{"name":"wp","href":"https:\/\/api.w.org\/{rel}","templated":true}]}}