{"id":56319,"date":"2024-03-14T14:11:16","date_gmt":"2024-03-14T13:11:16","guid":{"rendered":"https:\/\/www.conselharan.org\/eth-govern-daran-cerque-solucions-ara-manca-de-viuenda-assequibla-e-inste-as-administracions-competentes-a-actuar\/"},"modified":"2024-04-16T14:37:48","modified_gmt":"2024-04-16T12:37:48","slug":"eth-govern-daran-cerque-solucions-ara-manca-de-viuenda-assequibla-e-inste-as-administracions-competentes-a-actuar","status":"publish","type":"post","link":"https:\/\/www.conselharan.org\/ca\/eth-govern-daran-cerque-solucions-ara-manca-de-viuenda-assequibla-e-inste-as-administracions-competentes-a-actuar\/","title":{"rendered":"El govern d&#8217;Aran busca solucions a la falta d&#8217;habitatge assequible i insta les administracions competents a actuar"},"content":{"rendered":"<p><a href=\"https:\/\/www.conselharan.org\/wp-content\/uploads\/2024\/03\/QPI3g1cD.jpeg\"><img loading=\"lazy\" decoding=\"async\" class=\"aligncenter wp-image-56309 size-large\" src=\"https:\/\/www.conselharan.org\/wp-content\/uploads\/2024\/03\/QPI3g1cD-1024x619.jpeg\" alt=\"\" width=\"1024\" height=\"619\" srcset=\"https:\/\/www.conselharan.org\/wp-content\/uploads\/2024\/03\/QPI3g1cD-1024x619.jpeg 1024w, https:\/\/www.conselharan.org\/wp-content\/uploads\/2024\/03\/QPI3g1cD-300x181.jpeg 300w, https:\/\/www.conselharan.org\/wp-content\/uploads\/2024\/03\/QPI3g1cD-768x464.jpeg 768w, https:\/\/www.conselharan.org\/wp-content\/uploads\/2024\/03\/QPI3g1cD.jpeg 1460w\" sizes=\"(max-width: 1024px) 100vw, 1024px\" \/><\/a><\/p>\n<ul>\n<li>\n<h3><strong>La s\u00edndica d&#8217;Aran ha fet arribar una carta a la Ministra d&#8217;Habitatge per a explicar-li la situaci\u00f3 actual i sol\u00b7licitar que la normativa estatal pugui contemplar les zones tur\u00edstiques dins dels criteris per a declarar un territori com tensionat en mat\u00e8ria d&#8217;habitatge<\/strong><\/h3>\n<\/li>\n<li>\n<h3><strong>El govern d&#8217;Aran va demanar l&#8217;any passat a la Generalitat de Catalunya la creaci\u00f3 d&#8217;una Comissi\u00f3 Mixta per a abordar la problem\u00e0tica i va sol\u00b7licitar, aix\u00ed mateix, el trasp\u00e0s competencial que en aquest \u00e0mbit preveu la Llei d&#8217;Aran per a comptar amb els instruments i recursos necessaris<\/strong><\/h3>\n<\/li>\n<li>\n<h3><strong>La m\u00e0xima instituci\u00f3 aranesa cont\u00ednua treballant en el Pla d&#8217;Habitatge de la Val d\u2019Aran, a l&#8217;espera de rebre resposta de les altres administracions per a poder aplicar mesures urgents que permetin destensar la situaci\u00f3 actual i garantir el dret a un habitatge digne dels aranesos i araneses<\/strong><\/h3>\n<\/li>\n<\/ul>\n<p>El govern d&#8217;Aran cont\u00ednua treballant per a buscar solucions a la greu situaci\u00f3 de falta d&#8217;habitatge assequible que pateix el pa\u00eds i que necessita l&#8217;actuaci\u00f3 conjunta de totes les administracions competents.<\/p>\n<p>\u201cPer al govern d&#8217;Aran aquesta \u00e9s una q\u00fcesti\u00f3 primordial, perqu\u00e8 afecta de manera directa en la vida dels aranesos i araneses i en el desenvolupament del nostre territori\u201d, afirmava la s\u00edndica d&#8217;Aran, Maria Verg\u00e9s, afegint que: \u201ca m\u00e9s del Pla d&#8217;Habitatge de la Val d\u2019Aran, en el qual portem un any treballant i amb el qual esperem poder impulsar accions en aquest \u00e0mbit per a facilitar l&#8217;acc\u00e9s a l&#8217;habitatge, tamb\u00e9 hem sol\u00b7licitat tant a la Generalitat com al govern de l&#8217;Estat que prenguin mesures per a revertir la situaci\u00f3 actual\u201d.<\/p>\n<p>Una de les primeres dades obtingudes de l&#8217;estudi realitzat per a desenvolupar el Pla d&#8217;Habitatge de la Val d\u2019Aran, \u00e9s que nom\u00e9s un 38% de l&#8217;habitatge existent al nostre territori es destina a habitatge oficial. Aix\u00ed mateix, segons les dades de Incas\u00f2l del passat mes de desembre, el preu del lloguer a l\u2019Aran s&#8217;ha doblat en nom\u00e9s un any, situant-se en els 788,64\u20ac de mitjana.<\/p>\n<p>La s\u00edndica d&#8217;Aran, en una missiva dirigida a la ministra d&#8217;Habitatge i Agenda Urbana, ha sol\u00b7licitat a l&#8217;Estat que revisi el marc de reconeixement de la tipologia de \u201cmunicipis tensionats\u201d perqu\u00e8 quedin inclosos aquells que, pel seu car\u00e0cter tur\u00edstic, tenen limitat l&#8217;acc\u00e9s a l&#8217;habitatge per als col\u00b7lectius vulnerables, com \u00e9s el cas de la Val d\u2019Aran; i ha sol\u00b7licitat una trobada amb ella per a poder tractar aquest afer.<\/p>\n<p>El govern d&#8217;Aran ja va aprovar al seu Ple del passat 19 de gener, una Declaraci\u00f3 Institucional perqu\u00e8 l&#8217;Estat modifiqui els criteris per a catalogar les \u00e0rees tensionades en mat\u00e8ria d&#8217;habitatge, que es va fer arribar tamb\u00e9 a la Generalitat de Catalunya i els Ajuntaments aranesos.<\/p>\n<p>Aix\u00ed mateix, la m\u00e0xima instituci\u00f3 aranesa ha sol\u00b7licitat tamb\u00e9 en diverses ocasions a la Generalitat de Catalunya el trasp\u00e0s de l&#8217;\u00e0mbit competencial en mat\u00e8ria d&#8217;habitatge que li reconeix la Llei de R\u00e8gim Especial.<\/p>\n<p>\u201cDes del govern d&#8217;Aran volem, d&#8217;una banda, ampliar l&#8217;\u00e0mbit competencial que la Llei ens permet per a ser proactius i trobar solucions a curt termini que ens permetin anar destensant la situaci\u00f3 actual i, per l&#8217;altre costat, tamb\u00e9 volem aconseguir el comprom\u00eds de la Generalitat, que \u00e9s qui t\u00e9 la compet\u00e8ncia exclusiva en mat\u00e8ria d&#8217;habitatge, per a, entre altres q\u00fcestions, treballar conjuntament en la regulaci\u00f3 dels habitatges d&#8217;\u00fas tur\u00edstic, que \u00e9s un dels elements que ens satura el parc d&#8217;habitatge disponible\u201d, manifestava tamb\u00e9 la s\u00edndica d&#8217;Aran.<\/p>\n ","protected":false},"excerpt":{"rendered":"<p>La s\u00edndica d&#8217;Aran ha fet arribar una carta a la Ministra d&#8217;Habitatge per a explicar-li la situaci\u00f3 actual i sol\u00b7licitar que la normativa estatal pugui contemplar les zones tur\u00edstiques dins dels criteris per a declarar un territori com tensionat en mat\u00e8ria d&#8217;habitatge El govern d&#8217;Aran va demanar l&#8217;any passat a la Generalitat de Catalunya la&#8230;<\/p>\n","protected":false},"author":10,"featured_media":56310,"comment_status":"closed","ping_status":"closed","sticky":false,"template":"","format":"standard","meta":{"footnotes":""},"categories":[53],"tags":[],"_links":{"self":[{"href":"https:\/\/www.conselharan.org\/ca\/wp-json\/wp\/v2\/posts\/56319"}],"collection":[{"href":"https:\/\/www.conselharan.org\/ca\/wp-json\/wp\/v2\/posts"}],"about":[{"href":"https:\/\/www.conselharan.org\/ca\/wp-json\/wp\/v2\/types\/post"}],"author":[{"embeddable":true,"href":"https:\/\/www.conselharan.org\/ca\/wp-json\/wp\/v2\/users\/10"}],"replies":[{"embeddable":true,"href":"https:\/\/www.conselharan.org\/ca\/wp-json\/wp\/v2\/comments?post=56319"}],"version-history":[{"count":2,"href":"https:\/\/www.conselharan.org\/ca\/wp-json\/wp\/v2\/posts\/56319\/revisions"}],"predecessor-version":[{"id":56321,"href":"https:\/\/www.conselharan.org\/ca\/wp-json\/wp\/v2\/posts\/56319\/revisions\/56321"}],"wp:featuredmedia":[{"embeddable":true,"href":"https:\/\/www.conselharan.org\/ca\/wp-json\/wp\/v2\/media\/56310"}],"wp:attachment":[{"href":"https:\/\/www.conselharan.org\/ca\/wp-json\/wp\/v2\/media?parent=56319"}],"wp:term":[{"taxonomy":"category","embeddable":true,"href":"https:\/\/www.conselharan.org\/ca\/wp-json\/wp\/v2\/categories?post=56319"},{"taxonomy":"post_tag","embeddable":true,"href":"https:\/\/www.conselharan.org\/ca\/wp-json\/wp\/v2\/tags?post=56319"}],"curies":[{"name":"wp","href":"https:\/\/api.w.org\/{rel}","templated":true}]}}