{"id":56407,"date":"2024-03-19T14:45:43","date_gmt":"2024-03-19T13:45:43","guid":{"rendered":"https:\/\/www.conselharan.org\/eth-govern-daran-lance-ua-formacion-ta-hemnes-que-volen-her-carrera-en-ambit-esportiu-dera-man-dera-associacion-der-esport-espanhou\/"},"modified":"2024-04-17T14:27:10","modified_gmt":"2024-04-17T12:27:10","slug":"eth-govern-daran-lance-ua-formacion-ta-hemnes-que-volen-her-carrera-en-ambit-esportiu-dera-man-dera-associacion-der-esport-espanhou","status":"publish","type":"post","link":"https:\/\/www.conselharan.org\/ca\/eth-govern-daran-lance-ua-formacion-ta-hemnes-que-volen-her-carrera-en-ambit-esportiu-dera-man-dera-associacion-der-esport-espanhou\/","title":{"rendered":"El govern d&#8217;Aran llan\u00e7a una formaci\u00f3 per a dones que volen fer carrera en l&#8217;\u00e0mbit esportiu, de la m\u00e0 de l&#8217;Associaci\u00f3 de l&#8217;Esport Espanyol"},"content":{"rendered":"<p><a href=\"https:\/\/www.conselharan.org\/wp-content\/uploads\/2024\/03\/Programa-hilat-de-liders-AR.png\"><img loading=\"lazy\" decoding=\"async\" class=\"aligncenter wp-image-56398 size-large\" src=\"https:\/\/www.conselharan.org\/wp-content\/uploads\/2024\/03\/Programa-hilat-de-liders-AR-1024x1024.png\" alt=\"\" width=\"1024\" height=\"1024\" srcset=\"https:\/\/www.conselharan.org\/wp-content\/uploads\/2024\/03\/Programa-hilat-de-liders-AR-1024x1024.png 1024w, https:\/\/www.conselharan.org\/wp-content\/uploads\/2024\/03\/Programa-hilat-de-liders-AR-300x300.png 300w, https:\/\/www.conselharan.org\/wp-content\/uploads\/2024\/03\/Programa-hilat-de-liders-AR-150x150.png 150w, https:\/\/www.conselharan.org\/wp-content\/uploads\/2024\/03\/Programa-hilat-de-liders-AR-768x768.png 768w, https:\/\/www.conselharan.org\/wp-content\/uploads\/2024\/03\/Programa-hilat-de-liders-AR-270x270.png 270w, https:\/\/www.conselharan.org\/wp-content\/uploads\/2024\/03\/Programa-hilat-de-liders-AR-207x207.png 207w, https:\/\/www.conselharan.org\/wp-content\/uploads\/2024\/03\/Programa-hilat-de-liders-AR-75x75.png 75w, https:\/\/www.conselharan.org\/wp-content\/uploads\/2024\/03\/Programa-hilat-de-liders-AR.png 1080w\" sizes=\"(max-width: 1024px) 100vw, 1024px\" \/><\/a><\/p>\n<ul>\n<li>\n<h3><strong>Aquesta formaci\u00f3 comen\u00e7ar\u00e0 dimecres que ve 3 d&#8217;abril, es dur\u00e0 a terme de manera telem\u00e0tica i ja est\u00e0 obert el termini d&#8217;inscripci\u00f3 per a qualsevol dona de la Val d&#8217;Aran interessada<\/strong><\/h3>\n<\/li>\n<li>\n<h3><strong>Aquest curs forma part del Programa Xarxa de L\u00edders, posat en marxa per ADESP, dins de la xarxa Sportnet4Women, i el govern del Conselh Generau d\u2019Aran s&#8217;ha afegit amb l&#8217;objectiu d&#8217;impulsar la pres\u00e8ncia de dones en llocs directius en el m\u00f3n de l&#8217;esport<\/strong><\/h3>\n<\/li>\n<\/ul>\n<p>El govern del Conselh Generau d\u2019Aran, juntament amb ADESP, l&#8217;Associaci\u00f3 de l&#8217;Esport Espanyol, ha organitzat un programa de formaci\u00f3 per a dones que estiguin interessades a ser dirigents esportives, entrenadores o qualsevol altra funci\u00f3 dins del sector esportiu.<\/p>\n<p>El curs s&#8217;iniciar\u00e0 el 3 d&#8217;abril, constar\u00e0 de 20 hores i ser\u00e0 en format online. El termini d&#8217;inscripci\u00f3 per a qualsevol dona interessada ja est\u00e0 obert en el seg\u00fcent enlla\u00e7: <a href=\"https:\/\/www.sportnet4women.es\/rdl-aran\">https:\/\/www.sportnet4women.es\/rdl-aran<\/a><\/p>\n<p>El programa es compon de quatre m\u00f2duls enfocats tots ells al sector de l&#8217;esport: aprenentatge de soft skills o habilitats personals, gesti\u00f3 de projectes, casos d&#8217;\u00e8xit inspiradors i un \u00faltim m\u00f2dul en el qual s&#8217;expliquen les estructures d&#8217;organitzaci\u00f3 esportiva a Espanya.<\/p>\n<p>El conseller d&#8217;Esports, Javier Cavero, manifestava que \u201cimpulsar la formaci\u00f3 de les dones en la gesti\u00f3 esportiva i fomentar que agafin el lideratge en les entitats esportives \u00e9s un afer clau per a afavorir una igualtat efectiva en aquest \u00e0mbit\u201d i afegia que: \u201cdel seu lideratge es veur\u00e0 afavorit l&#8217;increment de dones en altres estaments del sector\u201d.<\/p>\n ","protected":false},"excerpt":{"rendered":"<p>Aquesta formaci\u00f3 comen\u00e7ar\u00e0 dimecres que ve 3 d&#8217;abril, es dur\u00e0 a terme de manera telem\u00e0tica i ja est\u00e0 obert el termini d&#8217;inscripci\u00f3 per a qualsevol dona de la Val d&#8217;Aran interessada Aquest curs forma part del Programa Xarxa de L\u00edders, posat en marxa per ADESP, dins de la xarxa Sportnet4Women, i el govern del Conselh&#8230;<\/p>\n","protected":false},"author":10,"featured_media":56399,"comment_status":"closed","ping_status":"closed","sticky":false,"template":"","format":"standard","meta":{"footnotes":""},"categories":[136],"tags":[],"_links":{"self":[{"href":"https:\/\/www.conselharan.org\/ca\/wp-json\/wp\/v2\/posts\/56407"}],"collection":[{"href":"https:\/\/www.conselharan.org\/ca\/wp-json\/wp\/v2\/posts"}],"about":[{"href":"https:\/\/www.conselharan.org\/ca\/wp-json\/wp\/v2\/types\/post"}],"author":[{"embeddable":true,"href":"https:\/\/www.conselharan.org\/ca\/wp-json\/wp\/v2\/users\/10"}],"replies":[{"embeddable":true,"href":"https:\/\/www.conselharan.org\/ca\/wp-json\/wp\/v2\/comments?post=56407"}],"version-history":[{"count":1,"href":"https:\/\/www.conselharan.org\/ca\/wp-json\/wp\/v2\/posts\/56407\/revisions"}],"predecessor-version":[{"id":56408,"href":"https:\/\/www.conselharan.org\/ca\/wp-json\/wp\/v2\/posts\/56407\/revisions\/56408"}],"wp:featuredmedia":[{"embeddable":true,"href":"https:\/\/www.conselharan.org\/ca\/wp-json\/wp\/v2\/media\/56399"}],"wp:attachment":[{"href":"https:\/\/www.conselharan.org\/ca\/wp-json\/wp\/v2\/media?parent=56407"}],"wp:term":[{"taxonomy":"category","embeddable":true,"href":"https:\/\/www.conselharan.org\/ca\/wp-json\/wp\/v2\/categories?post=56407"},{"taxonomy":"post_tag","embeddable":true,"href":"https:\/\/www.conselharan.org\/ca\/wp-json\/wp\/v2\/tags?post=56407"}],"curies":[{"name":"wp","href":"https:\/\/api.w.org\/{rel}","templated":true}]}}