{"id":5660,"date":"2014-12-06T08:00:00","date_gmt":"2014-12-06T07:00:00","guid":{"rendered":"http:\/\/www.conselharan.org\/?p=5660"},"modified":"2014-12-05T18:00:20","modified_gmt":"2014-12-05T17:00:20","slug":"conveni-de-col%e2%80%a2laboracio-entre-la-universitat-de-lleida-el-conselh-generau-daran-i-lajuntament-de-vielha-e-mijaran","status":"publish","type":"post","link":"https:\/\/www.conselharan.org\/ca\/conveni-de-col%e2%80%a2laboracio-entre-la-universitat-de-lleida-el-conselh-generau-daran-i-lajuntament-de-vielha-e-mijaran\/","title":{"rendered":"Conveni de col\u2022laboraci\u00f3 entre la Universitat de Lleida, el Conselh Generau d\u2019Aran i l\u2019Ajuntament de Vielha e Mijaran"},"content":{"rendered":"<p><a href=\"http:\/\/www.conselharan.org\/wp-content\/uploads\/2014\/12\/udl_cga_vielhamijaran.jpg\"><img loading=\"lazy\" decoding=\"async\" class=\"aligncenter size-large wp-image-5658\" alt=\"udl_cga_vielhamijaran\" src=\"http:\/\/www.conselharan.org\/wp-content\/uploads\/2014\/12\/udl_cga_vielhamijaran-1024x685.jpg\" width=\"1024\" height=\"685\" srcset=\"https:\/\/www.conselharan.org\/wp-content\/uploads\/2014\/12\/udl_cga_vielhamijaran-1024x685.jpg 1024w, https:\/\/www.conselharan.org\/wp-content\/uploads\/2014\/12\/udl_cga_vielhamijaran-300x200.jpg 300w\" sizes=\"(max-width: 1024px) 100vw, 1024px\" \/><\/a><\/p>\n<p>El s\u00edndic d\u2019Aran, <strong>Carlos Barrera<\/strong>, juntament amb el rector de la Universitat de Lleida, <strong>Roberto Fern\u00e1ndez<\/strong>, i l\u2019alcalde de Vielha e Mijaran, <strong>\u00c1lex Moga<\/strong>, han signat un conveni de col\u2022laboraci\u00f3 per tal de desenvolupar accions formatives i de capacitaci\u00f3 professional, de difusi\u00f3 cultural, i de recerca relacionada amb els principals sectors econ\u00f2mics i socials que vertebren la realitat de la Val d\u2019Aran.<\/p>\n<p><strong>Roberto Fern\u00e1ndez<\/strong>, \u00e9s a m\u00e9s l&#8217;actual president de totes les universitats publiques de Catalunya (ACUP), membre de la permanent de la CRUE (Conferencia de Rectores de las Universidades Espa\u00f1olas) i Catedr\u00e0tic d\u2019Hist\u00f2ria i Escriptor especialitzat en el segle XVIII.<\/p>\n<p>El conveni entre el Conselh Generau d\u2019Aran, la Universitat de Lleida, i l\u2019Ajuntament de Vielha i Mijaran t\u00e9 com a eixos fonamentals d\u2019actuaci\u00f3 els seg\u00fcents:<\/p>\n<p>a) <strong>Promoure la pres\u00e8ncia d\u2019estudiants de grau i de m\u00e0ster realitzant pr\u00e0ctiques acad\u00e8miques en empreses p\u00fabliques i privades i en institucions i administracions de la Val d\u2019Aran i de Vielha e Mijaran.<\/strong> De forma especial, i com inici d\u2019aquesta col\u2022laboraci\u00f3, s\u2019impulsar\u00e0 la realitzaci\u00f3 de pr\u00e0ctiques acad\u00e8miques dels graus d\u2019infermeria, ci\u00e8ncia de l\u2019activitat f\u00edsica i l\u2019esport, fisioter\u00e0pia, turisme, geografia, administraci\u00f3 i direcci\u00f3 d\u2019empreses, educaci\u00f3 prim\u00e0ria i infantil, i estudis de catal\u00e0 i aran\u00e8s.<\/p>\n<p>b) <strong>Desenvolupar activitats de recerca b\u00e0sica i, especialment, aplicada en l\u2019\u00e0mbit del turisme<\/strong> (concretament en el terreny del turisme de muntanya, cultural i patrimonial, d\u2019esqu\u00ed, d\u2019esports d\u2019aventura, gastron\u00f2mic, ecol\u00f2gic, i d\u2019identitat), per tal de contribuir a consolidar i enfortir les activitats tur\u00edstiques a la Val d\u2019Aran i a Vielha e Mijaran, assessorant a les administracions territorials i a les empreses del sector. L\u2019interlocutor per a les tres institucions signants d\u2019aquest Conveni, per aquesta acci\u00f3, ser\u00e0, una vegada estigui en funcionament, la C\u00e0tedra de Turisme d\u2019Interior i de Muntanya de la Diputaci\u00f3 de Lleida-Universitat de Lleida. Entre les seves actuacions estar\u00e0 la de constituir un Observatori del Turisme de la Val d\u2019Aran i del Pirineu lleidat\u00e0, que s\u2019ubicar\u00e0 a la poblaci\u00f3 de Vielha i Mijaran.<\/p>\n<p>c) <strong>Impulsar i afavorir el coneixement, ensenyament i difusi\u00f3 de la llengua i la literatura aranesa,<\/strong> que \u00e9s la llengua pr\u00f2pia i oficial de la Val d\u2019Aran, segons reconeix l\u2019Estatut d\u2019Autonomia de Catalunya de 2006. L\u2019interlocutor per a les tres institucions signants d\u2019aquest Conveni per aquestes actuacions ser\u00e0 la C\u00e0tedra d\u2019Estudis Occitans de la Universitat de Lleida.<\/p>\n<p>d) <strong>Promoure activitats que es realitzin a la Val d\u2019Aran i a Vielha Mijaran de la Universitat d\u2019Estiu de la Universitat de Lleida.<\/strong> Les institucions signants del present Conveni treballaran per organitzar anualment com a m\u00ednim un curs, simp\u00f2sium o jornada dins del marc de la Universitat d\u2019Estiu, al voltant de tem\u00e0tiques que siguin d\u2019inter\u00e8s per a les administracions i l\u2019economia i la societat aranesa.<\/p>\n<p>e)<strong> Recolzar el desenvolupament d\u2019activitats de difusi\u00f3 cultural com ara les Aules d\u2019Extensi\u00f3 Universit\u00e0ria per a Gent Gran.<\/strong> A partir que es constitueixi en el propi territori un nucli de ciutadans\/nes interessats\/des a impulsar, organitzar, participar i assistir a aquestes activitats culturals.<\/p>\n<p>f) <strong>\u00c0mbit pr\u00f2pri de l\u2019Ajuntament de Vielha e Mijaran: Recolzar la creaci\u00f3 de la Taula del Progr\u00e9s de Vielha,<\/strong> que permetr\u00e0 a la capital de l\u2019Aran treballar i profunditzar sota els eixos estrat\u00e8gics que es marquin des del propi Ajuntament. Els tres eixos inicials a treballar seran: la potenciaci\u00f3 tur\u00edstica del municipi; la sostenibilitat; i la Internacionalitzaci\u00f3.<\/p>\n<p>En paraules del s\u00edndic d\u2019Aran, <strong>Carlos Barrera, \u201cla col\u2022laboraci\u00f3 entre el Conselh Generau d\u2019Aran, la Universitat de Lleida, i l\u2019Ajuntament de Vielha Mijaran, constitueix una evident garantia per a qu\u00e8 les sin\u00e8rgies entre l\u2019ensenyament i la recerca universit\u00e0ria, les actuacions de les administracions territorials, i les necessitats de formaci\u00f3 i de coneixement de la societat d\u2019aquests territoris conflueixin, per consolidar i enfortir el seu desenvolupament econ\u00f2mic, social, professional i cultural\u201d.<\/strong><\/p>\n<p>El Conselh Generau de l\u2019Aran, l\u2019Ajuntament de Vielha e Mijaran i la Universitat de Lleida estudiaran la viabilitat de qu\u00e8 la UdL disposi d\u2019un espai permanent i adequat per tal de facilitar activitats d\u2019orientaci\u00f3, formaci\u00f3 i difusi\u00f3 relacionades amb els eixos prioritaris d\u2019actuaci\u00f3 emmarcats en el present Conveni.<\/p>\n<p>El present Conveni t\u00e9 una vig\u00e8ncia de quatre anys naturals, prorrogant-se autom\u00e0ticament per per\u00edodes.<\/p>\n<p>Es crear\u00e0 la Comissi\u00f3 de Seguiment del Conveni que es reunir\u00e0 almenys una vegada l\u2019any amb la m\u00e0xima representaci\u00f3 institucional. Aquesta Comissi\u00f3 estar\u00e0 formada per dos representants de cadascuna de les institucions que signen aquest conveni.<\/p>\n ","protected":false},"excerpt":{"rendered":"<p>El s\u00edndic d\u2019Aran, Carlos Barrera, juntament amb el rector de la Universitat de Lleida, Roberto Fern\u00e1ndez, i l\u2019alcalde de Vielha e Mijaran, \u00c1lex Moga, han signat un conveni de col\u2022laboraci\u00f3 per tal de desenvolupar accions formatives i de capacitaci\u00f3 professional, de difusi\u00f3 cultural, i de recerca relacionada amb els principals sectors econ\u00f2mics i socials que&#8230;<\/p>\n","protected":false},"author":2,"featured_media":5658,"comment_status":"closed","ping_status":"closed","sticky":false,"template":"","format":"standard","meta":{"footnotes":""},"categories":[31,53,33,36],"tags":[],"_links":{"self":[{"href":"https:\/\/www.conselharan.org\/ca\/wp-json\/wp\/v2\/posts\/5660"}],"collection":[{"href":"https:\/\/www.conselharan.org\/ca\/wp-json\/wp\/v2\/posts"}],"about":[{"href":"https:\/\/www.conselharan.org\/ca\/wp-json\/wp\/v2\/types\/post"}],"author":[{"embeddable":true,"href":"https:\/\/www.conselharan.org\/ca\/wp-json\/wp\/v2\/users\/2"}],"replies":[{"embeddable":true,"href":"https:\/\/www.conselharan.org\/ca\/wp-json\/wp\/v2\/comments?post=5660"}],"version-history":[{"count":3,"href":"https:\/\/www.conselharan.org\/ca\/wp-json\/wp\/v2\/posts\/5660\/revisions"}],"predecessor-version":[{"id":5663,"href":"https:\/\/www.conselharan.org\/ca\/wp-json\/wp\/v2\/posts\/5660\/revisions\/5663"}],"wp:featuredmedia":[{"embeddable":true,"href":"https:\/\/www.conselharan.org\/ca\/wp-json\/wp\/v2\/media\/5658"}],"wp:attachment":[{"href":"https:\/\/www.conselharan.org\/ca\/wp-json\/wp\/v2\/media?parent=5660"}],"wp:term":[{"taxonomy":"category","embeddable":true,"href":"https:\/\/www.conselharan.org\/ca\/wp-json\/wp\/v2\/categories?post=5660"},{"taxonomy":"post_tag","embeddable":true,"href":"https:\/\/www.conselharan.org\/ca\/wp-json\/wp\/v2\/tags?post=5660"}],"curies":[{"name":"wp","href":"https:\/\/api.w.org\/{rel}","templated":true}]}}