{"id":56637,"date":"2024-03-26T12:32:50","date_gmt":"2024-03-26T11:32:50","guid":{"rendered":"https:\/\/www.conselharan.org\/era-val-daran-acuelhera-era-presentacion-e-estrea-deth-film-canigo\/"},"modified":"2024-03-26T12:39:11","modified_gmt":"2024-03-26T11:39:11","slug":"era-val-daran-acuelhera-era-presentacion-e-estrea-deth-film-canigo","status":"publish","type":"post","link":"https:\/\/www.conselharan.org\/ca\/era-val-daran-acuelhera-era-presentacion-e-estrea-deth-film-canigo\/","title":{"rendered":"La Val d\u2019Aran acollir\u00e0 la presentaci\u00f3 i estrena del film Canig\u00f3"},"content":{"rendered":"<p><a href=\"https:\/\/www.conselharan.org\/wp-content\/uploads\/2024\/03\/3A60EFDE-27DC-4936-9CBC-BECF203A440C.jpeg\"><img loading=\"lazy\" decoding=\"async\" class=\"aligncenter wp-image-56628 size-large\" src=\"https:\/\/www.conselharan.org\/wp-content\/uploads\/2024\/03\/3A60EFDE-27DC-4936-9CBC-BECF203A440C-811x1024.jpeg\" alt=\"\" width=\"811\" height=\"1024\" srcset=\"https:\/\/www.conselharan.org\/wp-content\/uploads\/2024\/03\/3A60EFDE-27DC-4936-9CBC-BECF203A440C-811x1024.jpeg 811w, https:\/\/www.conselharan.org\/wp-content\/uploads\/2024\/03\/3A60EFDE-27DC-4936-9CBC-BECF203A440C-238x300.jpeg 238w, https:\/\/www.conselharan.org\/wp-content\/uploads\/2024\/03\/3A60EFDE-27DC-4936-9CBC-BECF203A440C-768x970.jpeg 768w, https:\/\/www.conselharan.org\/wp-content\/uploads\/2024\/03\/3A60EFDE-27DC-4936-9CBC-BECF203A440C-1216x1536.jpeg 1216w, https:\/\/www.conselharan.org\/wp-content\/uploads\/2024\/03\/3A60EFDE-27DC-4936-9CBC-BECF203A440C.jpeg 1414w\" sizes=\"(max-width: 811px) 100vw, 811px\" \/><\/a><\/p>\n<ul>\n<li>\n<h3><strong>El Conselh Generau d\u2019Aran, a trav\u00e9s del Museu de la Val d\u2019Aran, ha organitzat dues activitats al voltant de l&#8217;estrena del metratge Canig\u00f3: una xerrada en el Museu el dia 4 d&#8217;abril i l&#8217;estrena i col\u00b7loqui sobre el film el dia 5.<\/strong><\/h3>\n<\/li>\n<li>\n<h3><strong>El film, produ\u00eft per Film Explora i dirigit per Albert Naud\u00edn, narra l&#8217;aventura de Jacint Verdaguer al Pirineu en 1883 i ha comptat amb el patrocini del govern d&#8217;Aran i la col\u00b7laboraci\u00f3 dels grups de danses d&#8217;Aran, coordinades a trav\u00e9s del Museu de la Val d\u2019Aran.<\/strong><\/h3>\n<\/li>\n<\/ul>\n<p>La Val d\u2019Aran acollir\u00e0 la setmana vinent, els dies 4 i 5 d&#8217;abril, l&#8217;estrena i presentaci\u00f3 del filem Canig\u00f3, amb diverses activitats culturals i divulgatives sobre Jacint Verdaguer.<\/p>\n<p>El dijous dia 4 d&#8217;abril, a les 19 hores, el Museu de la Val d\u2019Aran acollir\u00e0 la xerrada de Bernat Gasull, guionista del film, bi\u00f2leg i estudi\u00f3s de Jacint Verdaguer. La xerrada porta com a t\u00edtol \u201cLa visita de Jacint Verdaguer a la Val d\u2019Aran en l&#8217;estiu de 1883\u201d i posar\u00e0 en valor el vessant m\u00e9s excursionista del poeta, aix\u00ed com els llocs que li van inspirar per a escriure la seva gran obra, el poema \u00e8pic Canig\u00f3 (Restanca, Lac de Mar, Valarties, Arties, Gessa, Montgarri, Maub\u00e8rme, la Gireta, MontVali\u00e8r i Coserans).<\/p>\n<p>El divendres dia 5 d&#8217;abril, a les 19 hores, tindr\u00e0 lloc l&#8217;estrena de la pel\u00b7l\u00edcula Canig\u00f3 a la Sala Era Audiovisuau de Vielha. Aquest esdeveniment representa la primera estrena al Pirineu i acabar\u00e0 amb el col\u00b7loqui per part del guionista, Bernat Gasull, i el director, Albert Naud\u00edn. Durant tot el cap de setmana, la pel\u00b7l\u00edcula podr\u00e0 veure&#8217;s a la Sala Era Audiovisuau com a part de la seva programaci\u00f3.<\/p>\n<p>La xerrada del dijous dia 4 \u00e9s gratu\u00efta, per\u00f2 la capacitat del museu \u00e9s limitada. D&#8217;altra banda, per a assistir a l&#8217;estrena del film cal contactar amb el Museu de la Val d\u2019Aran per a poder reservar i recollir les invitacions. Durant els dies 6 i 7 la pel\u00b7l\u00edcula podr\u00e0 veure&#8217;s en cartellera, per aix\u00f2 el preu es regir\u00e0 seguint les tarifes habituals del cinema.<\/p>\n<p>En 1883, Moss\u00e8n Cinto Verdaguer decideix buscar la inspiraci\u00f3 al Pirineu, per a crear el Cant Quart del poema Canig\u00f3, un viatge imaginari per les muntanyes en una calesa voladora. El viatge es va organitzar per a poder arribar el dia 15 d&#8217;agost a Montgarri, coincidint amb el romiatge.<\/p>\n<p>L&#8217;escena que recrea el romiatge i la caritat va comptar amb la participaci\u00f3 dels quatre grups de dansa d&#8217;Aran, coordinats a trav\u00e9s del Museu. El repartiment del film est\u00e0 format per actors com Llu\u00eds Soler, Santi Pocino, S\u00edlvia Bel i Xavier Boada. El gui\u00f3, per part de Bernat Gasull, es va elaborar a partir d&#8217;una gran feina de documentaci\u00f3 i cerca in\u00e8dita fins al moment, reconstruint i recuperant els passos del poeta per tot el Pirineu.<\/p>\n ","protected":false},"excerpt":{"rendered":"<p>El Conselh Generau d\u2019Aran, a trav\u00e9s del Museu de la Val d\u2019Aran, ha organitzat dues activitats al voltant de l&#8217;estrena del metratge Canig\u00f3: una xerrada en el Museu el dia 4 d&#8217;abril i l&#8217;estrena i col\u00b7loqui sobre el film el dia 5. El film, produ\u00eft per Film Explora i dirigit per Albert Naud\u00edn, narra l&#8217;aventura&#8230;<\/p>\n","protected":false},"author":10,"featured_media":56629,"comment_status":"closed","ping_status":"closed","sticky":false,"template":"","format":"standard","meta":{"footnotes":""},"categories":[],"tags":[],"_links":{"self":[{"href":"https:\/\/www.conselharan.org\/ca\/wp-json\/wp\/v2\/posts\/56637"}],"collection":[{"href":"https:\/\/www.conselharan.org\/ca\/wp-json\/wp\/v2\/posts"}],"about":[{"href":"https:\/\/www.conselharan.org\/ca\/wp-json\/wp\/v2\/types\/post"}],"author":[{"embeddable":true,"href":"https:\/\/www.conselharan.org\/ca\/wp-json\/wp\/v2\/users\/10"}],"replies":[{"embeddable":true,"href":"https:\/\/www.conselharan.org\/ca\/wp-json\/wp\/v2\/comments?post=56637"}],"version-history":[{"count":1,"href":"https:\/\/www.conselharan.org\/ca\/wp-json\/wp\/v2\/posts\/56637\/revisions"}],"predecessor-version":[{"id":56638,"href":"https:\/\/www.conselharan.org\/ca\/wp-json\/wp\/v2\/posts\/56637\/revisions\/56638"}],"wp:featuredmedia":[{"embeddable":true,"href":"https:\/\/www.conselharan.org\/ca\/wp-json\/wp\/v2\/media\/56629"}],"wp:attachment":[{"href":"https:\/\/www.conselharan.org\/ca\/wp-json\/wp\/v2\/media?parent=56637"}],"wp:term":[{"taxonomy":"category","embeddable":true,"href":"https:\/\/www.conselharan.org\/ca\/wp-json\/wp\/v2\/categories?post=56637"},{"taxonomy":"post_tag","embeddable":true,"href":"https:\/\/www.conselharan.org\/ca\/wp-json\/wp\/v2\/tags?post=56637"}],"curies":[{"name":"wp","href":"https:\/\/api.w.org\/{rel}","templated":true}]}}