{"id":56873,"date":"2024-04-12T14:30:53","date_gmt":"2024-04-12T12:30:53","guid":{"rendered":"https:\/\/www.conselharan.org\/presentam-eth-projecte-ovihuec-dat-de-recuperacion-deth-paisatge-tradicionau-de-montanha\/"},"modified":"2025-07-15T10:34:12","modified_gmt":"2025-07-15T08:34:12","slug":"presentam-eth-projecte-ovihuec-dat-de-recuperacion-deth-paisatge-tradicionau-de-montanha","status":"publish","type":"post","link":"https:\/\/www.conselharan.org\/ca\/presentam-eth-projecte-ovihuec-dat-de-recuperacion-deth-paisatge-tradicionau-de-montanha\/","title":{"rendered":"Presentem el projecte Ovihuec.dat de recuperaci\u00f3 del paisatge tradicional de muntanya"},"content":{"rendered":"<p><a href=\"https:\/\/www.conselharan.org\/wp-content\/uploads\/2024\/04\/P1046162-scaled.jpg\"><img loading=\"lazy\" decoding=\"async\" class=\"aligncenter wp-image-56864 size-large\" src=\"https:\/\/www.conselharan.org\/wp-content\/uploads\/2024\/04\/P1046162-1024x768.jpg\" alt=\"\" width=\"1024\" height=\"768\" srcset=\"https:\/\/www.conselharan.org\/wp-content\/uploads\/2024\/04\/P1046162-1024x768.jpg 1024w, https:\/\/www.conselharan.org\/wp-content\/uploads\/2024\/04\/P1046162-300x225.jpg 300w, https:\/\/www.conselharan.org\/wp-content\/uploads\/2024\/04\/P1046162-768x576.jpg 768w, https:\/\/www.conselharan.org\/wp-content\/uploads\/2024\/04\/P1046162-1536x1152.jpg 1536w, https:\/\/www.conselharan.org\/wp-content\/uploads\/2024\/04\/P1046162-2048x1536.jpg 2048w\" sizes=\"(max-width: 1024px) 100vw, 1024px\" \/><\/a><\/p>\n<ul>\n<li>\n<h3><strong>Aquest mat\u00ed, la s\u00edndica d&#8217;Aran, el secretari general per al Repte Demogr\u00e0fic, la directora de la Fundaci\u00f3n Biodiversidad, el director de l&#8217;IRTA i l&#8217;alcalde de Vilam\u00f2s, juntament amb l&#8217;equip t\u00e8cnic del projecte, han presentat Ovihuec.dat a la seu del Conselh Generau d\u2019Aran<\/strong><\/h3>\n<\/li>\n<li>\n<h3><strong>A trav\u00e9s d&#8217;aquest projecte pilot, que est\u00e0 dotat d&#8217;un pressupost de gaireb\u00e9 2M\u20ac per part de l&#8217;Estat, es crear\u00e0 un ramat ov\u00ed i capr\u00ed de titularitat p\u00fablica a Vilam\u00f2s per a recuperar antigues pastures perdudes, recuperar la gesti\u00f3 de la massa forestal i disminuir el risc de propagaci\u00f3 d&#8217;incendis, al mateix temps que s&#8217;aposta per la diversificaci\u00f3 econ\u00f2mica, explorant vies de comercialitzaci\u00f3 i valoraci\u00f3 del producte c\u00e0rnic i l\u00e0ctic d&#8217;aquest ramat, i aposta per l&#8217;\u00fas de les noves tecnologies i la innovaci\u00f3 en el sector ramader<\/strong><\/h3>\n<\/li>\n<\/ul>\n<p>La seu del Conselh Generau d\u2019Aran ha acollit aquest mat\u00ed la presentaci\u00f3 del projecte Ovihuec.dat, en la qual han pres part la s\u00edndica d&#8217;Aran, Maria Verg\u00e9s, el secretari general per al Repte Demogr\u00e0fic, Paco Boya, la directora de la Fundaci\u00f3n Biodiversidad, Elena Pita, el director general de l\u2019Institut de Recerca i Tecnologia Agroalimentaris (IRTA), Josep Usall, l&#8217;alcalde de Vilam\u00f2s, Oriol Sala, aix\u00ed com el coordinador del projecte, Toni Dalmau, i la resta de l&#8217;equip t\u00e8cnic, i on ha estat present tamb\u00e9 subdelegat del govern a Lleida, Jos\u00e9 Cresp\u00edn.<\/p>\n<p>L&#8217;objectiu d&#8217;aquest projecte pilot i transformador, dotat d&#8217;un pressupost de gaireb\u00e9 dos milions d&#8217;euros i que s&#8217;estendr\u00e0 durant un per\u00edode d&#8217;execuci\u00f3 de 22 mesos, \u00e9s crear un ramat ov\u00ed i capr\u00ed de titularitat p\u00fablica a Vilam\u00f2s com a dinamitzador econ\u00f2mic i de manteniment del territori, que pugui convertir-se en un model de refer\u00e8ncia i pugui replicar-se en altres pobles de la Val d\u2019Aran, per\u00f2 tamb\u00e9 a la resta de l&#8217;Estat.<\/p>\n<p>A trav\u00e9s de Ovihuec.dat es podran recuperar antigues pastures perdudes per la disminuci\u00f3 de l&#8217;activitat ramadera, rescatant aix\u00ed la gesti\u00f3 de la massa forestal i assegurant la cura de les muntanyes, al mateix temps que s&#8217;aposta per la diversificaci\u00f3 econ\u00f2mica, explorant vies de comercialitzaci\u00f3 i valoraci\u00f3 del producte c\u00e0rnic i l\u00e0ctic d&#8217;aquest ramat i creant llocs de treball relacionats amb la ramaderia al territori.<\/p>\n<p>Aix\u00ed mateix, la implementaci\u00f3 de les noves tecnologies tindr\u00e0 un paper important, fent-les servir per a poder controlar la localitzaci\u00f3 i benestar dels animals, modernitzant el sector i facilitant el treball dels ramaders i ramaderes; per\u00f2 tamb\u00e9 s\u2019apostar\u00e0 per la recuperaci\u00f3 de coneixements ancestrals i es promour\u00e0 l&#8217;intercanvi d&#8217;experi\u00e8ncies entre ramaders, creant una \u00e0rea de formaci\u00f3 pr\u00e0ctica per a pastors a la Val d\u2019Aran.<\/p>\n<p>En aquest sentit, l&#8217;alcalde de Vilam\u00f2s, Oriol Sala, manifestava que: \u201caquest projecte \u00e9s una gran oportunitat per al nostre municipi, perqu\u00e8 a trav\u00e9s d&#8217;aquest ramat comunal p\u00fablic podrem recuperar el paisatge tradicional, netejar finques que han estat ocupades per la vegetaci\u00f3 i aix\u00ed crear un tallafocs que ajudi a evitar la propagaci\u00f3 d&#8217;incendis\u201d<\/p>\n<p>La s\u00edndica d&#8217;Aran, Maria Verg\u00e9s, expressava tamb\u00e9 que: \u201cel projecte Ovihuec.dat \u00e9s una gran oportunitat per al conjunt del territori perqu\u00e8, d&#8217;una banda, ens ajuda a diversificar la nostra economia, avan\u00e7ant cap a un model territorial sostenible i innovador i, per l&#8217;altra, se suma al projecte BoscAran, que tamb\u00e9 desenvolupem amb la Fundaci\u00f3n Biodiversidad, com a mostra de l&#8217;aposta del govern d&#8217;Aran per a recuperar la gesti\u00f3 forestal de les nostres muntanyes i poder aconseguir uns boscos m\u00e9s resilients al canvi clim\u00e0tic i els incendis forestals\u201d.<\/p>\n<p>\u201cDurant aquests anys, el Ministerio para la Transici\u00f3n Ecol\u00f3gica y el Reto Demogr\u00e1fico (MITECO) ha gestionat els Plans de Recuperaci\u00f3 i Transformaci\u00f3 (PRTR) disposats per la Uni\u00f3 Europea. Una part d&#8217;aquests recursos han anat destinats al medi rural i, en aquest cas, es tracta d&#8217;una l\u00ednia molt concreta vinculada a la bioeconomia on hi havia 120 milions d&#8217;euros i on hi ha hagut un proc\u00e9s de concurr\u00e8ncia competitiva, a trav\u00e9s del qual s&#8217;han triat al voltant de 50 projectes que permeten lligar el coneixement cient\u00edfic amb tots aquells processos que tenen un impacte al medi natural, recuperant, en aquest cas, una activitat com \u00e9s la ramadera i buscant un impacte positiu al territori. Amb aquest projecte en concret hi ha un proc\u00e9s de resili\u00e8ncia davant els incendis forestals i de recuperaci\u00f3 dels entorns naturals, al mateix temps que s&#8217;aposta per impulsar l&#8217;activitat ramadera que s&#8217;ha anat perdent amb el pas dels anys al territori\u201d, afirmava el secretari general per al Repte Demogr\u00e0fic, Paco Boya.<\/p>\n<p>\u201cAquest projecte de bioeconomia forestal busca reequilibrar un espai on conviuen diferents realitats: l\u2019agr\u00edcola, ramadera, econ\u00f2mica, social i tur\u00edstica, amb el doble objectiu de treballar en la prevenci\u00f3 d\u2019incendis i fomentar la millora de la biodiversitat\u201d, ha explicat el director general de l\u2019IRTA, Josep Usall.<\/p>\n<p>\u201cVolem recuperar el paisatge de la Vall d\u2019Aran per activar i impulsar el desenvolupament social i econ\u00f2mic de la ramaderia i valoritzar aquesta activitat\u201d ha explicat l\u2019investigador de l\u2019IRTA i coordinador del projecte, Toni Dalmau.<\/p>\n<p>Ovihuec.dat compta amb el suport de la <strong>Fundaci\u00f3n Biodiversidad del Ministerio para la Transici\u00f3n Ecol\u00f3gica y el Reto Demogr\u00e1fico (MITECO)<\/strong> dins del Pla de Recuperaci\u00f3, Transformaci\u00f3 i Resili\u00e8ncia (PRTR), finan\u00e7at per la <strong>Uni\u00f3 Europea \u2013 NextGenerationEU.<\/strong><\/p>\n<p><a href=\"https:\/\/www.conselharan.org\/ca\/el-projecte-ovihuec-dat-avanca\/logos-2\/\" rel=\"attachment wp-att-63321\"><img loading=\"lazy\" decoding=\"async\" class=\"aligncenter size-full wp-image-63321\" src=\"https:\/\/www.conselharan.org\/wp-content\/uploads\/2025\/05\/logos.jpg\" alt=\"\" width=\"632\" height=\"43\" srcset=\"https:\/\/www.conselharan.org\/wp-content\/uploads\/2025\/05\/logos.jpg 632w, https:\/\/www.conselharan.org\/wp-content\/uploads\/2025\/05\/logos-300x20.jpg 300w\" sizes=\"(max-width: 632px) 100vw, 632px\" \/><\/a><\/p>\n ","protected":false},"excerpt":{"rendered":"<p>Aquest mat\u00ed, la s\u00edndica d&#8217;Aran, el secretari general per al Repte Demogr\u00e0fic, la directora de la Fundaci\u00f3n Biodiversidad, el director de l&#8217;IRTA i l&#8217;alcalde de Vilam\u00f2s, juntament amb l&#8217;equip t\u00e8cnic del projecte, han presentat Ovihuec.dat a la seu del Conselh Generau d\u2019Aran A trav\u00e9s d&#8217;aquest projecte pilot, que est\u00e0 dotat d&#8217;un pressupost de gaireb\u00e9 2M\u20ac&#8230;<\/p>\n","protected":false},"author":10,"featured_media":56865,"comment_status":"closed","ping_status":"closed","sticky":false,"template":"","format":"standard","meta":{"footnotes":""},"categories":[53],"tags":[],"_links":{"self":[{"href":"https:\/\/www.conselharan.org\/ca\/wp-json\/wp\/v2\/posts\/56873"}],"collection":[{"href":"https:\/\/www.conselharan.org\/ca\/wp-json\/wp\/v2\/posts"}],"about":[{"href":"https:\/\/www.conselharan.org\/ca\/wp-json\/wp\/v2\/types\/post"}],"author":[{"embeddable":true,"href":"https:\/\/www.conselharan.org\/ca\/wp-json\/wp\/v2\/users\/10"}],"replies":[{"embeddable":true,"href":"https:\/\/www.conselharan.org\/ca\/wp-json\/wp\/v2\/comments?post=56873"}],"version-history":[{"count":3,"href":"https:\/\/www.conselharan.org\/ca\/wp-json\/wp\/v2\/posts\/56873\/revisions"}],"predecessor-version":[{"id":63382,"href":"https:\/\/www.conselharan.org\/ca\/wp-json\/wp\/v2\/posts\/56873\/revisions\/63382"}],"wp:featuredmedia":[{"embeddable":true,"href":"https:\/\/www.conselharan.org\/ca\/wp-json\/wp\/v2\/media\/56865"}],"wp:attachment":[{"href":"https:\/\/www.conselharan.org\/ca\/wp-json\/wp\/v2\/media?parent=56873"}],"wp:term":[{"taxonomy":"category","embeddable":true,"href":"https:\/\/www.conselharan.org\/ca\/wp-json\/wp\/v2\/categories?post=56873"},{"taxonomy":"post_tag","embeddable":true,"href":"https:\/\/www.conselharan.org\/ca\/wp-json\/wp\/v2\/tags?post=56873"}],"curies":[{"name":"wp","href":"https:\/\/api.w.org\/{rel}","templated":true}]}}