{"id":57233,"date":"2024-05-05T11:53:37","date_gmt":"2024-05-05T09:53:37","guid":{"rendered":"https:\/\/www.conselharan.org\/?p=57233"},"modified":"2024-05-06T09:34:23","modified_gmt":"2024-05-06T07:34:23","slug":"el-museu-de-la-val-daran-commemora-els-seus-40-anys-dhistoria","status":"publish","type":"post","link":"https:\/\/www.conselharan.org\/ca\/el-museu-de-la-val-daran-commemora-els-seus-40-anys-dhistoria\/","title":{"rendered":"El Mus\u00e8u de la Val d&#8217;Aran commemora els seus 40 anys d&#8217;hist\u00f2ria"},"content":{"rendered":"<h3><a href=\"https:\/\/www.conselharan.org\/ca\/whatsapp-image-2024-05-04-at-19-51-24-2\/\"><img loading=\"lazy\" decoding=\"async\" class=\"aligncenter size-large wp-image-57223\" src=\"https:\/\/www.conselharan.org\/wp-content\/uploads\/2024\/05\/WhatsApp-Image-2024-05-04-at-19.51.24-768x1024.jpeg\" alt=\"\" width=\"768\" height=\"1024\" srcset=\"https:\/\/www.conselharan.org\/wp-content\/uploads\/2024\/05\/WhatsApp-Image-2024-05-04-at-19.51.24-768x1024.jpeg 768w, https:\/\/www.conselharan.org\/wp-content\/uploads\/2024\/05\/WhatsApp-Image-2024-05-04-at-19.51.24-225x300.jpeg 225w, https:\/\/www.conselharan.org\/wp-content\/uploads\/2024\/05\/WhatsApp-Image-2024-05-04-at-19.51.24-1152x1536.jpeg 1152w, https:\/\/www.conselharan.org\/wp-content\/uploads\/2024\/05\/WhatsApp-Image-2024-05-04-at-19.51.24.jpeg 1536w\" sizes=\"(max-width: 768px) 100vw, 768px\" \/><\/a><\/h3>\n<ul>\n<li><strong>La Torre del Generau Martinhon actual seu de la MdVA, acull l&#8217;acte institucional de celebraci\u00f3 d&#8217;aquesta efem\u00e8ride que s&#8217;anir\u00e0 commemorant al llarg d&#8217;aquest 2024<\/strong><\/li>\n<\/ul>\n<p>&nbsp;<\/p>\n<p>L&#8217;edifici del Mus\u00e8u de la Val d&#8217;Aran ha acollit l&#8217;acte institucional de celebraci\u00f3 del 40 aniversari des de la seva creaci\u00f3.<\/p>\n<p>L&#8217;acte oficial s&#8217;iniciava amb la benvinguda i presentaci\u00f3 de les accions i logotip dels 40 anys del Mus\u00e8u a c\u00e0rrec de la directora, Carla del Valle. Han intervingut tamb\u00e9 els membres de la Fundaci\u00f3 Mus\u00e8u Etnol\u00f2gic de la Val d&#8217;Aran, Arturo Calbet\u00f3 i Angelina Cases, que han explicat el paper d&#8217;aquesta entitat en la g\u00e8nesi del museu i Josep M. Trull\u00e9n, primer director del MdVA que ha fet un rep\u00e0s de tot el treball al voltant de la seva creaci\u00f3. Els parlaments s&#8217;han tancat amb la s\u00edndica d&#8217;Aran, Maria Verg\u00e9s que ha destacat: &#8220;el valu\u00f3s treball que van dur a terme totes les persones que, amb humilitat i comprom\u00eds, van fer possible salvaguardar la mem\u00f2ria del pa\u00eds&#8221;. S&#8217;han bufat les espelmes i s&#8217;ha ofert un obsequi als assistents. Finalment, s&#8217;ha projectat un v\u00eddeo commemoratiu dels 40 anys.<\/p>\n<p>Cal recordar que el Mus\u00e8u de la Val d&#8217;Aran s&#8217;inaugurava el 4 de maig de 1984 i va representar una gesta hist\u00f2rica en la vida cultural del pa\u00eds. \u00c9s la primera vegada que es fa un homenatge a aquesta instituci\u00f3 per a valorar el fet d&#8217;haver estat pioner i referent per a altres museus de Catalunya i de tot l&#8217;Estat Espanyol.<\/p>\n<p>Quan es va pensar en la creaci\u00f3 d&#8217;un museu, en els anys 70, va coincidir amb la recuperaci\u00f3 de la identitat despr\u00e9s de deixar enrere la dictadura a m\u00e9s de les primeres accions respecte a la normalitzaci\u00f3 ling\u00fc\u00edstica.<\/p>\n<p>La societat, la classe pol\u00edtica i l&#8217;Esgl\u00e9sia aranesa volien un museu, i es va dur a terme gr\u00e0cies a la generositat del pintor barcelon\u00ed Miquel Farr\u00e9 Albag\u00e8s, que va formalitzar les gestions i es va poder comprar la Torre del Generau Martinhon, que actualment alberga la seu.<\/p>\n<p>Avui diumenge hi ha jornada de portes obertes.<\/p>\n<p>&nbsp;<\/p>\n<p>&nbsp;<\/p>\n ","protected":false},"excerpt":{"rendered":"<p>La Torre del Generau Martinhon actual seu de la MdVA, acull l&#8217;acte institucional de celebraci\u00f3 d&#8217;aquesta efem\u00e8ride que s&#8217;anir\u00e0 commemorant al llarg d&#8217;aquest 2024 &nbsp; L&#8217;edifici del Mus\u00e8u de la Val d&#8217;Aran ha acollit l&#8217;acte institucional de celebraci\u00f3 del 40 aniversari des de la seva creaci\u00f3. L&#8217;acte oficial s&#8217;iniciava amb la benvinguda i presentaci\u00f3 de&#8230;<\/p>\n","protected":false},"author":2,"featured_media":57223,"comment_status":"closed","ping_status":"closed","sticky":false,"template":"","format":"standard","meta":{"footnotes":""},"categories":[794,53,33,36],"tags":[],"_links":{"self":[{"href":"https:\/\/www.conselharan.org\/ca\/wp-json\/wp\/v2\/posts\/57233"}],"collection":[{"href":"https:\/\/www.conselharan.org\/ca\/wp-json\/wp\/v2\/posts"}],"about":[{"href":"https:\/\/www.conselharan.org\/ca\/wp-json\/wp\/v2\/types\/post"}],"author":[{"embeddable":true,"href":"https:\/\/www.conselharan.org\/ca\/wp-json\/wp\/v2\/users\/2"}],"replies":[{"embeddable":true,"href":"https:\/\/www.conselharan.org\/ca\/wp-json\/wp\/v2\/comments?post=57233"}],"version-history":[{"count":4,"href":"https:\/\/www.conselharan.org\/ca\/wp-json\/wp\/v2\/posts\/57233\/revisions"}],"predecessor-version":[{"id":57252,"href":"https:\/\/www.conselharan.org\/ca\/wp-json\/wp\/v2\/posts\/57233\/revisions\/57252"}],"wp:featuredmedia":[{"embeddable":true,"href":"https:\/\/www.conselharan.org\/ca\/wp-json\/wp\/v2\/media\/57223"}],"wp:attachment":[{"href":"https:\/\/www.conselharan.org\/ca\/wp-json\/wp\/v2\/media?parent=57233"}],"wp:term":[{"taxonomy":"category","embeddable":true,"href":"https:\/\/www.conselharan.org\/ca\/wp-json\/wp\/v2\/categories?post=57233"},{"taxonomy":"post_tag","embeddable":true,"href":"https:\/\/www.conselharan.org\/ca\/wp-json\/wp\/v2\/tags?post=57233"}],"curies":[{"name":"wp","href":"https:\/\/api.w.org\/{rel}","templated":true}]}}