{"id":57479,"date":"2024-05-27T15:46:28","date_gmt":"2024-05-27T13:46:28","guid":{"rendered":"https:\/\/www.conselharan.org\/?p=57479"},"modified":"2024-05-27T15:46:28","modified_gmt":"2024-05-27T13:46:28","slug":"avancen-els-treballs-pel-futur-centre-especialitzat-de-neu-i-muntanya-de-la-val-daran","status":"publish","type":"post","link":"https:\/\/www.conselharan.org\/ca\/avancen-els-treballs-pel-futur-centre-especialitzat-de-neu-i-muntanya-de-la-val-daran\/","title":{"rendered":"Avancen els treballs pel futur centre especialitzat de neu i muntanya de la Val d\u2019Aran"},"content":{"rendered":"<p><a href=\"https:\/\/www.conselharan.org\/ca\/avancen-els-treballs-pel-futur-centre-especialitzat-de-neu-i-muntanya-de-la-val-daran\/foto-amassada-madrid-270524-2\/\" rel=\"attachment wp-att-57475\"><img loading=\"lazy\" decoding=\"async\" class=\"aligncenter size-large wp-image-57475\" src=\"https:\/\/www.conselharan.org\/wp-content\/uploads\/2024\/05\/Foto-Amassada-Madrid-270524-1024x768.jpg\" alt=\"\" width=\"1024\" height=\"768\" srcset=\"https:\/\/www.conselharan.org\/wp-content\/uploads\/2024\/05\/Foto-Amassada-Madrid-270524-1024x768.jpg 1024w, https:\/\/www.conselharan.org\/wp-content\/uploads\/2024\/05\/Foto-Amassada-Madrid-270524-300x225.jpg 300w, https:\/\/www.conselharan.org\/wp-content\/uploads\/2024\/05\/Foto-Amassada-Madrid-270524-768x576.jpg 768w, https:\/\/www.conselharan.org\/wp-content\/uploads\/2024\/05\/Foto-Amassada-Madrid-270524-1536x1152.jpg 1536w, https:\/\/www.conselharan.org\/wp-content\/uploads\/2024\/05\/Foto-Amassada-Madrid-270524-2048x1536.jpg 2048w\" sizes=\"(max-width: 1024px) 100vw, 1024px\" \/><\/a><\/p>\n<p>&nbsp;<\/p>\n<p><strong>\u2022 La S\u00edndica d\u2019Aran i el Conseller d\u2019Esports del Conselh Generau d\u2019Aran s\u2019han reunit aquest mat\u00ed a Madrid amb l&#8217;equip directiu del Consejo Superior de Deportes.<\/strong><\/p>\n<p>La s\u00edndica d\u2019Aran, Maria Verg\u00e9s, i el conseller d\u2019Esports, Javier Cavero s\u2019han reunit avui, a Madrid, amb l&#8217;equip directiu del Consejo Superior de Deportes per seguir avan\u00e7ant en els treballs d\u2019aquest futur Centre, que ha d\u2019acollir formaci\u00f3 esportiva en l&#8217;\u00e0mbit de la neu i de la muntanya i que el govern d\u2019Aran impulsa juntament amb les federacions d\u2019esports d\u2019hivern catal\u00e0 i espanyol, per situar a la Val d\u2019Aran com territori de refer\u00e8ncia en el sector esportiu.<\/p>\n<p>En la reuni\u00f3, la s\u00edndica i el conseller han fet arribar a l&#8217;equip directiu les necessitats imminents de la creaci\u00f3 d\u2019aquest nou centre, ja que ha de servir per aplicar, centralitzar i millorar els actuals serveis del Centre de Tecnificaci\u00f3 Especialitzat en els Esports d\u2019Hivern de la Val d\u2019Aran (CETEI), reconegut pel mateix CSD l&#8217;any 2011.<\/p>\n<p>Aquest centre, en paraules del conseller Cavero, \u201cha de servir per cobrir i atendre tots els programes vinculats, ja siguin de tecnificaci\u00f3 o d&#8217;alt rendiment de qualsevol modalitat dels esports, amb la finalitat d\u2019oferir tots els instruments necessaris per la formaci\u00f3 integral de joves talents, aix\u00ed com per garantir una estructura que cobreixi les seves necessitats i aconseguir aix\u00ed l&#8217;Alt rendiment esportiu\u201d.<\/p>\n<p>Per la s\u00edndica d\u2019Aran: \u201cLa Val d\u2019Aran \u00e9s un territori de muntanya que garanteix les condicions meteorol\u00f2giques i climatologia perfecta pels entrenaments i la formaci\u00f3 en els esports de neu i muntanya durant tot l&#8217;any, el que suposa una estrat\u00e8gia que no nom\u00e9s tindria impacte a l\u2019Aran, tamb\u00e9 en els territoris que l\u2019entornen i alhora dinamitzar de manera sostenible el Pirineu, tamb\u00e9 amb Fran\u00e7a per la seva proximitat, a trav\u00e9s de l&#8217;esport, la innovaci\u00f3, l&#8217;educaci\u00f3 i la gesti\u00f3 de talents\u201d.<\/p>\n<p>&nbsp;<\/p>\n<p>&nbsp;<\/p>\n<p><em>Vielha, 27 de maig de 2024<\/em><\/p>\n ","protected":false},"excerpt":{"rendered":"<p>&nbsp; \u2022 La S\u00edndica d\u2019Aran i el Conseller d\u2019Esports del Conselh Generau d\u2019Aran s\u2019han reunit aquest mat\u00ed a Madrid amb l&#8217;equip directiu del Consejo Superior de Deportes. La s\u00edndica d\u2019Aran, Maria Verg\u00e9s, i el conseller d\u2019Esports, Javier Cavero s\u2019han reunit avui, a Madrid, amb l&#8217;equip directiu del Consejo Superior de Deportes per seguir avan\u00e7ant en&#8230;<\/p>\n","protected":false},"author":2,"featured_media":57475,"comment_status":"closed","ping_status":"closed","sticky":false,"template":"","format":"standard","meta":{"footnotes":""},"categories":[31,136,53,36],"tags":[],"_links":{"self":[{"href":"https:\/\/www.conselharan.org\/ca\/wp-json\/wp\/v2\/posts\/57479"}],"collection":[{"href":"https:\/\/www.conselharan.org\/ca\/wp-json\/wp\/v2\/posts"}],"about":[{"href":"https:\/\/www.conselharan.org\/ca\/wp-json\/wp\/v2\/types\/post"}],"author":[{"embeddable":true,"href":"https:\/\/www.conselharan.org\/ca\/wp-json\/wp\/v2\/users\/2"}],"replies":[{"embeddable":true,"href":"https:\/\/www.conselharan.org\/ca\/wp-json\/wp\/v2\/comments?post=57479"}],"version-history":[{"count":2,"href":"https:\/\/www.conselharan.org\/ca\/wp-json\/wp\/v2\/posts\/57479\/revisions"}],"predecessor-version":[{"id":57481,"href":"https:\/\/www.conselharan.org\/ca\/wp-json\/wp\/v2\/posts\/57479\/revisions\/57481"}],"wp:featuredmedia":[{"embeddable":true,"href":"https:\/\/www.conselharan.org\/ca\/wp-json\/wp\/v2\/media\/57475"}],"wp:attachment":[{"href":"https:\/\/www.conselharan.org\/ca\/wp-json\/wp\/v2\/media?parent=57479"}],"wp:term":[{"taxonomy":"category","embeddable":true,"href":"https:\/\/www.conselharan.org\/ca\/wp-json\/wp\/v2\/categories?post=57479"},{"taxonomy":"post_tag","embeddable":true,"href":"https:\/\/www.conselharan.org\/ca\/wp-json\/wp\/v2\/tags?post=57479"}],"curies":[{"name":"wp","href":"https:\/\/api.w.org\/{rel}","templated":true}]}}