{"id":57742,"date":"2024-06-12T10:27:20","date_gmt":"2024-06-12T08:27:20","guid":{"rendered":"https:\/\/www.conselharan.org\/era-associacion-de-donants-de-sang-dera-val-daran-guardonada-damb-eth-premi-17-de-junh-denguan\/"},"modified":"2024-06-12T11:48:09","modified_gmt":"2024-06-12T09:48:09","slug":"era-associacion-de-donants-de-sang-dera-val-daran-guardonada-damb-eth-premi-17-de-junh-denguan","status":"publish","type":"post","link":"https:\/\/www.conselharan.org\/ca\/era-associacion-de-donants-de-sang-dera-val-daran-guardonada-damb-eth-premi-17-de-junh-denguan\/","title":{"rendered":"L&#8217;Associaci\u00f3 de Donants de Sang de la Val d&#8217;Aran, guardonada amb el Premi 17 de Juny d&#8217;enguany"},"content":{"rendered":"<p><a href=\"https:\/\/www.conselharan.org\/ca\/era-associacion-de-donants-de-sang-dera-val-daran-guardonada-damb-eth-premi-17-de-junh-denguan\/aprovacion-premis-17-de-junh\/\" rel=\"attachment wp-att-57738\"><img loading=\"lazy\" decoding=\"async\" class=\"aligncenter size-large wp-image-57738\" src=\"https:\/\/www.conselharan.org\/wp-content\/uploads\/2024\/06\/aprovacion-premis-17-de-junh-1024x768.jpg\" alt=\"\" width=\"1024\" height=\"768\" srcset=\"https:\/\/www.conselharan.org\/wp-content\/uploads\/2024\/06\/aprovacion-premis-17-de-junh-1024x768.jpg 1024w, https:\/\/www.conselharan.org\/wp-content\/uploads\/2024\/06\/aprovacion-premis-17-de-junh-300x225.jpg 300w, https:\/\/www.conselharan.org\/wp-content\/uploads\/2024\/06\/aprovacion-premis-17-de-junh-768x576.jpg 768w, https:\/\/www.conselharan.org\/wp-content\/uploads\/2024\/06\/aprovacion-premis-17-de-junh-1536x1152.jpg 1536w, https:\/\/www.conselharan.org\/wp-content\/uploads\/2024\/06\/aprovacion-premis-17-de-junh-2048x1536.jpg 2048w\" sizes=\"(max-width: 1024px) 100vw, 1024px\" \/><\/a><\/p>\n<ul>\n<li><strong>El Ple del Conselh Generau d&#8217;Aran ha aprovat per unanimitat atorgar el Premi 17 de Juny 2024 a l&#8217;Associaci\u00f3 de Donants de Sang de la Val d&#8217;Aran, pel seu foment a la participaci\u00f3 de la societat en un acte tan gener\u00f3s com suposa salvar vides o millorar l&#8217;estat de salut de les persones.<\/strong><\/li>\n<\/ul>\n<ul>\n<li><strong>Els Premis 17 de Juny, tenen com a finalitat recon\u00e8ixer i agrair anualment a persones, col\u00b7lectius o entitats que, a trav\u00e9s dels seus m\u00e8rits han destacat per serveis prestats a la\u00a0Val d&#8217;Aranen diversos sectors de la vida social, cultural, esportiva o econ\u00f2mica, dignificant el seu entorn i honorar al pa\u00eds.<\/strong><\/li>\n<\/ul>\n<p>El Ple del\u00a0Conselh\u00a0Generau\u00a0d&#8217;Aran ha aprovat per unanimitat atorgar el Premi 17 de\u00a0Juny\u00a02024 a l&#8217;Associaci\u00f3 de Donants de Sang de la\u00a0Val d&#8217;Aran\u00a0en reconeixement i agra\u00efment per la seva aportaci\u00f3 i labor en favor del territori.<\/p>\n<p>&#8220;L&#8217;Associaci\u00f3 de Donants de Sang impulsen amb el seu treball valors com l&#8217;\u00e8tica garantint el respecte per la salut i la dignitat del donant i possibilitar la participaci\u00f3 en donacions de tots els estaments de la societat evidenciant durant aquests vint anys en un alt nivell de cohesi\u00f3 i implicaci\u00f3 de la societat aranesa&#8221; ha afirmat la sindica d&#8217;Aran, Maria Verg\u00e9s, i ha afegit que:&#8221; al llarg dels anys han contribu\u00eft a la salut p\u00fablica amb un projecte s\u00f2lid i durable en el temps&#8221;.<\/p>\n<p>Cal recordar que els premis 17 de Juny, que tenen un car\u00e0cter de premis nacionals a Aran, tenen com a finalitat el reconeixement i agra\u00efment anual a les persones, col\u00b7lectius o entitats que, mitjan\u00e7ant els seus m\u00e8rits han destacat pels serveis prestats a la Val d&#8217;Aran en els diversos sectors de la vida social, cultural, esportiva o econ\u00f2mica, dignificant el seu entorn i honorant a pa\u00eds.<\/p>\n<p>L&#8217;atorgament d&#8217;aquest guard\u00f3 es dur\u00e0 a terme durant l&#8217;acte institucional de la celebraci\u00f3 de la Festa d&#8217;Aran el dilluns 17 de juny a les 12.00 hores a Mijaran.<\/p>\n<p>Vielha, 12 de juny 2024<\/p>\n<p><strong>\u00a0<\/strong><\/p>\n<p><a href=\"https:\/\/www.conselharan.org\/ca\/aprovacion-premis-17-de-junh\/\" rel=\"attachment wp-att-57737\">\u00a0<\/a><\/p>\n ","protected":false},"excerpt":{"rendered":"<p>El Ple del Conselh Generau d&#8217;Aran ha aprovat per unanimitat atorgar el Premi 17 de Juny 2024 a l&#8217;Associaci\u00f3 de Donants de Sang de la Val d&#8217;Aran, pel seu foment a la participaci\u00f3 de la societat en un acte tan gener\u00f3s com suposa salvar vides o millorar l&#8217;estat de salut de les persones. Els Premis&#8230;<\/p>\n","protected":false},"author":2,"featured_media":57738,"comment_status":"closed","ping_status":"closed","sticky":false,"template":"","format":"standard","meta":{"footnotes":""},"categories":[794,53,36],"tags":[],"_links":{"self":[{"href":"https:\/\/www.conselharan.org\/ca\/wp-json\/wp\/v2\/posts\/57742"}],"collection":[{"href":"https:\/\/www.conselharan.org\/ca\/wp-json\/wp\/v2\/posts"}],"about":[{"href":"https:\/\/www.conselharan.org\/ca\/wp-json\/wp\/v2\/types\/post"}],"author":[{"embeddable":true,"href":"https:\/\/www.conselharan.org\/ca\/wp-json\/wp\/v2\/users\/2"}],"replies":[{"embeddable":true,"href":"https:\/\/www.conselharan.org\/ca\/wp-json\/wp\/v2\/comments?post=57742"}],"version-history":[{"count":2,"href":"https:\/\/www.conselharan.org\/ca\/wp-json\/wp\/v2\/posts\/57742\/revisions"}],"predecessor-version":[{"id":57749,"href":"https:\/\/www.conselharan.org\/ca\/wp-json\/wp\/v2\/posts\/57742\/revisions\/57749"}],"wp:featuredmedia":[{"embeddable":true,"href":"https:\/\/www.conselharan.org\/ca\/wp-json\/wp\/v2\/media\/57738"}],"wp:attachment":[{"href":"https:\/\/www.conselharan.org\/ca\/wp-json\/wp\/v2\/media?parent=57742"}],"wp:term":[{"taxonomy":"category","embeddable":true,"href":"https:\/\/www.conselharan.org\/ca\/wp-json\/wp\/v2\/categories?post=57742"},{"taxonomy":"post_tag","embeddable":true,"href":"https:\/\/www.conselharan.org\/ca\/wp-json\/wp\/v2\/tags?post=57742"}],"curies":[{"name":"wp","href":"https:\/\/api.w.org\/{rel}","templated":true}]}}