{"id":58332,"date":"2024-07-19T16:35:55","date_gmt":"2024-07-19T14:35:55","guid":{"rendered":"https:\/\/www.conselharan.org\/regulacion-des-accessi-e-mobilitat-tas-airaus-naturaus-dera-val-daran\/"},"modified":"2024-07-19T17:14:31","modified_gmt":"2024-07-19T15:14:31","slug":"regulacion-des-accessi-e-mobilitat-tas-airaus-naturaus-dera-val-daran","status":"publish","type":"post","link":"https:\/\/www.conselharan.org\/ca\/regulacion-des-accessi-e-mobilitat-tas-airaus-naturaus-dera-val-daran\/","title":{"rendered":"Regulaci\u00f3 dels accessos i mobilitat a les \u00e0rees naturals de la Val d\u2019Aran"},"content":{"rendered":"<p><a href=\"https:\/\/www.conselharan.org\/ca\/regulacion-des-accessi-e-mobilitat-tas-airaus-naturaus-dera-val-daran\/ftva_panneu-2\/\" rel=\"attachment wp-att-58327\"><img loading=\"lazy\" decoding=\"async\" class=\"aligncenter size-large wp-image-58327\" src=\"https:\/\/www.conselharan.org\/wp-content\/uploads\/2024\/07\/FTVA_Panneu-724x1024.jpg\" alt=\"\" width=\"724\" height=\"1024\" srcset=\"https:\/\/www.conselharan.org\/wp-content\/uploads\/2024\/07\/FTVA_Panneu-724x1024.jpg 724w, https:\/\/www.conselharan.org\/wp-content\/uploads\/2024\/07\/FTVA_Panneu-212x300.jpg 212w, https:\/\/www.conselharan.org\/wp-content\/uploads\/2024\/07\/FTVA_Panneu-768x1086.jpg 768w, https:\/\/www.conselharan.org\/wp-content\/uploads\/2024\/07\/FTVA_Panneu-1086x1536.jpg 1086w, https:\/\/www.conselharan.org\/wp-content\/uploads\/2024\/07\/FTVA_Panneu-1448x2048.jpg 1448w, https:\/\/www.conselharan.org\/wp-content\/uploads\/2024\/07\/FTVA_Panneu-scaled.jpg 1810w\" sizes=\"(max-width: 724px) 100vw, 724px\" \/><\/a><\/p>\n<p>&nbsp;<\/p>\n<ul>\n<li><strong>Es posa en marxa el nou calendari d\u2019accessibilitat a les \u00e0rees de muntanya, que ha de servir per regular el pas de vehicles i per evitar l&#8217;acumulaci\u00f3 de visitants en els indrets naturals, dins del Pla de Sostenibilitat.<\/strong><\/li>\n<\/ul>\n<p>&nbsp;<\/p>\n<p>El Conselh Generau d\u2019Aran, a trav\u00e9s de Turisme Val d\u2019Aran, ha posat en marxa el calendari de regulaci\u00f3 dels accessos\u00a0 i mobilitat a les \u00e0rees naturals d\u2019Aran.<\/p>\n<p>S\u2019ha posat en marxa el nou dispositiu de control per a les riberes de Varrad\u00f2s i l&#8217;Artiga de Lin, que s\u2019allargar\u00e0 fins al dia 1 de setembre en l&#8217;horari de deu del mat\u00ed fins als cinc de la tarda (10h-17h). A les riberes d\u2019Aiguam\u00f2g i de Valarties\u00a0 l&#8217;horari d\u2019acc\u00e9s \u00e9s a les set i mitja del mat\u00ed fins als tres i mitja de la tarda (7h30-15h30) i seran regulades fins al 8 de setembre.\u00a0 Les pistes d\u2019acc\u00e9s a la Bassa d\u2019Oles i a la Bassa d\u2019Arres s&#8217;obriran al p\u00fablic\u00a0 de manera regulada a partir del dia 29 fins al dia 1 de setembre en l&#8217;horari de les deu i mitja del mat\u00ed fins als quatre i mitja de la tarda (10h30-16h30).<\/p>\n<p>Per incrementar el servei d\u2019atenci\u00f3 al p\u00fablic, el Conselh Generau d\u2019Aran ha contractat de manera directa, per primera vegada, a onze persones pels diferents punts d\u2019informaci\u00f3.<\/p>\n<p>En l&#8217;\u00e0mbit del pla de sostenibilitat tur\u00edstica del CGA enguany s\u2019han situat sis pantalles informatives en els diferents aparcaments del medi natural, tamb\u00e9 uns sensors de pas que serveixen per comptar els vehicles. A les dues situades l&#8217;estiu del 2023 s\u2019afegeixen dues m\u00e9s, una a l&#8217;Artiga de Lin i una altra a la Bassa d\u2019Oles. Aquest pla de sostenibilitat serveix per planificar el control a les pistes per accedir pels indrets naturals i preservar el seu entorn. Els usuaris poden consultar l\u2019accessibilitat a trav\u00e9s de l\u2019app de Guidaran o a <a href=\"http:\/\/www.aparcaran.conselharan.org\">www.aparcaran.conselharan.org<\/a>.<\/p>\n<p>El conseller de Territori, Paisatge i Canvi clim\u00e0tic d\u2019Aran, Francisco Bruna, ha manifestat que :\u201dL&#8217;objectiu de la regulaci\u00f3 dels accessos a les \u00e0rees de muntanya \u00e9s millorar la seguretat i diversificar l&#8217;oferta tur\u00edstica desmasificant els indrets naturals. Aquesta \u00e9s una acci\u00f3 promoguda dins de les l\u00ednies estrat\u00e8giques del Pla de Sostenibilitat Tur\u00edstica de la Val d\u2019Aran\u201d.<\/p>\n<p>&nbsp;<\/p>\n<p>Vielha, 19 de juliol de 2024<\/p>\n<p>&nbsp;<\/p>\n<p>&nbsp;<\/p>\n<p>&nbsp;<\/p>\n ","protected":false},"excerpt":{"rendered":"<p>&nbsp; Es posa en marxa el nou calendari d\u2019accessibilitat a les \u00e0rees de muntanya, que ha de servir per regular el pas de vehicles i per evitar l&#8217;acumulaci\u00f3 de visitants en els indrets naturals, dins del Pla de Sostenibilitat. &nbsp; El Conselh Generau d\u2019Aran, a trav\u00e9s de Turisme Val d\u2019Aran, ha posat en marxa el&#8230;<\/p>\n","protected":false},"author":2,"featured_media":58328,"comment_status":"closed","ping_status":"closed","sticky":false,"template":"","format":"standard","meta":{"footnotes":""},"categories":[31,53,127,36,139],"tags":[],"_links":{"self":[{"href":"https:\/\/www.conselharan.org\/ca\/wp-json\/wp\/v2\/posts\/58332"}],"collection":[{"href":"https:\/\/www.conselharan.org\/ca\/wp-json\/wp\/v2\/posts"}],"about":[{"href":"https:\/\/www.conselharan.org\/ca\/wp-json\/wp\/v2\/types\/post"}],"author":[{"embeddable":true,"href":"https:\/\/www.conselharan.org\/ca\/wp-json\/wp\/v2\/users\/2"}],"replies":[{"embeddable":true,"href":"https:\/\/www.conselharan.org\/ca\/wp-json\/wp\/v2\/comments?post=58332"}],"version-history":[{"count":3,"href":"https:\/\/www.conselharan.org\/ca\/wp-json\/wp\/v2\/posts\/58332\/revisions"}],"predecessor-version":[{"id":58341,"href":"https:\/\/www.conselharan.org\/ca\/wp-json\/wp\/v2\/posts\/58332\/revisions\/58341"}],"wp:featuredmedia":[{"embeddable":true,"href":"https:\/\/www.conselharan.org\/ca\/wp-json\/wp\/v2\/media\/58328"}],"wp:attachment":[{"href":"https:\/\/www.conselharan.org\/ca\/wp-json\/wp\/v2\/media?parent=58332"}],"wp:term":[{"taxonomy":"category","embeddable":true,"href":"https:\/\/www.conselharan.org\/ca\/wp-json\/wp\/v2\/categories?post=58332"},{"taxonomy":"post_tag","embeddable":true,"href":"https:\/\/www.conselharan.org\/ca\/wp-json\/wp\/v2\/tags?post=58332"}],"curies":[{"name":"wp","href":"https:\/\/api.w.org\/{rel}","templated":true}]}}