{"id":58411,"date":"2024-07-24T14:25:40","date_gmt":"2024-07-24T12:25:40","guid":{"rendered":"https:\/\/www.conselharan.org\/?p=58411"},"modified":"2025-10-02T15:27:46","modified_gmt":"2025-10-02T13:27:46","slug":"comencen-els-treballs-de-descoberta-i-restauracio-de-les-pintures-murals-a-lesglesia-de-sant-julian-de-garos","status":"publish","type":"post","link":"https:\/\/www.conselharan.org\/ca\/comencen-els-treballs-de-descoberta-i-restauracio-de-les-pintures-murals-a-lesglesia-de-sant-julian-de-garos\/","title":{"rendered":"Comencen els treballs de descoberta i restauraci\u00f3 de les pintures murals a l&#8217;esgl\u00e9sia de Sant Julian de Gar\u00f2s"},"content":{"rendered":"<p><a href=\"https:\/\/www.conselharan.org\/ca\/comencen-els-treballs-de-descoberta-i-restauracio-de-les-pintures-murals-a-lesglesia-de-sant-julian-de-garos\/20240717_125552-2\/\" rel=\"attachment wp-att-58403\"><img loading=\"lazy\" decoding=\"async\" class=\"aligncenter size-large wp-image-58403\" src=\"https:\/\/www.conselharan.org\/wp-content\/uploads\/2024\/07\/20240717_125552-1024x461.jpg\" alt=\"\" width=\"1024\" height=\"461\" srcset=\"https:\/\/www.conselharan.org\/wp-content\/uploads\/2024\/07\/20240717_125552-1024x461.jpg 1024w, https:\/\/www.conselharan.org\/wp-content\/uploads\/2024\/07\/20240717_125552-300x135.jpg 300w, https:\/\/www.conselharan.org\/wp-content\/uploads\/2024\/07\/20240717_125552-768x346.jpg 768w, https:\/\/www.conselharan.org\/wp-content\/uploads\/2024\/07\/20240717_125552-1536x691.jpg 1536w, https:\/\/www.conselharan.org\/wp-content\/uploads\/2024\/07\/20240717_125552-2048x922.jpg 2048w\" sizes=\"(max-width: 1024px) 100vw, 1024px\" \/><\/a><\/p>\n<ul>\n<li>\n<h3><strong>Una intervenci\u00f3 promoguda pel Conselh Generau d&#8217;Aran en el marc d&#8217;accions previstes per a patrimoni per a l&#8217;any 2024.<\/strong><\/h3>\n<\/li>\n<\/ul>\n<p>Aquesta\u00a0setmana s&#8217;han iniciat els treballs de descoberta i restauraci\u00f3 de les pintures murals localitzades en la paret nord de l&#8217;esgl\u00e9sia de Sant\u00a0Julian\u00a0de Gar\u00f2s.<br \/>\nEls treballs, fets per restauradores de l&#8217;empresa\u00a0TdArt\u00a0Heritage\u00a0Curators, tindran una durada de tres setmanes i un cost de 18.077,40 euros. Aquesta intervenci\u00f3 ha estat promoguda pel Conselh Generau d&#8217;Aran i forma part de les accions previstes en el 2024 dins del conveni de finan\u00e7ament que mant\u00e9 amb la Diputaci\u00f3 de Lleida per a la restauraci\u00f3 de b\u00e9ns integrats del patrimoni cultural d&#8217;Aran.<\/p>\n<p>L&#8217;esgl\u00e9sia de Sant\u00a0Julian\u00a0de Gar\u00f2s ja posseeix un important conjunt de pintura mural del segle XVI que decora les voltes de l&#8217;absis, i que amb els actuals treballs en la paret nord es veur\u00e0 incrementat. Amb aquesta intervenci\u00f3 tamb\u00e9 s&#8217;incrementar\u00e0 el ja extens conjunt de pintures murals existents a la\u00a0Val d&#8217;Aran, que van des de pintures rom\u00e0niques a les d&#8217;estil g\u00f2tic i renaixentista.<\/p>\n<p>El Departament de Patrimoni del Conselh Generau d&#8217;Aran ha constatat l&#8217;exist\u00e8ncia de pintura mural sota les capes de guix que cobreixen la part meridional de l&#8217;esgl\u00e9sia de Sant Julian de Gar\u00f2s, que s&#8217;intentaran descobrir i restaurar en els pr\u00f2xims anys. Aquesta intervenci\u00f3 compta amb el sup\u00f2rt del Departament de Cultura de la Generalitat.<\/p>\n<p><a href=\"https:\/\/www.conselharan.org\/comencen-es-trabalhs-de-descaperament-e-restauracion-des-pintures-muraus-ena-gleisa-de-sant-julian-de-garos\/cultura_h3-2\/\" rel=\"attachment wp-att-64385\"><img loading=\"lazy\" decoding=\"async\" class=\"wp-image-64385 alignleft\" src=\"https:\/\/www.conselharan.org\/wp-content\/uploads\/2024\/07\/cultura_h3.jpg\" alt=\"\" width=\"177\" height=\"39\" srcset=\"https:\/\/www.conselharan.org\/wp-content\/uploads\/2024\/07\/cultura_h3.jpg 455w, https:\/\/www.conselharan.org\/wp-content\/uploads\/2024\/07\/cultura_h3-300x66.jpg 300w\" sizes=\"(max-width: 177px) 100vw, 177px\" \/><\/a><\/p>\n<p><img loading=\"lazy\" decoding=\"async\" class=\"alignleft\" src=\"https:\/\/www.diputaciolleida.cat\/wp-content\/uploads\/2014\/05\/diputacio-lleida.png\" alt=\"Diputaci\u00f3 de Lleida\" width=\"113\" height=\"44\" data-imagetype=\"External\" \/><\/p>\n<p>&nbsp;<\/p>\n<p>&nbsp;<\/p>\n<p>Vielha, 24 de juliol 2024<\/p>\n<p>&nbsp;<\/p>\n ","protected":false},"excerpt":{"rendered":"<p>Una intervenci\u00f3 promoguda pel Conselh Generau d&#8217;Aran en el marc d&#8217;accions previstes per a patrimoni per a l&#8217;any 2024. Aquesta\u00a0setmana s&#8217;han iniciat els treballs de descoberta i restauraci\u00f3 de les pintures murals localitzades en la paret nord de l&#8217;esgl\u00e9sia de Sant\u00a0Julian\u00a0de Gar\u00f2s. Els treballs, fets per restauradores de l&#8217;empresa\u00a0TdArt\u00a0Heritage\u00a0Curators, tindran una durada de tres setmanes&#8230;<\/p>\n","protected":false},"author":2,"featured_media":58403,"comment_status":"closed","ping_status":"closed","sticky":false,"template":"","format":"standard","meta":{"footnotes":""},"categories":[31,794,53,36],"tags":[],"_links":{"self":[{"href":"https:\/\/www.conselharan.org\/ca\/wp-json\/wp\/v2\/posts\/58411"}],"collection":[{"href":"https:\/\/www.conselharan.org\/ca\/wp-json\/wp\/v2\/posts"}],"about":[{"href":"https:\/\/www.conselharan.org\/ca\/wp-json\/wp\/v2\/types\/post"}],"author":[{"embeddable":true,"href":"https:\/\/www.conselharan.org\/ca\/wp-json\/wp\/v2\/users\/2"}],"replies":[{"embeddable":true,"href":"https:\/\/www.conselharan.org\/ca\/wp-json\/wp\/v2\/comments?post=58411"}],"version-history":[{"count":4,"href":"https:\/\/www.conselharan.org\/ca\/wp-json\/wp\/v2\/posts\/58411\/revisions"}],"predecessor-version":[{"id":64392,"href":"https:\/\/www.conselharan.org\/ca\/wp-json\/wp\/v2\/posts\/58411\/revisions\/64392"}],"wp:featuredmedia":[{"embeddable":true,"href":"https:\/\/www.conselharan.org\/ca\/wp-json\/wp\/v2\/media\/58403"}],"wp:attachment":[{"href":"https:\/\/www.conselharan.org\/ca\/wp-json\/wp\/v2\/media?parent=58411"}],"wp:term":[{"taxonomy":"category","embeddable":true,"href":"https:\/\/www.conselharan.org\/ca\/wp-json\/wp\/v2\/categories?post=58411"},{"taxonomy":"post_tag","embeddable":true,"href":"https:\/\/www.conselharan.org\/ca\/wp-json\/wp\/v2\/tags?post=58411"}],"curies":[{"name":"wp","href":"https:\/\/api.w.org\/{rel}","templated":true}]}}