{"id":58528,"date":"2024-07-31T14:46:00","date_gmt":"2024-07-31T12:46:00","guid":{"rendered":"https:\/\/www.conselharan.org\/comunicat-deth-conselh-generau-daran-15\/"},"modified":"2024-07-31T14:51:04","modified_gmt":"2024-07-31T12:51:04","slug":"comunicat-deth-conselh-generau-daran-15","status":"publish","type":"post","link":"https:\/\/www.conselharan.org\/ca\/comunicat-deth-conselh-generau-daran-15\/","title":{"rendered":"Comunicat del Conselh Generau d&#8217;Aran"},"content":{"rendered":"<p><a href=\"https:\/\/www.conselharan.org\/ca\/comunicat-deth-conselh-generau-daran-15\/logo-comunicats-2-2\/\" rel=\"attachment wp-att-58523\"><img loading=\"lazy\" decoding=\"async\" class=\"aligncenter size-large wp-image-58523\" src=\"https:\/\/www.conselharan.org\/wp-content\/uploads\/2024\/07\/Logo-comunicats-1024x1024.jpeg\" alt=\"\" width=\"1024\" height=\"1024\" srcset=\"https:\/\/www.conselharan.org\/wp-content\/uploads\/2024\/07\/Logo-comunicats-1024x1024.jpeg 1024w, https:\/\/www.conselharan.org\/wp-content\/uploads\/2024\/07\/Logo-comunicats-300x300.jpeg 300w, https:\/\/www.conselharan.org\/wp-content\/uploads\/2024\/07\/Logo-comunicats-150x150.jpeg 150w, https:\/\/www.conselharan.org\/wp-content\/uploads\/2024\/07\/Logo-comunicats-768x768.jpeg 768w, https:\/\/www.conselharan.org\/wp-content\/uploads\/2024\/07\/Logo-comunicats-270x270.jpeg 270w, https:\/\/www.conselharan.org\/wp-content\/uploads\/2024\/07\/Logo-comunicats-207x207.jpeg 207w, https:\/\/www.conselharan.org\/wp-content\/uploads\/2024\/07\/Logo-comunicats-75x75.jpeg 75w, https:\/\/www.conselharan.org\/wp-content\/uploads\/2024\/07\/Logo-comunicats.jpeg 1080w\" sizes=\"(max-width: 1024px) 100vw, 1024px\" \/><\/a><\/p>\n<p>A les,10.58 hores d\u2019avui, la Sala de Contr\u00f2tle d\u2019Aran ha rebut un av\u00eds mitjan\u00e7ant tel\u00e8fon 112 on s\u2019informava que un home s\u2019havia precipitat a prop del Llac dels Pois, a la Artiga de Lin.<\/p>\n<p>Fins al lloc s\u2019han despla\u00e7at 4 membres del Grup de Rescat en Muntanya (GRM) del C\u00f2s de Pompi\u00e8rs d\u2019Aran amb\u00a0 l\u2019helic\u00f2pter de rescat de la Val d\u2019Aran, una vegada al lloc s\u2019ha confirmat que la persona accidentada presentava lesions incompatibles amb la vida i s\u2019ha transferit l\u2019actuaci\u00f3 a Mossos d\u2019Esquadra per la seva investigaci\u00f3 i aixecament del cad\u00e0ver.<\/p>\n<p>En la mateixa actuaci\u00f3 s\u2019ha evacuat una persona il\u00b7lesa a l\u2019heliport de la Vielha, on s\u2019ha transferit amb una ambul\u00e0ncia dels Pompi\u00e8rs d\u2019Aran al Espitau de Vielha.<\/p>\n<p>El Conselh Generau d&#8217;Aran fa arribar les seves condolences als familiars i amics.<\/p>\n<p>&nbsp;<\/p>\n<p>Vielha, 31 de juliol de 2024<\/p>\n<p>&nbsp;<\/p>\n ","protected":false},"excerpt":{"rendered":"<p>A les,10.58 hores d\u2019avui, la Sala de Contr\u00f2tle d\u2019Aran ha rebut un av\u00eds mitjan\u00e7ant tel\u00e8fon 112 on s\u2019informava que un home s\u2019havia precipitat a prop del Llac dels Pois, a la Artiga de Lin. Fins al lloc s\u2019han despla\u00e7at 4 membres del Grup de Rescat en Muntanya (GRM) del C\u00f2s de Pompi\u00e8rs d\u2019Aran amb\u00a0 l\u2019helic\u00f2pter&#8230;<\/p>\n","protected":false},"author":2,"featured_media":58523,"comment_status":"closed","ping_status":"closed","sticky":false,"template":"","format":"standard","meta":{"footnotes":""},"categories":[31,53,146,36],"tags":[],"_links":{"self":[{"href":"https:\/\/www.conselharan.org\/ca\/wp-json\/wp\/v2\/posts\/58528"}],"collection":[{"href":"https:\/\/www.conselharan.org\/ca\/wp-json\/wp\/v2\/posts"}],"about":[{"href":"https:\/\/www.conselharan.org\/ca\/wp-json\/wp\/v2\/types\/post"}],"author":[{"embeddable":true,"href":"https:\/\/www.conselharan.org\/ca\/wp-json\/wp\/v2\/users\/2"}],"replies":[{"embeddable":true,"href":"https:\/\/www.conselharan.org\/ca\/wp-json\/wp\/v2\/comments?post=58528"}],"version-history":[{"count":3,"href":"https:\/\/www.conselharan.org\/ca\/wp-json\/wp\/v2\/posts\/58528\/revisions"}],"predecessor-version":[{"id":58533,"href":"https:\/\/www.conselharan.org\/ca\/wp-json\/wp\/v2\/posts\/58528\/revisions\/58533"}],"wp:featuredmedia":[{"embeddable":true,"href":"https:\/\/www.conselharan.org\/ca\/wp-json\/wp\/v2\/media\/58523"}],"wp:attachment":[{"href":"https:\/\/www.conselharan.org\/ca\/wp-json\/wp\/v2\/media?parent=58528"}],"wp:term":[{"taxonomy":"category","embeddable":true,"href":"https:\/\/www.conselharan.org\/ca\/wp-json\/wp\/v2\/categories?post=58528"},{"taxonomy":"post_tag","embeddable":true,"href":"https:\/\/www.conselharan.org\/ca\/wp-json\/wp\/v2\/tags?post=58528"}],"curies":[{"name":"wp","href":"https:\/\/api.w.org\/{rel}","templated":true}]}}