{"id":58690,"date":"2024-08-16T13:49:25","date_gmt":"2024-08-16T11:49:25","guid":{"rendered":"https:\/\/www.conselharan.org\/?p=58690"},"modified":"2025-10-02T15:33:20","modified_gmt":"2025-10-02T13:33:20","slug":"eth-govern-daran-presente-es-pintures-muraus-dera-gleisa-de-sant-julian-de-garos","status":"publish","type":"post","link":"https:\/\/www.conselharan.org\/ca\/eth-govern-daran-presente-es-pintures-muraus-dera-gleisa-de-sant-julian-de-garos\/","title":{"rendered":"Eth gov\u00e8rn d\u2019Aran presente es pintures muraus dera gl\u00e8isa de Sant Julian de Gar\u00f2s"},"content":{"rendered":"<h3><a href=\"https:\/\/www.conselharan.org\/eth-govern-daran-presente-es-pintures-muraus-dera-gleisa-de-sant-julian-de-garos\/inauguracion-pintures-garos-1\/\" rel=\"attachment wp-att-58691\"><img loading=\"lazy\" decoding=\"async\" class=\"aligncenter size-large wp-image-58691\" src=\"https:\/\/www.conselharan.org\/wp-content\/uploads\/2024\/08\/Inauguracion-pintures-Garos-1-1024x768.jpg\" alt=\"\" width=\"1024\" height=\"768\" srcset=\"https:\/\/www.conselharan.org\/wp-content\/uploads\/2024\/08\/Inauguracion-pintures-Garos-1-1024x768.jpg 1024w, https:\/\/www.conselharan.org\/wp-content\/uploads\/2024\/08\/Inauguracion-pintures-Garos-1-300x225.jpg 300w, https:\/\/www.conselharan.org\/wp-content\/uploads\/2024\/08\/Inauguracion-pintures-Garos-1-768x576.jpg 768w, https:\/\/www.conselharan.org\/wp-content\/uploads\/2024\/08\/Inauguracion-pintures-Garos-1-1536x1152.jpg 1536w, https:\/\/www.conselharan.org\/wp-content\/uploads\/2024\/08\/Inauguracion-pintures-Garos-1-2048x1536.jpg 2048w\" sizes=\"(max-width: 1024px) 100vw, 1024px\" \/><\/a><\/h3>\n<ul>\n<li>\n<h3><strong>Era sindica d\u2019Aran a inaugurat aguest maitin aguesta intervencion amiada a t\u00e8rme a trau\u00e8s der airau de patrim\u00f2ni deth Conselh Generau d\u2019Aran e qu\u2019a tr\u00e8t ara lum ua part des pintures d\u2019aguesta gl\u00e8isa que se relacionen damb es dej\u00e0 existentes ena gl\u00e8isa de Santa Eul\u00e0ria d\u2019Unha. <\/strong><\/h3>\n<\/li>\n<\/ul>\n<p>Era sindica d\u2019Aran, Maria Verg\u00e9s, amassa damb eth conselh\u00e8r de torisme e promocion economica, Josep Canut, a presentat au\u00e9 era descub\u00e8rta des pintures muraus dera gl\u00e8isa de Sant Julian de Gar\u00f2s, qu\u2019an vist era lum demp\u00fas des trabalhs amiadi a t\u00e8rme laguens deth programa d\u2019intervencion en patrim\u00f2ni dera maxima institucion aranesa.<\/p>\n<p>Er acte inaugurau s\u2019a h\u00e8t a co\u00efncidir damb era h\u00e8sta locau de Sant R\u00f2c, a on Elisa Ros, exp\u00e8rta en patrim\u00f2ni, a explicat as assistents es detalhs d\u2019aguesta descub\u00e8rta, que la relacionen damb es m\u00e8stres que s\u2019atribu\u00edssen as pintures dera gl\u00e8isa d\u2019Unha.<\/p>\n<p>Es trebalhs de descaperament e restauracion des pintures muraus s\u2019encetauen h\u00e8 un mes, demp\u00fas d\u2019auer estat localizades ena paret n\u00f2rd dera gl\u00e8isa romanica, uns trabalhs realizadi pes restauradores dera empresa TdArt Heritage Curators, e qu\u2019an auut un c\u00f2st de 18.077,40 euros.\u00a0 Aguesta intervencion a estat\u00a0 promoiguda peth Conselh Generau d\u2019Aran, e ei part des accions previstes en 2024 laguens deth conv\u00e8ni de finan\u00e7ament qu\u2019a tamb era Deputacion\u00a0de Lh\u00e8ida entara restauracion de bens deth patrim\u00f2ni culturau d\u2019Aran.<\/p>\n<p><a href=\"https:\/\/www.conselharan.org\/eth-govern-daran-presente-es-pintures-muraus-dera-gleisa-de-sant-julian-de-garos\/inauguracion-pintures-garos-2\/\" rel=\"attachment wp-att-58694\"><img loading=\"lazy\" decoding=\"async\" class=\"aligncenter size-large wp-image-58694\" src=\"https:\/\/www.conselharan.org\/wp-content\/uploads\/2024\/08\/Inauguracion-pintures-Garos-2-1024x768.jpg\" alt=\"\" width=\"1024\" height=\"768\" srcset=\"https:\/\/www.conselharan.org\/wp-content\/uploads\/2024\/08\/Inauguracion-pintures-Garos-2-1024x768.jpg 1024w, https:\/\/www.conselharan.org\/wp-content\/uploads\/2024\/08\/Inauguracion-pintures-Garos-2-300x225.jpg 300w, https:\/\/www.conselharan.org\/wp-content\/uploads\/2024\/08\/Inauguracion-pintures-Garos-2-768x576.jpg 768w, https:\/\/www.conselharan.org\/wp-content\/uploads\/2024\/08\/Inauguracion-pintures-Garos-2-1536x1152.jpg 1536w, https:\/\/www.conselharan.org\/wp-content\/uploads\/2024\/08\/Inauguracion-pintures-Garos-2-2048x1536.jpg 2048w\" sizes=\"(max-width: 1024px) 100vw, 1024px\" \/><\/a><\/p>\n<p><em>\u201cEra descub\u00e8rta d\u2019aguestes pintures ei un exemple m\u00e8s deth niv\u00e8u deth patrim\u00f2ni aran\u00e9s e dera sua qualitat qu\u2019evid\u00e9ncie qu\u2019era Val d\u2019Aran a un gran potenciau en aguest encastre\u201d declaraue era sindica d\u2019Aran, que higie que \u201cera ap\u00f2sta deth gov\u00e8rn d\u2019Aran pera preservacion der auviatge culturau e patrimoniau aran\u00e9s ei clara e f\u00e8rma, e ei per aquer\u00f2 qu\u2019aguesta intervencion en Gar\u00f2s ei ua prum\u00e8ra fasa de d\u2019autes que n\u2019an de seguir ent\u00e0 acabar de descurbir era r\u00e8sta des pintures presentes en aguesta gl\u00e8isa\u201d.<\/em><\/p>\n<p><a href=\"https:\/\/www.conselharan.org\/eth-govern-daran-presente-es-pintures-muraus-dera-gleisa-de-sant-julian-de-garos\/inauguracion-pintures-garos-3\/\" rel=\"attachment wp-att-58697\"><img loading=\"lazy\" decoding=\"async\" class=\"aligncenter size-large wp-image-58697\" src=\"https:\/\/www.conselharan.org\/wp-content\/uploads\/2024\/08\/Inauguracion-pintures-Garos-3-1024x768.jpg\" alt=\"\" width=\"1024\" height=\"768\" srcset=\"https:\/\/www.conselharan.org\/wp-content\/uploads\/2024\/08\/Inauguracion-pintures-Garos-3-1024x768.jpg 1024w, https:\/\/www.conselharan.org\/wp-content\/uploads\/2024\/08\/Inauguracion-pintures-Garos-3-300x225.jpg 300w, https:\/\/www.conselharan.org\/wp-content\/uploads\/2024\/08\/Inauguracion-pintures-Garos-3-768x576.jpg 768w, https:\/\/www.conselharan.org\/wp-content\/uploads\/2024\/08\/Inauguracion-pintures-Garos-3-1536x1152.jpg 1536w, https:\/\/www.conselharan.org\/wp-content\/uploads\/2024\/08\/Inauguracion-pintures-Garos-3-2048x1536.jpg 2048w\" sizes=\"(max-width: 1024px) 100vw, 1024px\" \/><\/a><\/p>\n<p>Era gl\u00e8isa de Sant Julian de Gar\u00f2s ja possed\u00eds un important conjunt de pintura\u00a0murau deth s\u00e8gle XVI que dec\u00f2re es v\u00f2utes dera absida, e que\u00a0damb es actuaus trabalhs ena paret n\u00f2rd, se ve incrementat.<\/p>\n<p>En aguest sens, era intervencion a constatat era exist\u00e9ncia de pintura murau dej\u00f3s des coches de caudia e plastre que curbissen era paret meridionau dera gl\u00e8isa de Sant Julian de Gar\u00f2s, que se sajar\u00e0n de descaperar e restaurar en pr\u00f2pl\u00e8us actuacions. Aguesta actuacion a compdat damb eth sup\u00f2rt deth Departament de Cultura dera Generalitat de Catalunya.<\/p>\n<p><a href=\"https:\/\/www.conselharan.org\/comencen-es-trabalhs-de-descaperament-e-restauracion-des-pintures-muraus-ena-gleisa-de-sant-julian-de-garos\/cultura_h3-2\/\" rel=\"attachment wp-att-64385\"><img loading=\"lazy\" decoding=\"async\" class=\"wp-image-64385 alignleft\" src=\"https:\/\/www.conselharan.org\/wp-content\/uploads\/2024\/07\/cultura_h3.jpg\" alt=\"\" width=\"177\" height=\"39\" srcset=\"https:\/\/www.conselharan.org\/wp-content\/uploads\/2024\/07\/cultura_h3.jpg 455w, https:\/\/www.conselharan.org\/wp-content\/uploads\/2024\/07\/cultura_h3-300x66.jpg 300w\" sizes=\"(max-width: 177px) 100vw, 177px\" \/><\/a><\/p>\n<p><img loading=\"lazy\" decoding=\"async\" class=\"alignleft\" src=\"https:\/\/www.diputaciolleida.cat\/wp-content\/uploads\/2014\/05\/diputacio-lleida.png\" alt=\"Diputaci\u00f3 de Lleida\" width=\"113\" height=\"44\" data-imagetype=\"External\" \/><\/p>\n<p>&nbsp;<\/p>\n<p>&nbsp;<\/p>\n<p>Vielha, 16 d\u2019agost 2024<\/p>\n ","protected":false},"excerpt":{"rendered":"<p>Era sindica d\u2019Aran a inaugurat aguest maitin aguesta intervencion amiada a t\u00e8rme a trau\u00e8s der airau de patrim\u00f2ni deth Conselh Generau d\u2019Aran e qu\u2019a tr\u00e8t ara lum ua part des pintures d\u2019aguesta gl\u00e8isa que se relacionen damb es dej\u00e0 existentes ena gl\u00e8isa de Santa Eul\u00e0ria d\u2019Unha. Era sindica d\u2019Aran, Maria Verg\u00e9s, amassa damb eth conselh\u00e8r&#8230;<\/p>\n","protected":false},"author":2,"featured_media":58691,"comment_status":"closed","ping_status":"closed","sticky":false,"template":"","format":"standard","meta":{"footnotes":""},"categories":[29,51,35,140],"tags":[],"_links":{"self":[{"href":"https:\/\/www.conselharan.org\/ca\/wp-json\/wp\/v2\/posts\/58690"}],"collection":[{"href":"https:\/\/www.conselharan.org\/ca\/wp-json\/wp\/v2\/posts"}],"about":[{"href":"https:\/\/www.conselharan.org\/ca\/wp-json\/wp\/v2\/types\/post"}],"author":[{"embeddable":true,"href":"https:\/\/www.conselharan.org\/ca\/wp-json\/wp\/v2\/users\/2"}],"replies":[{"embeddable":true,"href":"https:\/\/www.conselharan.org\/ca\/wp-json\/wp\/v2\/comments?post=58690"}],"version-history":[{"count":4,"href":"https:\/\/www.conselharan.org\/ca\/wp-json\/wp\/v2\/posts\/58690\/revisions"}],"predecessor-version":[{"id":64396,"href":"https:\/\/www.conselharan.org\/ca\/wp-json\/wp\/v2\/posts\/58690\/revisions\/64396"}],"wp:featuredmedia":[{"embeddable":true,"href":"https:\/\/www.conselharan.org\/ca\/wp-json\/wp\/v2\/media\/58691"}],"wp:attachment":[{"href":"https:\/\/www.conselharan.org\/ca\/wp-json\/wp\/v2\/media?parent=58690"}],"wp:term":[{"taxonomy":"category","embeddable":true,"href":"https:\/\/www.conselharan.org\/ca\/wp-json\/wp\/v2\/categories?post=58690"},{"taxonomy":"post_tag","embeddable":true,"href":"https:\/\/www.conselharan.org\/ca\/wp-json\/wp\/v2\/tags?post=58690"}],"curies":[{"name":"wp","href":"https:\/\/api.w.org\/{rel}","templated":true}]}}