{"id":58779,"date":"2024-08-22T14:34:27","date_gmt":"2024-08-22T12:34:27","guid":{"rendered":"https:\/\/www.conselharan.org\/?p=58779"},"modified":"2024-08-22T14:34:27","modified_gmt":"2024-08-22T12:34:27","slug":"el-conselh-generau-daran-obre-les-inscripcions-per-a-examinar-se-per-lliure-de-les-proves-oficials-daranes-per-a-la-convocatoria-de-setembre","status":"publish","type":"post","link":"https:\/\/www.conselharan.org\/ca\/el-conselh-generau-daran-obre-les-inscripcions-per-a-examinar-se-per-lliure-de-les-proves-oficials-daranes-per-a-la-convocatoria-de-setembre\/","title":{"rendered":"El Conselh Generau d&#8217;Aran obre les inscripcions per a examinar-se per lliure de les proves oficials d&#8217;aran\u00e8s per a la convocat\u00f2ria de setembre"},"content":{"rendered":"<p><a href=\"https:\/\/www.conselharan.org\/ca\/el-conselh-generau-daran-obre-les-inscripcions-per-a-examinar-se-per-lliure-de-les-proves-oficials-daranes-per-a-la-convocatoria-de-setembre\/imatge-examen-aranes-2\/\" rel=\"attachment wp-att-58771\"><img loading=\"lazy\" decoding=\"async\" class=\"aligncenter size-large wp-image-58771\" src=\"https:\/\/www.conselharan.org\/wp-content\/uploads\/2024\/08\/imatge-examen-aranes-1024x1024.jpg\" alt=\"\" width=\"1024\" height=\"1024\" srcset=\"https:\/\/www.conselharan.org\/wp-content\/uploads\/2024\/08\/imatge-examen-aranes-1024x1024.jpg 1024w, https:\/\/www.conselharan.org\/wp-content\/uploads\/2024\/08\/imatge-examen-aranes-300x300.jpg 300w, https:\/\/www.conselharan.org\/wp-content\/uploads\/2024\/08\/imatge-examen-aranes-150x150.jpg 150w, https:\/\/www.conselharan.org\/wp-content\/uploads\/2024\/08\/imatge-examen-aranes-768x768.jpg 768w, https:\/\/www.conselharan.org\/wp-content\/uploads\/2024\/08\/imatge-examen-aranes-270x270.jpg 270w, https:\/\/www.conselharan.org\/wp-content\/uploads\/2024\/08\/imatge-examen-aranes-207x207.jpg 207w, https:\/\/www.conselharan.org\/wp-content\/uploads\/2024\/08\/imatge-examen-aranes-75x75.jpg 75w, https:\/\/www.conselharan.org\/wp-content\/uploads\/2024\/08\/imatge-examen-aranes.jpg 1080w\" sizes=\"(max-width: 1024px) 100vw, 1024px\" \/><\/a><\/p>\n<p>A partir de les <strong>9 del mat\u00ed del dilluns, dia 26, i fins al divendres 30 d&#8217;agost<\/strong> s&#8217;obriran les sol\u00b7licituds d&#8217;inscripci\u00f3 en aquest enlla\u00e7 (<a href=\"https:\/\/aranes.conselharan.org\/corsi-daranes\/\">https:\/\/aranes.conselharan.org\/corsi-daranes\/<\/a>) que els dirigeix al formulari, que hauran d&#8217;emplenar per a posteriorment fer el pagament de la tasa d&#8217;examen, amb l&#8217;aportaci\u00f3 del document justificatiu corresponent, si \u00e9s necessari, o manar-lo adjunt amb la sol\u00b7licitud.<\/p>\n<p>Us recordem que aquestes inscripcions s\u00f3n per a persones que no han fet els cursos d&#8217;aran\u00e8s aquest any, o per als que no van aprofitar la primera convocat\u00f2ria (de maig-juny), que vulguin obtenir <strong>el t\u00edtol acreditatiu i oficial de coneixements de l&#8217;aran\u00e8s<\/strong> en els nivells A1, A2, B1, B2 i C1.<\/p>\n<p>Les proves orals i escrites es faran a Vielha, en la seu del Conselh Generau d&#8217;Aran, els dies <strong>3, 4 i 5 de setembre<\/strong>, a partir de les deu del mat\u00ed.<\/p>\n<p>(<a href=\"https:\/\/aranes.conselharan.org\/wp-content\/uploads\/2024\/05\/ANUNCI_EDICTEBOP_Modificacions_Mai2024.pdf\">https:\/\/aranes.conselharan.org\/wp-content\/uploads\/2024\/05\/ANUNCI_EDICTEBOP_Modificacions_Mai2024.pdf<\/a>).<\/p>\n<p>&nbsp;<\/p>\n<p>Vielha, 22 d\u2019agost 2024<\/p>\n ","protected":false},"excerpt":{"rendered":"<p>A partir de les 9 del mat\u00ed del dilluns, dia 26, i fins al divendres 30 d&#8217;agost s&#8217;obriran les sol\u00b7licituds d&#8217;inscripci\u00f3 en aquest enlla\u00e7 (https:\/\/aranes.conselharan.org\/corsi-daranes\/) que els dirigeix al formulari, que hauran d&#8217;emplenar per a posteriorment fer el pagament de la tasa d&#8217;examen, amb l&#8217;aportaci\u00f3 del document justificatiu corresponent, si \u00e9s necessari, o manar-lo adjunt&#8230;<\/p>\n","protected":false},"author":2,"featured_media":58771,"comment_status":"closed","ping_status":"closed","sticky":false,"template":"","format":"standard","meta":{"footnotes":""},"categories":[31,53,133,36],"tags":[],"_links":{"self":[{"href":"https:\/\/www.conselharan.org\/ca\/wp-json\/wp\/v2\/posts\/58779"}],"collection":[{"href":"https:\/\/www.conselharan.org\/ca\/wp-json\/wp\/v2\/posts"}],"about":[{"href":"https:\/\/www.conselharan.org\/ca\/wp-json\/wp\/v2\/types\/post"}],"author":[{"embeddable":true,"href":"https:\/\/www.conselharan.org\/ca\/wp-json\/wp\/v2\/users\/2"}],"replies":[{"embeddable":true,"href":"https:\/\/www.conselharan.org\/ca\/wp-json\/wp\/v2\/comments?post=58779"}],"version-history":[{"count":2,"href":"https:\/\/www.conselharan.org\/ca\/wp-json\/wp\/v2\/posts\/58779\/revisions"}],"predecessor-version":[{"id":58781,"href":"https:\/\/www.conselharan.org\/ca\/wp-json\/wp\/v2\/posts\/58779\/revisions\/58781"}],"wp:featuredmedia":[{"embeddable":true,"href":"https:\/\/www.conselharan.org\/ca\/wp-json\/wp\/v2\/media\/58771"}],"wp:attachment":[{"href":"https:\/\/www.conselharan.org\/ca\/wp-json\/wp\/v2\/media?parent=58779"}],"wp:term":[{"taxonomy":"category","embeddable":true,"href":"https:\/\/www.conselharan.org\/ca\/wp-json\/wp\/v2\/categories?post=58779"},{"taxonomy":"post_tag","embeddable":true,"href":"https:\/\/www.conselharan.org\/ca\/wp-json\/wp\/v2\/tags?post=58779"}],"curies":[{"name":"wp","href":"https:\/\/api.w.org\/{rel}","templated":true}]}}