{"id":58880,"date":"2024-08-29T15:46:23","date_gmt":"2024-08-29T13:46:23","guid":{"rendered":"https:\/\/www.conselharan.org\/?p=58880"},"modified":"2024-08-29T15:48:05","modified_gmt":"2024-08-29T13:48:05","slug":"comunicat-del-conselh-generau-daran-7","status":"publish","type":"post","link":"https:\/\/www.conselharan.org\/ca\/comunicat-del-conselh-generau-daran-7\/","title":{"rendered":"Comunicat del Conselh Generau d&#8217;Aran"},"content":{"rendered":"<p><a href=\"https:\/\/www.conselharan.org\/ca\/comunicat-oficiau-2\/\"><img loading=\"lazy\" decoding=\"async\" class=\"aligncenter size-large wp-image-58868\" src=\"https:\/\/www.conselharan.org\/wp-content\/uploads\/2024\/08\/COMUNICAT-OFICIAU-1024x1024.png\" alt=\"\" width=\"1024\" height=\"1024\" srcset=\"https:\/\/www.conselharan.org\/wp-content\/uploads\/2024\/08\/COMUNICAT-OFICIAU-1024x1024.png 1024w, https:\/\/www.conselharan.org\/wp-content\/uploads\/2024\/08\/COMUNICAT-OFICIAU-300x300.png 300w, https:\/\/www.conselharan.org\/wp-content\/uploads\/2024\/08\/COMUNICAT-OFICIAU-150x150.png 150w, https:\/\/www.conselharan.org\/wp-content\/uploads\/2024\/08\/COMUNICAT-OFICIAU-768x768.png 768w, https:\/\/www.conselharan.org\/wp-content\/uploads\/2024\/08\/COMUNICAT-OFICIAU-1536x1536.png 1536w, https:\/\/www.conselharan.org\/wp-content\/uploads\/2024\/08\/COMUNICAT-OFICIAU-2048x2048.png 2048w, https:\/\/www.conselharan.org\/wp-content\/uploads\/2024\/08\/COMUNICAT-OFICIAU-270x270.png 270w, https:\/\/www.conselharan.org\/wp-content\/uploads\/2024\/08\/COMUNICAT-OFICIAU-207x207.png 207w, https:\/\/www.conselharan.org\/wp-content\/uploads\/2024\/08\/COMUNICAT-OFICIAU-75x75.png 75w\" sizes=\"(max-width: 1024px) 100vw, 1024px\" \/><\/a><\/p>\n<p>Avui dijous, 29 d&#8217;agost, a les 10,30 hores, la sala de control d&#8217;Aran ha rebut un av\u00eds a trav\u00e9s del tel\u00e8fon 112 on s&#8217;informava d&#8217;una emerg\u00e8ncia on hi havia un menor implicat.<\/p>\n<p>Fins a la zona s&#8217;ha despla\u00e7at una dotaci\u00f3 de 5 bombers en dos vehicles\u00a0 d&#8217;Emerg\u00e8ncies de la Val d&#8217;Aran juntament amb un equip del SEM, un metge i una infermera del Espitau Val d&#8217;Aran i un helic\u00f2pter.<\/p>\n<p>Els Mossos d&#8217;Esquadra s&#8217;han despla\u00e7at fins a Art\u00edes, on s&#8217;ha procedit al tall de la C-28 en els dos sentits de la cal\u00e7ada.<\/p>\n<p>El personal sanitari ha determinat que el menor patia una hemorr\u00e0gia i han constatat que entrava en parada card\u00edaca, s&#8217;ha verificat que les lesions que patia eren incompatibles amb la vida.<\/p>\n<p>El Conselh Generau d&#8217;Aran, Pompi\u00e8rs Val d&#8217;Aran i Aran Salut fan arribar els seus condols a familiars i amics.<\/p>\n ","protected":false},"excerpt":{"rendered":"<p>Avui dijous, 29 d&#8217;agost, a les 10,30 hores, la sala de control d&#8217;Aran ha rebut un av\u00eds a trav\u00e9s del tel\u00e8fon 112 on s&#8217;informava d&#8217;una emerg\u00e8ncia on hi havia un menor implicat. Fins a la zona s&#8217;ha despla\u00e7at una dotaci\u00f3 de 5 bombers en dos vehicles\u00a0 d&#8217;Emerg\u00e8ncies de la Val d&#8217;Aran juntament amb un equip&#8230;<\/p>\n","protected":false},"author":2,"featured_media":58868,"comment_status":"closed","ping_status":"closed","sticky":false,"template":"","format":"standard","meta":{"footnotes":""},"categories":[31,53,33,146,805,36],"tags":[],"_links":{"self":[{"href":"https:\/\/www.conselharan.org\/ca\/wp-json\/wp\/v2\/posts\/58880"}],"collection":[{"href":"https:\/\/www.conselharan.org\/ca\/wp-json\/wp\/v2\/posts"}],"about":[{"href":"https:\/\/www.conselharan.org\/ca\/wp-json\/wp\/v2\/types\/post"}],"author":[{"embeddable":true,"href":"https:\/\/www.conselharan.org\/ca\/wp-json\/wp\/v2\/users\/2"}],"replies":[{"embeddable":true,"href":"https:\/\/www.conselharan.org\/ca\/wp-json\/wp\/v2\/comments?post=58880"}],"version-history":[{"count":2,"href":"https:\/\/www.conselharan.org\/ca\/wp-json\/wp\/v2\/posts\/58880\/revisions"}],"predecessor-version":[{"id":58882,"href":"https:\/\/www.conselharan.org\/ca\/wp-json\/wp\/v2\/posts\/58880\/revisions\/58882"}],"wp:featuredmedia":[{"embeddable":true,"href":"https:\/\/www.conselharan.org\/ca\/wp-json\/wp\/v2\/media\/58868"}],"wp:attachment":[{"href":"https:\/\/www.conselharan.org\/ca\/wp-json\/wp\/v2\/media?parent=58880"}],"wp:term":[{"taxonomy":"category","embeddable":true,"href":"https:\/\/www.conselharan.org\/ca\/wp-json\/wp\/v2\/categories?post=58880"},{"taxonomy":"post_tag","embeddable":true,"href":"https:\/\/www.conselharan.org\/ca\/wp-json\/wp\/v2\/tags?post=58880"}],"curies":[{"name":"wp","href":"https:\/\/api.w.org\/{rel}","templated":true}]}}