{"id":58946,"date":"2024-09-04T18:11:04","date_gmt":"2024-09-04T16:11:04","guid":{"rendered":"https:\/\/www.conselharan.org\/?p=58946"},"modified":"2024-09-04T18:11:05","modified_gmt":"2024-09-04T16:11:05","slug":"la-sindica-daran-sol%c2%b7licita-la-seva-compareixenca-en-el-parlament-de-catalunya","status":"publish","type":"post","link":"https:\/\/www.conselharan.org\/ca\/la-sindica-daran-sol%c2%b7licita-la-seva-compareixenca-en-el-parlament-de-catalunya\/","title":{"rendered":"La s\u00edndica d&#8217;Aran sol\u00b7licita la seva compareixen\u00e7a en el Parlament de Catalunya"},"content":{"rendered":"<p><b><\/b><b><a href=\"https:\/\/www.conselharan.org\/ca\/la-sindica-daran-sol%c2%b7licita-la-seva-compareixenca-en-el-parlament-de-catalunya\/parlament-de-catalunya-2\/\" rel=\"attachment wp-att-58935\"><img loading=\"lazy\" decoding=\"async\" class=\"aligncenter size-large wp-image-58935\" src=\"https:\/\/www.conselharan.org\/wp-content\/uploads\/2024\/09\/Parlament-de-Catalunya-1024x683.png\" alt=\"\" width=\"1024\" height=\"683\" srcset=\"https:\/\/www.conselharan.org\/wp-content\/uploads\/2024\/09\/Parlament-de-Catalunya-1024x683.png 1024w, https:\/\/www.conselharan.org\/wp-content\/uploads\/2024\/09\/Parlament-de-Catalunya-300x200.png 300w, https:\/\/www.conselharan.org\/wp-content\/uploads\/2024\/09\/Parlament-de-Catalunya-768x512.png 768w, https:\/\/www.conselharan.org\/wp-content\/uploads\/2024\/09\/Parlament-de-Catalunya.png 1200w\" sizes=\"(max-width: 1024px) 100vw, 1024px\" \/><\/a><\/b>Imatge: Parlament<\/p>\n<h3><b><\/b><b>Maria Verg\u00e9s, s\u00edndica d&#8217;Aran, s&#8217;ha dirigit al president del Parlament, Josep Rull, per a marcar una data de la compareixen\u00e7a anual, aix\u00ed com contempla la Llei de R\u00e8gim Especial d&#8217;Aran, insistint en la necessitat qu&#8217;aquesta compareixen\u00e7a es dugui a terme en el nucli del ple d&#8217;aquesta cambra per a convertir en un debat en qu\u00e8 els mateixos parlamentaris puguin presentar resolucions sobre aquest tema fent un pas m\u00e9s en el reconeixement i desenvolupament institucional d&#8217;Aran.<\/b><b>\u00a0<\/b><\/h3>\n<h3><\/h3>\n<p>&nbsp;<\/p>\n<h3><b>La Llei d&#8217;Aran de 2015 contempla que, almenys una vegada a l&#8217;any, s&#8217;ha de celebrar un debat entorn de la situaci\u00f3 d&#8217;Aran i el desenvolupament del seu autogovern en la cambra catalana, un fet que es va desenvolupant del 2020 fins ara.<\/b><\/h3>\n<p>&nbsp;<\/p>\n<p>La s\u00edndica d&#8217;Aran, Maria Verg\u00e9s, s&#8217;ha dirigit per carta al president del Parlament de Catalunya, Josep Rull, per a sol\u00b7licitar la seva compareixen\u00e7a anual per a l&#8217;\u00faltim trimestre de l&#8217;any. Aix\u00ed mateix, ha instat de nou perqu\u00e8 aquest es pugui dur a terme en el nucli del propi Parlament amb l&#8217;objectiu d&#8217;aconseguir un veritable debat on els mateixos grups parlamentaris puguin donar resolucions respecte a la situaci\u00f3 actual del territori i les seves necessitats de futur, contemplades en la Llei de R\u00e8gim Especial d&#8217;Aran, fent un pas m\u00e9s en el reconeixement i desenvolupament institucional.<\/p>\n<p>La Llei de R\u00e8gim Especial d&#8217;Aran de 2015, en l&#8217;article 80.2 contempla que: &#8220;almenys una vegada a l&#8217;any s&#8217;ha de celebrar un debat sobre la situaci\u00f3 d&#8217;Aran i el desenvolupament del seu autogovern en la comissi\u00f3 parlament\u00e0ria corresponent que ha d&#8217;iniciar amb una exposici\u00f3 del s\u00edndic o s\u00edndica d&#8217;Aran tal com dicta la llei&#8221;.<\/p>\n<p>En la seva missiva, Maria Verg\u00e9s, assegurava que: &#8220;aquest debat \u00e9s un fet primordial per a Aran i la seva m\u00e0xima instituci\u00f3, ja que ens permet donar a con\u00e8ixer com \u00e9s la situaci\u00f3 institucional actual en el desenvolupament de la Llei d&#8217;Aran en el territori i les seves necessitats de futur, d&#8217;aqu\u00ed la import\u00e0ncia perqu\u00e8 aquesta intervenci\u00f3 es pugui desenvolupar en aquests termes&#8221;.<\/p>\n<p>Aquesta compareixen\u00e7a, reconeguda en la modificaci\u00f3 de la Llei d&#8217;Aran en el 2015, que es va dur a terme, per primera vegada en el 2020 amb el s\u00edndic Franc\u00e9s Boya, serveix per a obrir un debat expositiu en mat\u00e8ries primordials per al territori com la llengua, sanitat o habitatge a m\u00e9s de tractar el desplegament de la Llei de R\u00e8gim Especial d&#8217;Aran i l&#8217;estat de les compet\u00e8ncies que depenen de la mateixa Generalitat de Catalunya a espera del seu trasp\u00e0s definitiu al govern aran\u00e8s, a m\u00e9s de presentar l&#8217;estat i desenvolupament de l&#8217;autogovern de la Val d&#8217;Aran.<\/p>\n ","protected":false},"excerpt":{"rendered":"<p>Imatge: Parlament Maria Verg\u00e9s, s\u00edndica d&#8217;Aran, s&#8217;ha dirigit al president del Parlament, Josep Rull, per a marcar una data de la compareixen\u00e7a anual, aix\u00ed com contempla la Llei de R\u00e8gim Especial d&#8217;Aran, insistint en la necessitat qu&#8217;aquesta compareixen\u00e7a es dugui a terme en el nucli del ple d&#8217;aquesta cambra per a convertir en un debat&#8230;<\/p>\n","protected":false},"author":2,"featured_media":58935,"comment_status":"closed","ping_status":"closed","sticky":false,"template":"","format":"standard","meta":{"footnotes":""},"categories":[31,53,33,36],"tags":[],"_links":{"self":[{"href":"https:\/\/www.conselharan.org\/ca\/wp-json\/wp\/v2\/posts\/58946"}],"collection":[{"href":"https:\/\/www.conselharan.org\/ca\/wp-json\/wp\/v2\/posts"}],"about":[{"href":"https:\/\/www.conselharan.org\/ca\/wp-json\/wp\/v2\/types\/post"}],"author":[{"embeddable":true,"href":"https:\/\/www.conselharan.org\/ca\/wp-json\/wp\/v2\/users\/2"}],"replies":[{"embeddable":true,"href":"https:\/\/www.conselharan.org\/ca\/wp-json\/wp\/v2\/comments?post=58946"}],"version-history":[{"count":14,"href":"https:\/\/www.conselharan.org\/ca\/wp-json\/wp\/v2\/posts\/58946\/revisions"}],"predecessor-version":[{"id":58960,"href":"https:\/\/www.conselharan.org\/ca\/wp-json\/wp\/v2\/posts\/58946\/revisions\/58960"}],"wp:featuredmedia":[{"embeddable":true,"href":"https:\/\/www.conselharan.org\/ca\/wp-json\/wp\/v2\/media\/58935"}],"wp:attachment":[{"href":"https:\/\/www.conselharan.org\/ca\/wp-json\/wp\/v2\/media?parent=58946"}],"wp:term":[{"taxonomy":"category","embeddable":true,"href":"https:\/\/www.conselharan.org\/ca\/wp-json\/wp\/v2\/categories?post=58946"},{"taxonomy":"post_tag","embeddable":true,"href":"https:\/\/www.conselharan.org\/ca\/wp-json\/wp\/v2\/tags?post=58946"}],"curies":[{"name":"wp","href":"https:\/\/api.w.org\/{rel}","templated":true}]}}